{"id":45230,"date":"2022-10-01T16:00:53","date_gmt":"2022-10-01T14:00:53","guid":{"rendered":"https:\/\/www.vidademadrid.com\/es\/?p=45230"},"modified":"2022-10-27T15:45:43","modified_gmt":"2022-10-27T13:45:43","slug":"agenda-octubre-2022-madrid","status":"publish","type":"post","link":"https:\/\/www.vidademadrid.com\/es\/45230\/agenda-octubre-2022-madrid\/","title":{"rendered":"Agenda de octubre 2022 en Madrid"},"content":{"rendered":"<p>Llega <strong>octubre 2022<\/strong> y Madrid se llena a\u00fan m\u00e1s de eventos y nuevos planes para hacer: exposiciones, teatros, mercadillos, m\u00fasica, iniciativas especiales y mucho m\u00e1s, que como siempre recopilamos en la agenda del mes de Vida de Madrid. Recuerda que esta p\u00e1gina se actualiza todos los d\u00edas y est\u00e1 siempre disponible en <a href=\"http:\/\/www.vidademadrid.com\/agenda\"><strong>vidademadrid.com\/agenda<\/strong><\/a> .<\/p>\n<p>A continuaci\u00f3n ten\u00e9is tres secciones: la agenda de los <strong>planes por d\u00eda de octubre 2022 en Madrid<\/strong>; la agenda de los planes disponibles durante todo el mes; y la agenda de los planes ya en programa a partir de noviembre.<\/p>\n<p><em>\u00bfFalta alg\u00fan plan? Escr\u00edbenos a info@vidademadrid.com o publicidad@vidademadrid.com .<\/em><\/p>\n<h2><span id=\"Agenda-por-dia-de-mayo-2022-en-Madrid\">Agenda por d\u00eda de octubre 2022 en Madrid<\/span><\/h2>\n<p><script async=\"\" src=\"https:\/\/pagead2.googlesyndication.com\/pagead\/js\/adsbygoogle.js\"><\/script> <ins class=\"adsbygoogle\" style=\"display: block; text-align: center;\" data-ad-layout=\"in-article\" data-ad-format=\"fluid\" data-ad-client=\"ca-pub-7450064428034605\" data-ad-slot=\"5670045061\"><\/ins> <script>(adsbygoogle = window.adsbygoogle || []).push({});<\/script><\/p>\n<ul>\n<li>1 de octubre:\u00a0<a href=\"https:\/\/www.vidademadrid.com\/es\/45067\/isa-restaurant-cocktail-bar-four-seasons-hotel-madrid-guest-bartending\/\">Evento Guest Bartending con Federico Balzarini en la cocteler\u00eda de Four Seasons Hotel Madrid<\/a><\/li>\n<li>Termina el 1 de octubre:\u00a0Fiestas patronales de Boadilla del Monte &#8211; <a href=\"https:\/\/www.ayuntamientoboadilladelmonte.org\/programacion-musical-fiestas-patronales-2022\">conciertos<\/a><\/li>\n<li>Termina el 1 de octubre:\u00a0Festival de m\u00fasica indie Indyspensable 2022 en Villaverde. Entrada gratuita- <a href=\"https:\/\/www.madridcultura.es\/evento\/59365\/festival-indyspensable\">Info<\/a><\/li>\n<li>2 de octubre: <a href=\"https:\/\/www.vidademadrid.com\/es\/44916\/red-bull-autos-locos-madrid-2022-parque-del-oeste\/\">Gran Premio Red Bull Autos Locos Espa\u00f1a en el Parque del Oeste<\/a><\/li>\n<li>Termina el 2 de octubre:\u00a0<a href=\"https:\/\/www.vidademadrid.com\/es\/45045\/fiestas-chamartin-san-miguel-parque-de-berlin-programa-2022\/\"><strong>Fiestas de Chamart\u00edn 2022 en el Parque de Berl\u00edn<\/strong><\/a><\/li>\n<li>Termina el 2 de octubre: <a href=\"https:\/\/www.vidademadrid.com\/es\/45024\/madrid-cocktail-week-2022-fechas-actividades\/\"><strong>Madrid Cocktail Week 2022<\/strong><\/a><\/li>\n<li>Termina el 2 de octubre:\u00a0<a href=\"https:\/\/www.vidademadrid.com\/es\/45157\/pop-up-monstera-madrid-septiembre-octubre-2022-horarios\/\">pop-up store de Monstera, que regalar\u00e1 m\u00e1s de 300 plantas<\/a><\/li>\n<li>Termina el 2 de octubre:\u00a0Ruta de tapas veganas \u00abTapamundi &#8211; edici\u00f3n especial Oktoberfest\u00bb &#8211; <a href=\"https:\/\/madridvegana.es\/\">web y locales<\/a><\/li>\n<li>Termina el 2 de octubre: <a href=\"https:\/\/www.vidademadrid.com\/es\/43070\/sorolla-belliure-exposicion-museo-sorolla-entradas\/\">\u00abSorolla y Benlliure. Una amistad, dos artistas\u00bb<\/a><\/li>\n<li>Del 3 al 6 de octubre:<strong> <a href=\"https:\/\/www.vidademadrid.com\/es\/44809\/fiesta-del-cine-octubre-2022-entradas-fechas\/\">Fiesta del Cine 2022 con entradas a 3,50 \u20ac<\/a><\/strong><\/li>\n<li>Del 3 de octubre: <a href=\"https:\/\/www.vidademadrid.com\/es\/45464\/houda-bakkali-exposicion-aeropuerto-barajas-2022-madrid\/\">exposici\u00f3n de Houda Bakkali en el aeropuerto de Barajas<\/a> (hasta el 3 de noviembre)<\/li>\n<li>Del 3 de octubre: <a href=\"https:\/\/www.vidademadrid.com\/es\/45218\/exposicion-hiperrealismo-museo-thyssen-bornemisza-2022\/\">\u00abHiperrealismo en la colecci\u00f3n Blanca y Borja Thyssen-Bornemisza\u00bb en el Museo Thyssen<\/a> (hasta el 15 de enero 2023)<\/li>\n<li>Del 4 de octubre: <a href=\"https:\/\/www.vidademadrid.com\/es\/45184\/japan-desu-exposicion-fechas-ubicacion-2022\/\">\u00abJapan Desu\u00bb, con lo mejor del dise\u00f1o japon\u00e9s<\/a> (hasta el 4 de diciembre)<\/li>\n<li>Del 4 de octubre: <a href=\"https:\/\/www.vidademadrid.com\/es\/45189\/kimono-joya-exposicion-matadero-madrid-2022\/\">exposici\u00f3n de kimonos \u00abKimono Joya: Wabi Sabi, la belleza de la imperfecci\u00f3n\u00bb en la Casa del Lector de Matadero<\/a> (hasta el 19 de febrero 2023)<\/li>\n<li>Del 5 de octubre: <strong><a href=\"https:\/\/www.vidademadrid.com\/es\/43231\/herge-exhibition-exposicion-circulo-bellas-artes-entradas-2022\/\">\u00abHerg\u00e9. The Exhibition\u00bb, en el C\u00edrculo de Bellas Artes <\/a><\/strong>(hasta el 19 febrero 2023<\/li>\n<li>Del 5 de octubre: <a href=\"https:\/\/www.vidademadrid.com\/es\/45259\/la-historia-interminable-el-musical-madrid-entradas-2022\/\">\u00abLa Historia Interminable, El Musical\u00bb<\/a> (hasta el 27 de noviembre)<\/li>\n<li>Del 5 de octubre:\u00a0<a href=\"https:\/\/www.vidademadrid.com\/es\/44803\/exposicion-alicia-pais-maravillas-fundacion-canal-2022\/\">exposici\u00f3n \u00abAlicia en el pa\u00eds de las maravillas por Dal\u00ed, Ernst, Laurencin y Tenniel\u00bb en la Sala Mateo Inurria 2 de la Fundaci\u00f3n Canal<\/a> (hasta el 8 de enero 2023)<\/li>\n<li>5 de octubre: <strong><a href=\"https:\/\/www.vidademadrid.com\/es\/41102\/relevo-guardia-real-cambio-guardia-palacio-real-madrid-2022\/\">relevo solemne en el Palacio Real<\/a><\/strong><\/li>\n<li>6 de octubre: <strong><a href=\"https:\/\/www.vidademadrid.com\/es\/45061\/madrid-proyecta-2022-programa-locaciones\/\">\u00abMadrid Proyecta\u00bb, que convertir\u00e1 Madrid en una pantalla de cine<\/a><\/strong><\/li>\n<li>6, 7 y 8 de octubre: <a href=\"https:\/\/www.vidademadrid.com\/es\/45114\/oktoberfest-madrid-2022-wizink-center-fechas-entradas\/\"><strong>Madrid Oktoberfest 2022 en el WiZink Center<\/strong><\/a><\/li>\n<li>6, 7 y 8 de octubre: <a href=\"https:\/\/www.vidademadrid.com\/es\/45348\/andorra-natural-exposicion-inmersiva-madrid-2022\/\">exposici\u00f3n inmersiva \u2018Andorra al natural\u2019\u00a0 en Col\u00f3n<\/a><\/li>\n<li>Del 6 al 9 de octubre: Ruta de la tapa con aceites Rafael Salgado en Malasa\u00f1a y Chueca &#8211; <a href=\"https:\/\/www.vidademadrid.com\/es\/wp-content\/uploads\/2022\/10\/ruta-tapa.jpg\">consulta locales<\/a><\/li>\n<li>Del 6 de octubre:\u00a0<a href=\"https:\/\/www.vidademadrid.com\/es\/44569\/rock-circus-espectaculo-rock-madrid-ifema-entradas\/\">\u00abRock Circus\u00bb, rock, circo y danza en el espect\u00e1culo de IFEMA<\/a> (hasta el 1 de noviembre)<\/li>\n<li>7 de octubre: <a href=\"https:\/\/www.vidademadrid.com\/es\/45339\/semana-mundial-espacio-actividades-planetario-madrid-2022\/\">jornada p\u00fablica de observaci\u00f3n con telescopios en el parque Tierno Galv\u00e1n<\/a><\/li>\n<li>Del 7 al 12 de octubre: <a href=\"https:\/\/www.vidademadrid.com\/es\/44977\/fiestas-barrio-pilar-pregon-conciertos\/\">Fiestas del Barrio del Pilar 2022<\/a><\/li>\n<li>Del 7 al 12 de octubre: <a href=\"https:\/\/www.vidademadrid.com\/es\/45007\/mercado-cervantino-2022-alcala-de-henares-programa\/\">Mercado Cervantino 2022 de Alcal\u00e1 de Henares<\/a><\/li>\n<li>Del 7 al 16 de octubre: <a href=\"https:\/\/www.vidademadrid.com\/es\/45301\/feria-esoterica-madrid-estacion-chamartin-horario-entradas-2\/\">Feria Esot\u00e9rica de Madrid<\/a><\/li>\n<li>Del 7 de octubre: <strong><a href=\"https:\/\/www.vidademadrid.com\/es\/45012\/altar-de-muertos-casa-de-mexico-fechas-2022\/\">Altar de muertos 2022 en Casa de M\u00e9xico<\/a><\/strong> (hasta el 13 de noviembre)<\/li>\n<li>Del 7 de octubre: <a href=\"https:\/\/www.vidademadrid.com\/es\/40842\/mamma-mia-musical-madrid-entradas-gran-via-2022\/\">\u00abMamma mia! El musical\u00bb<\/a> (hasta el 27 de noviembre)<\/li>\n<li>Del 7 de octubre: <a href=\"https:\/\/www.vidademadrid.com\/es\/45430\/escultura-plaza-cibeles-obra-manolo-paz-madrid-2022\/\">\u00abLa distancia que nos une\u00bb, 12 esculturas en Recoletos y Paseo del Prado<\/a> (hasta el 11 de diciembre)<\/li>\n<li>Del 7 de octubre: <strong><a href=\"https:\/\/www.vidademadrid.com\/es\/44602\/pauline-boudry-renate-lorenz-exposicion-palacio-cristal-2022\/\">\u00abPauline Boudry \/ Renate Lorenz\u00bb, nueva instalaci\u00f3n en el Palacio de Cristal del Parque del Retiro<\/a><\/strong> (hasta el 9 de abril 2023)<\/li>\n<li>8 de octubre: <a href=\"https:\/\/www.vidademadrid.com\/es\/45017\/cabalgata-hispanidad-2022-fecha-recorrido\/\"><strong>Cabalgata de la Hispanidad 2022<\/strong><\/a><\/li>\n<li>Termina el 8 de octubre:\u00a0<a href=\"https:\/\/www.vidademadrid.com\/es\/45160\/pop-up-store-dior-jadore-madrid-fechas-2022\/\"><strong>pop-up store J\u2019adore de Dior en Col\u00f3n<\/strong><\/a><\/li>\n<li>8 y 9 de octubre: <a href=\"https:\/\/www.vidademadrid.com\/es\/45154\/the-journey-tour-bus-mundial-qatar-2022-madrid-fechas\/\">The Journey Tour de Qatar Airways, experiencia Copa Mundial FIFA Qatar 2022<\/a><\/li>\n<li>8 y 9 de octubre: <a href=\"https:\/\/www.vidademadrid.com\/es\/45352\/feria-disco-madrid-fechas-entradas-2022\/\">Feria Internacional del Disco de Madrid\u00a0<\/a><\/li>\n<li>Del 8 de octubre: <a href=\"https:\/\/www.vidademadrid.com\/es\/44693\/desafio-dali-experiencia-inmersiva-entradas-2022\/\">\u00abDesaf\u00edo Dal\u00ed\u00bb, la nueva exposici\u00f3n inmersiva<\/a> (hasta el 7 de marzo 2023)<\/li>\n<li>Termina el 9 de octubre:\u00a0<a href=\"https:\/\/www.vidademadrid.com\/es\/44863\/semana-arquitectura-2022-madrid-fechas-inscripciones\/\"><strong>Semana de la Arquitectura 2022<\/strong><\/a> con visitas a edificios, conferencias, talleres infantiles, conciertos y m\u00e1s<\/li>\n<li>Del 11 de octubre: <a href=\"https:\/\/www.vidademadrid.com\/es\/44009\/picasso-chanel-museo-thyssen-exposicion-temporal-fechas\/\"><strong>\u00abPicasso\/Chanel\u00bb en el Museo Thyssen-Bornemisza<\/strong><\/a> (hasta el 5 de enero 2023)<\/li>\n<li>12 de octubre: <strong><a href=\"https:\/\/www.vidademadrid.com\/es\/44176\/desfile-12-octubre-2022-recorrido-paseo-de-la-castellana\/\">Desfile de la Fiesta Nacional 2022<\/a><\/strong><\/li>\n<li>12 de octubre: <a href=\"https:\/\/www.vidademadrid.com\/es\/45423\/todos-planes-12-octubre-2022-madrid-eventos-que-hacer\/\">ESPECIAL con todos los planes del d\u00eda<\/a><\/li>\n<li>12 de octubre: <a href=\"https:\/\/www.vidademadrid.com\/es\/45117\/malinche-12-octubre-callao-gratis-madrid\/\">mejores n\u00fameros musicales de Malinche gratis en Col\u00f3n<\/a><\/li>\n<li>Del 12 al 16 de octubre: <a href=\"https:\/\/www.vidademadrid.com\/es\/45345\/fiestas-pilar-madrid-programa-fechas-2022\/\">Fiestas del Pilar en el barrio Salamanca<\/a><\/li>\n<li>Del 13 de octubre: <a href=\"https:\/\/www.vidademadrid.com\/es\/45566\/exposicion-moda-shopping-comercios-oficios-en-miniatura\/\">\u00abComercios y oficios en miniatura\u00bb en el cc Moda Shopping<\/a>\u00a0(hasta el 13 de noviembre)<\/li>\n<li>14 de octubre: <a href=\"https:\/\/www.vidademadrid.com\/es\/45470\/madrid-pianos-al-aire-libre-fecha-localizacion\/\">Madrid se llena de pianos<\/a><\/li>\n<li>Del 14 al 16 de octubre: <a href=\"https:\/\/www.vidademadrid.com\/es\/45458\/beermad-2022-fechas-programa-entradas\/\">Festival BeerMad<\/a><\/li>\n<li>Del 14 al 22 de octubre: Festival Internacional Andr\u00e9s Segovia, con conciertos de guitarra cl\u00e1sica &#8211; <a href=\"https:\/\/www.instagram.com\/festival_int_andres_segovia\/\">info<\/a><\/li>\n<li>Del 14 de octubre: <strong><a href=\"https:\/\/www.vidademadrid.com\/es\/44560\/gaudi-la-exposicion-madrid-centro-centro-fechas-entradas-2022\/\">exposici\u00f3n \u00abGaud\u00ed\u00bb en CentroCentro Cibeles<\/a> <\/strong>(hasta el 5 de enero 2023)<\/li>\n<li>14 y 15 de octubre: <a href=\"https:\/\/www.vidademadrid.com\/es\/45489\/pop-up-parfois-madrid-2022-ubicacion-fechas-horario-apertura\/\">pop up de Parfois<\/a> (de 11 a 21 h en Calle Sandoval 3, metro Bilbao)<\/li>\n<li>15 de octubre: <a href=\"https:\/\/www.vidademadrid.com\/es\/45448\/concierto-tributo-eurovision-fecha-hora-2022\/\">Concierto tributo a Eurovisi\u00f3n<\/a> en el distrito Villaverde<\/li>\n<li>Termina el 16 de octubre:\u00a0<a href=\"https:\/\/www.vidademadrid.com\/es\/45134\/feria-otono-libro-viejo-antiguo-fechas-2022\/\"><strong>32\u00ba edici\u00f3n de la Feria de Oto\u00f1o del Libro Viejo y Antiguo de Madrid<\/strong><\/a><\/li>\n<li>Termina el 16 de octubre: <a href=\"https:\/\/www.vidademadrid.com\/es\/45226\/concentrico-intervencion-jardines-nuevos-ministerios-2022\/\">\u00abConc\u00e9ntrico\u00bb, en Nuevos Ministerios dos instalaciones del Festival de Arquitectura y Dise\u00f1o de Logro\u00f1o<\/a><\/li>\n<li>Del 17 de octubre: <a href=\"https:\/\/www.vidademadrid.com\/es\/45650\/lorca-nueva-york-teatro-bellas-artes-entradas-2022\/\">\u00abLorca en Nueva York\u00bb en el Teatro Bellas Artes (los lunes)<\/a><\/li>\n<li>Del 17 al 30 de octubre: Festival del Parmigiano Reggiano en varios restaurantes &#8211; <a href=\"https:\/\/www.instagram.com\/parmigianoreggiano_es\/\">info<\/a><\/li>\n<li>Del 18 de octubre: <strong><a href=\"https:\/\/www.vidademadrid.com\/es\/44806\/suma-flamenca-2022-festival-flamenco-programa-entradas\/\">Festival Suma Flamenca 2022<\/a><\/strong> (hasta el 6 de noviembre)<\/li>\n<li>Del 18 de octubre: <a href=\"https:\/\/www.vidademadrid.com\/es\/45571\/otro-renacimiento-exposicion-temporal-museo-del-prado-2022\/\">en el Prado la exposici\u00f3n \u00abOtro Renacimiento. Artistas espa\u00f1oles en N\u00e1poles a comienzos del Cinquecento\u00bb<\/a> \u00a0(hasta el 29 de enero 2023)<\/li>\n<li>Del 20 al 30 de octubre: <a href=\"https:\/\/www.vidademadrid.com\/es\/45487\/tapapies-2022\/\"><strong>Tapapi\u00e9s 2022<\/strong><\/a><\/li>\n<li>22 y 23 de octubre: <a href=\"https:\/\/www.vidademadrid.com\/es\/45605\/campeonato-yolas-parque-retiro-2022\/\">Campeonato de Espa\u00f1a de Yolas en el estanque grande del parque de El Retiro<\/a><\/li>\n<li>Termina el 23 de octubre:\u00a0<a href=\"https:\/\/www.vidademadrid.com\/es\/41147\/charlie-en-la-fabrica-de-chocolate-musical-espacio-ibercaja-entradas\/\">\u00abCharlie y la f\u00e1brica de chocolate, el musical\u00bb en el espacio Ibercaja Delicias<\/a><\/li>\n<li>Termina el 23 de octubre: <a href=\"https:\/\/www.vidademadrid.com\/es\/45272\/la-hispanoamericana-plaza-de-espana-estands-actividades-2022\/\">La Hispanoam\u00e9rica, en Plaza Espa\u00f1a la feria de el arte, la cultura, la artesan\u00eda y la gastronom\u00eda de los pa\u00edses de habla hispana<\/a>.<\/li>\n<li>23 de octubre: <strong><a href=\"https:\/\/www.vidademadrid.com\/es\/45325\/fiesta-trashumancia-2022-madrid-fecha-horario-recorrido\/\">Trashumancia 2022<\/a><\/strong><\/li>\n<li>Del 24 al 30 de octubre: <strong>exposici\u00f3n \u201cLos rostros del Hambre: migrantes y refugiados\u201d<\/strong>, por Acci\u00f3n contra el Hambre, frente al Jard\u00edn Tropical de la estaci\u00f3n de Atocha<\/li>\n<li>Del 24 de octubre: <a href=\"https:\/\/www.vidademadrid.com\/es\/45797\/feria-artesania-otono-2022-madrid-recoletos\/\">Feria de Artesan\u00eda de Oto\u00f1o en el Paseo de Recoletos<\/a> \u00a0(hasta el 6 de noviembre)<\/li>\n<li>Del 26 de octubre: <a href=\"https:\/\/www.vidademadrid.com\/es\/45825\/flores-frutos-exposicion-banco-espana-entradas-2022\/\">exposici\u00f3n \u00abFlores y Frutos\u00bb en el Banco de Espa\u00f1a<\/a> (hasta el 25 de enero 2023)<\/li>\n<li>Termina el 26 de octubre: <a href=\"https:\/\/www.vidademadrid.com\/es\/43550\/caixaforum-exposicion-momias-egipto-fechas-horario-entradas\/\">Momias y las historias que esconden en CaixaForum<\/a><\/li>\n<li>Del 27 de octubre: <a href=\"https:\/\/www.vidademadrid.com\/es\/45821\/exposicion-rafaello-madrid-istituto-italiano-cultura-2022\/\">exposici\u00f3n gratuita \u00abMagister Raffaello, Un maravilloso viaje por el Renacimiento italiano\u00bb en el Istituto Italiano di Cultura de Italia<\/a> \u00a0(hasta el 15 de enero 2023)<\/li>\n<li><del>Del 28 al 30 de octubre 2022:<\/del> <em>Pospuesto a 2023<\/em>: <a href=\"https:\/\/www.vidademadrid.com\/es\/42269\/luz-madrid-2022-fechas-horarios\/\"><strong>Luz Madrid 2022<\/strong><\/a><\/li>\n<li>Del 28 al 31 de octubre: <a href=\"https:\/\/www.vidademadrid.com\/es\/45630\/halloween-madrid-2022-estacion-fantasma-chamberi\/\">Halloween en la estaci\u00f3n fantasma de Metro Madrid con Irlanda<\/a><\/li>\n<li>29 de octubre:\u00a0<a href=\"https:\/\/www.vidademadrid.com\/es\/44775\/tartana-espectaculo-circense-lavapies-2022\/\">Tartana, espect\u00e1culo circense en la plaza de Arturo Barea<\/a> (Lavapi\u00e9s)<\/li>\n<li>31 de octubre: <a href=\"https:\/\/www.vidademadrid.com\/es\/45534\/mejores-planes-halloween-2022-madrid\/\"><strong>Halloween 2022 &#8211; Especial Vida de Madrid con todos los planes<\/strong><\/a><\/li>\n<li><\/li>\n<\/ul>\n<h2><span id=\"Agenda-de-los-planes-disponibles-todos-los-dias-de-mayo-2022-en-Madrid\">Agenda de los planes disponibles todo el mes de octubre 2022 en Madrid<\/span><\/h2>\n<p><script src=\"https:\/\/pagead2.googlesyndication.com\/pagead\/js\/adsbygoogle.js\" async=\"\"><\/script><ins class=\"adsbygoogle\" style=\"display: block; text-align: center;\" data-ad-layout=\"in-article\" data-ad-format=\"fluid\" data-ad-client=\"ca-pub-7450064428034605\" data-ad-slot=\"5670045061\"><\/ins><script>(adsbygoogle = window.adsbygoogle || []).push({});<\/script><\/p>\n<ul>\n<li>Exposiciones temporales de oto\u00f1o en el <a href=\"https:\/\/www.vidademadrid.com\/es\/44120\/exposiciones-temporales-museo-del-prado-otono-2022\/\">Prado<\/a>, <a href=\"https:\/\/www.vidademadrid.com\/es\/44124\/exposiciones-temporales-museo-thyssen-bornemisza-otono-2022\/\">Thyssen<\/a>, <a href=\"https:\/\/www.vidademadrid.com\/es\/44196\/nuevas-exposiciones-temporales-museo-reina-sofia-otono-2022\/\">Reina Sof\u00eda<\/a>.<\/li>\n<li><a href=\"https:\/\/www.vidademadrid.com\/es\/44003\/tim-burton-la-experiencia-exposicion-madrid-entradas-2022\/\"><strong>\u00abTim Burton, El Laberinto\u00bb, la exposici\u00f3n inmersiva<\/strong><\/a> (hasta el 11 de diciembre)<\/li>\n<li>Exposici\u00f3n \u00abCiudad Adentro [en la Galaxia Rural]\u00bb en CentroCentro (hasta el 18 de diciembre)<\/li>\n<li><a href=\"https:\/\/www.vidademadrid.com\/es\/44847\/tren-fresa-otono-2022-fechas-entradas\/\"><strong>Tren de la Fresa 2022<\/strong><\/a> (hasta el 13 de noviembre)<\/li>\n<li><a href=\"https:\/\/www.vidademadrid.com\/es\/42230\/matilda-musical-entradas-funciones-madrid-2022\/\">\u00abMatilda, el Musical\u00bb en el Nuevo Teatro Alcal\u00e1<\/a> (hasta el 18 de diciembre)<\/li>\n<li><a href=\"https:\/\/www.vidademadrid.com\/es\/40795\/cantando-bajo-la-lluvia-musical-madrid-teatro-apolo-entradas-2022\/\">Musical \u00abCantando bajo la lluvia\u00bb en el Teatro Apolo<\/a> (hasta el 27 de noviembre)<\/li>\n<li><a href=\"https:\/\/www.vidademadrid.com\/es\/44725\/malinche-musical-ifema-entradas-2022\/\"><strong>\u00abMalinche\u00bb<\/strong>, el musical de Nacho Cano en IFEMA<\/a> (hasta el 27 de noviembre)<\/li>\n<li><a href=\"https:\/\/www.vidademadrid.com\/es\/45139\/sybilla-hilo-invisible-exposicion-horarios-2022\/\"><strong>\u00abSybilla: El hilo invisible\u00bb en la Sala Canal<\/strong><\/a> (hasta el 15 de enero)<\/li>\n<li>Exposici\u00f3n \u00abEntre r\u00edo y ra\u00edles\u00bb en CentroCentro, sobre las transformaciones de la ciudad a lo largo del Pasillo Verde Ferroviario (hasta el 15 de enero)<\/li>\n<li>Exposici\u00f3n \u00abMadrid Diversa\u00bb en CentroCentro (hasta el 12 de febrero)<\/li>\n<li><a href=\"https:\/\/www.vidademadrid.com\/es\/41305\/exposicion-fotografia-museo-historia-madrid-secretos-madrid\/\">En el Museo de Historia, exposici\u00f3n de fotos \u00abMadrid hace un siglo\u00bb<\/a> (prorrogada hasta el 27 de noviembre)<\/li>\n<li>Exposici\u00f3n <a href=\"https:\/\/www.vidademadrid.com\/es\/45268\/nikola-tesla-exposicion-caixaforum-entradas\/\">\u00abNikola Tesla\u00bb en el Caixa Forum <\/a><\/li>\n<li><a href=\"https:\/\/www.vidademadrid.com\/es\/40814\/teatro-eslava-espectaculo-flamenco-joy-eslava-reapertura\/\">Ol\u00e9Ol\u00e1 por Cristina Hoyos: gran musical flamenco<\/a> (hasta al menos el 26 de noviembre)<\/li>\n<li><a href=\"https:\/\/www.vidademadrid.com\/es\/43541\/sorolla-negro-exposicion-museo-sorolla-entradas\/\">\u00abSorolla en negro\u00bb en el Museo Sorolla<\/a> (hasta el 27 de noviembre)<\/li>\n<li><a href=\"https:\/\/www.vidademadrid.com\/es\/42764\/hijas-nilo-exposicion-antiguo-egipto-entradas-2022\/\">\u00abHijas del Nilo. Mujer y sociedad en el antiguo Egipto\u00bb<\/a> (al menos hasta diciembre)<\/li>\n<li><a href=\"https:\/\/www.vidademadrid.com\/es\/44690\/pasea-madrid-2022-recorridos-guiados-reservas\/\"> visitas de la nueva edici\u00f3n de Pasea Madrid 2022<\/a> (hasta diciembre 2022)<\/li>\n<li><a href=\"https:\/\/www.vidademadrid.com\/es\/41885\/exposicion-temporal-madrid-museo-arqueologico-regional\/\">En el Museo Arqueol\u00f3gico Regional (Alcal\u00e1 de Henares) la exposici\u00f3n \u00abTempus Romae. Encuentro de camino\u00bb<\/a> (hasta el 8 de enero 2023)<\/li>\n<li><a href=\"https:\/\/www.vidademadrid.com\/es\/42832\/cenizas-volcan-la-palma-jardin-zen-jardin-botanico-madrid\/\">Jard\u00edn con cenizas del volc\u00e1n de La Palma en el Real Jard\u00edn Bot\u00e1nico<\/a> \u00a0(hasta el 7 de diciembre)<\/li>\n<li><em>Pendiente fecha:<\/em> <a href=\"https:\/\/www.vidademadrid.com\/es\/43588\/paisaje-de-la-luz-apertura-centro-interpretacion-cibeles\/\">apertura del Centro de Interpretaci\u00f3n del Paisaje de la Luz en Cibeles<\/a><\/li>\n<li><a href=\"https:\/\/www.vidademadrid.com\/es\/planes\/\"><strong>M\u00e1s planes organizados por tipolog\u00eda en nuestro especial planes (vidademadrid.com\/planes)<\/strong><\/a><\/li>\n<\/ul>\n<h2>Y en noviembre y diciembre 2022 en Madrid&#8230;<\/h2>\n<ul>\n<li>Del 1 de noviembre al 15 de diciembre: <a href=\"https:\/\/www.vidademadrid.com\/es\/43679\/meninas-madrid-gallery-2022-fechas-mapa\/\">Meninas Madrid Gallery 2022<\/a><\/li>\n<li>Del 1 de noviembre al 18 de diciembre: <a href=\"https:\/\/www.vidademadrid.com\/es\/45512\/festival-fiesta-corral-cervantes-programa-entrada-2022\/\">Festival Fiesta Corral Cervantes\u00a0<\/a><\/li>\n<li>2 de noviembre: <a href=\"https:\/\/www.vidademadrid.com\/es\/45784\/relevo-solemne-casa-real-cuando-ver-noviembre-2022\/\">Relevo solemne en el Palacio Real<\/a><\/li>\n<li>Del 4 de noviembre: <a href=\"https:\/\/www.vidademadrid.com\/es\/44168\/rey-tut-cosas-maravillosas-experiencia-inmersiva-matadero-entrad\/\">\u00abRey Tut, cosas maravillosas\u00bb en el MAD Madrid Artes Digitales<\/a><\/li>\n<li>Del 5 de noviembre 2022 al\u00a0 8 de enero 2023: <a href=\"https:\/\/www.vidademadrid.com\/es\/44574\/lucia-cirque-du-soleil-nuevas-funciones-madrid-entradas\/\">\u00abLuzia\u00bb del Cirque du Soleil en Puerta del \u00c1ngel<\/a><\/li>\n<li>9 de noviembre 2022: <a href=\"https:\/\/www.vidademadrid.com\/es\/45620\/fiesta-almudena-madrid-2022\/\">Fiesta de la Almudena 2022<\/a><\/li>\n<li>Del 9 de noviembre 2022: <a href=\"https:\/\/www.vidademadrid.com\/es\/42701\/los-puentes-de-madison-el-musical-madrid-gran-via-entradas\/\">Los Puentes de Madison, el musical<\/a> (hasta el 8 de enero 2023)<\/li>\n<li>Del 16 de noviembre al 18 de diciembre: Los chicos del coro, el musical<\/li>\n<li>Del 15 de noviembre 2022 al 15 de enero 2023: <a href=\"https:\/\/www.vidademadrid.com\/es\/44950\/naturaleza-encendida-origen-real-jardin-botanico-entradas\/\">Naturaleza Encendida &#8211; Origen, en el Real Jard\u00edn Bot\u00e1nico<\/a><\/li>\n<li>Del 17 de noviembre 2022 al 14 de febrero 2023: <a href=\"https:\/\/www.vidademadrid.com\/es\/45609\/company-musical-madrid-teatro-albeniz-entradas-2022\/\">\u00abCompany. El musical\u00bb, protagonizado por Antonio Banderas, en el reformado Teatro Alb\u00e9niz<\/a><\/li>\n<li>Del 18 de noviembre 2022 al 6 de enero 2023: <a href=\"https:\/\/www.vidademadrid.com\/es\/45312\/magicas-novedades-2022-torrejon-ardoz-entradas\/\">M\u00e1gicas Navidades 2022 de Torrej\u00f3n de Ardoz<\/a><\/li>\n<li>25 de noviembre: <a href=\"https:\/\/www.vidademadrid.com\/es\/45762\/black-friday-2022-madrid\/\">Black Friday 2022<\/a><\/li>\n<li>Del 25 de noviembre 2022 al 7 de enero 2023: <a href=\"https:\/\/www.vidademadrid.com\/es\/45689\/teatro-circe-price-navidad-2022-entradas\/\"><strong>Circo Price en Navidad<\/strong><\/a><\/li>\n<li>Del 25 de noviembre 2022 al 8 de enero 2023: <a href=\"https:\/\/www.vidademadrid.com\/es\/45643\/manantial-suenos-experiencia-navidad-entradas-2022\/\">\u00abEl Manantial de los Sue\u00f1os: el Origen de la Navidad\u00bb, recinto navide\u00f1o en el Real Jard\u00edn Bot\u00e1nico Alfonso XIII<\/a><\/li>\n<li>28 de noviembre: <a href=\"https:\/\/www.vidademadrid.com\/es\/45418\/bono-presentacion-madrid-teatro-coliseum-entradas\/\">Bono presenta su nuevo libro en el Teatro Coliseum<\/a><\/li>\n<li>Del 1 de diciembre al 8 de enero 2023: <a href=\"https:\/\/www.vidademadrid.com\/es\/45517\/mago-yunke-madrid-fechas-entradas-2022\/\">el espect\u00e1culo del\u00a0Mago Yunke, HANGAR 52 Revolution<\/a><\/li>\n<li>Del 3 al 10 de diciembre: <a href=\"https:\/\/www.vidademadrid.com\/es\/45707\/mercado-navideno-encanto-gran-via-2022\/\">Mercado del Encanto navide\u00f1o en Gran V\u00eda<\/a><\/li>\n<li>10 y 17 de diciembre: <a href=\"https:\/\/www.vidademadrid.com\/es\/45434\/dj-nano-oro-viejo-madrid-ifema-navidad-2022\/\">Fiesta dance \u00abOro Viejo: un cuento de Navidad, de DJ Nano<\/a><\/li>\n<li>Diciembre 2022: <a href=\"https:\/\/www.vidademadrid.com\/es\/38156\/nuevo-museo-futbol-puerta-del-sol-madrid\/\">apertura Museo del f\u00fatbol \u00abLegends\u00bb<\/a><\/li>\n<li>Del 9 al 12 de febrero 2023: <a href=\"https:\/\/www.vidademadrid.com\/es\/45561\/disney-on-ice-2023-wizink-center-fechas-entradas\/\">Disney on Ice 2023 en el Wizink Center<\/a><\/li>\n<li>2023: <a href=\"https:\/\/www.vidademadrid.com\/es\/44093\/sorolla-traves-la-luz-experiencia-inmersiva-exposicion-palacio-real-2023\/\">\u00abSorolla a trav\u00e9s de la luz\u00bb, exposici\u00f3n inmersiva en el Palacio Real<\/a><\/li>\n<li>2023: <a href=\"https:\/\/www.vidademadrid.com\/es\/44252\/region-mision-paisaje-madrid-exposicion-fotografica-el-aguila-2022\/\">\u00abRegi\u00f3n. Misi\u00f3n Paisaje Madrid\u00bb, la exposici\u00f3n fotogr\u00e1fica que muestra todos los pueblos de Madrid<\/a><\/li>\n<li><em>Fecha por definir:<\/em> <strong>Luces de Navidad 2022 en Madrid<\/strong><\/li>\n<\/ul>\n","protected":false},"excerpt":{"rendered":"<p>Nuestro especial, siempre actualizado, con los mejores planes del mes<\/p>\n","protected":false},"author":1,"featured_media":45232,"comment_status":"open","ping_status":"open","sticky":false,"template":"","format":"standard","meta":{"footnotes":""},"categories":[11,119],"tags":[],"class_list":{"0":"post-45230","1":"post","2":"type-post","3":"status-publish","4":"format-standard","5":"has-post-thumbnail","7":"category-eventos-madrid","8":"category-portada"},"_links":{"self":[{"href":"https:\/\/www.vidademadrid.com\/es\/wp-json\/wp\/v2\/posts\/45230","targetHints":{"allow":["GET"]}}],"collection":[{"href":"https:\/\/www.vidademadrid.com\/es\/wp-json\/wp\/v2\/posts"}],"about":[{"href":"https:\/\/www.vidademadrid.com\/es\/wp-json\/wp\/v2\/types\/post"}],"author":[{"embeddable":true,"href":"https:\/\/www.vidademadrid.com\/es\/wp-json\/wp\/v2\/users\/1"}],"replies":[{"embeddable":true,"href":"https:\/\/www.vidademadrid.com\/es\/wp-json\/wp\/v2\/comments?post=45230"}],"version-history":[{"count":14,"href":"https:\/\/www.vidademadrid.com\/es\/wp-json\/wp\/v2\/posts\/45230\/revisions"}],"predecessor-version":[{"id":45909,"href":"https:\/\/www.vidademadrid.com\/es\/wp-json\/wp\/v2\/posts\/45230\/revisions\/45909"}],"wp:featuredmedia":[{"embeddable":true,"href":"https:\/\/www.vidademadrid.com\/es\/wp-json\/wp\/v2\/media\/45232"}],"wp:attachment":[{"href":"https:\/\/www.vidademadrid.com\/es\/wp-json\/wp\/v2\/media?parent=45230"}],"wp:term":[{"taxonomy":"category","embeddable":true,"href":"https:\/\/www.vidademadrid.com\/es\/wp-json\/wp\/v2\/categories?post=45230"},{"taxonomy":"post_tag","embeddable":true,"href":"https:\/\/www.vidademadrid.com\/es\/wp-json\/wp\/v2\/tags?post=45230"}],"curies":[{"name":"wp","href":"https:\/\/api.w.org\/{rel}","templated":true}]}}