{"id":45102,"date":"2022-09-26T08:09:01","date_gmt":"2022-09-26T06:09:01","guid":{"rendered":"https:\/\/www.vidademadrid.com\/es\/?p=45102"},"modified":"2022-09-26T08:09:08","modified_gmt":"2022-09-26T06:09:08","slug":"nuevas-tiendas-ikea-madrid-leganes-torrejon-de-ardoz","status":"publish","type":"post","link":"https:\/\/www.vidademadrid.com\/es\/45102\/nuevas-tiendas-ikea-madrid-leganes-torrejon-de-ardoz\/","title":{"rendered":"Ikea abrir\u00e1 nuevas tiendas en Madrid"},"content":{"rendered":"\n<p>La multinacional de origen sueco sigue apostando por la Comunidad de Madrid y para el pr\u00f3ximo ya ha anunciado la apertura de dos nuevas tiendas. Te lo contamos todo en este art\u00edculo.<\/p>\n\n\n\n<h2 class=\"wp-block-heading\">Nuevas tiendas Ikea en Madrid<\/h2>\n\n\n\n<script async src=\"https:\/\/pagead2.googlesyndication.com\/pagead\/js\/adsbygoogle.js\"><\/script> <ins class=\"adsbygoogle\"  style=\"display:block\" data-ad-format=\"fluid\" data-ad-layout-key=\"-7f+eo+1+2-5\" data-ad-client=\"ca-pub-7450064428034605\" data-ad-slot=\"7327027071\"><\/ins><script>(adsbygoogle = window.adsbygoogle || []).push({});<\/script>\n\n\n\n\n<p>Por el momento los espacios Ikea se encuentran en 6 puntos de la Comunidad de Madrid y aspiran a llegar a 10 en los pr\u00f3ximos 2 a\u00f1os.&nbsp;Tal y como anunciaba Ikea el pasado jueves 22 de septiembre, durante el pr\u00f3ximo a\u00f1o 2023 abrir\u00e1 <strong>2 tiendas nuevas<\/strong>. Ambas estar\u00e1n ubicadas en centros comerciales, una de en <strong>Westfield Parquesur de Legan\u00e9s<\/strong> y la otra en <strong>Parque Corredor de Torrej\u00f3n de Ardoz<\/strong>.<\/p>\n\n\n\n<p>Las instalaciones de Legan\u00e9s se prev\u00e9n que est\u00e9n listas el segundo semestre de 2023. Una tienda que tendr\u00e1 una extensi\u00f3n de 5.200 metros cuadrados, repartidos en dos plantas. Y la de Torrej\u00f3n de Ardoz tambi\u00e9n abrir\u00e1 sus puerta durante el pr\u00f3ximo a\u00f1o.<\/p>\n\n\n\n<h2 class=\"wp-block-heading\">450 nuevos empleos<\/h2>\n\n\n\n<script async src=\"https:\/\/pagead2.googlesyndication.com\/pagead\/js\/adsbygoogle.js\"><\/script> <ins class=\"adsbygoogle\" style=\"display:block; text-align:center;\" data-ad-layout=\"in-article\" data-ad-format=\"fluid\" data-ad-client=\"ca-pub-7450064428034605\" data-ad-slot=\"5670045061\"><\/ins> <script>(adsbygoogle = window.adsbygoogle || []).push({});<\/script>\n\n\n\n<p>La apertura de estas dos grandes tiendas durante 2023, cuya inversi\u00f3n ser\u00e1 de 40 millones de euros, tambi\u00e9n traer\u00e1 consigo la creaci\u00f3n de <strong>450 nuevas ofertas de trabajo<\/strong>.<\/p>\n","protected":false},"excerpt":{"rendered":"<p>Y crear\u00e1 450 nuevas ofertas de empleo <\/p>\n","protected":false},"author":13,"featured_media":45103,"comment_status":"open","ping_status":"open","sticky":false,"template":"","format":"standard","meta":{"footnotes":""},"categories":[12,27],"tags":[],"class_list":{"0":"post-45102","1":"post","2":"type-post","3":"status-publish","4":"format-standard","5":"has-post-thumbnail","7":"category-actualidad-noticias-madrid","8":"category-tiendas-madrid"},"_links":{"self":[{"href":"https:\/\/www.vidademadrid.com\/es\/wp-json\/wp\/v2\/posts\/45102","targetHints":{"allow":["GET"]}}],"collection":[{"href":"https:\/\/www.vidademadrid.com\/es\/wp-json\/wp\/v2\/posts"}],"about":[{"href":"https:\/\/www.vidademadrid.com\/es\/wp-json\/wp\/v2\/types\/post"}],"author":[{"embeddable":true,"href":"https:\/\/www.vidademadrid.com\/es\/wp-json\/wp\/v2\/users\/13"}],"replies":[{"embeddable":true,"href":"https:\/\/www.vidademadrid.com\/es\/wp-json\/wp\/v2\/comments?post=45102"}],"version-history":[{"count":1,"href":"https:\/\/www.vidademadrid.com\/es\/wp-json\/wp\/v2\/posts\/45102\/revisions"}],"predecessor-version":[{"id":45104,"href":"https:\/\/www.vidademadrid.com\/es\/wp-json\/wp\/v2\/posts\/45102\/revisions\/45104"}],"wp:featuredmedia":[{"embeddable":true,"href":"https:\/\/www.vidademadrid.com\/es\/wp-json\/wp\/v2\/media\/45103"}],"wp:attachment":[{"href":"https:\/\/www.vidademadrid.com\/es\/wp-json\/wp\/v2\/media?parent=45102"}],"wp:term":[{"taxonomy":"category","embeddable":true,"href":"https:\/\/www.vidademadrid.com\/es\/wp-json\/wp\/v2\/categories?post=45102"},{"taxonomy":"post_tag","embeddable":true,"href":"https:\/\/www.vidademadrid.com\/es\/wp-json\/wp\/v2\/tags?post=45102"}],"curies":[{"name":"wp","href":"https:\/\/api.w.org\/{rel}","templated":true}]}}