{"id":45093,"date":"2022-09-26T22:14:37","date_gmt":"2022-09-26T20:14:37","guid":{"rendered":"https:\/\/www.vidademadrid.com\/es\/?p=45093"},"modified":"2022-09-26T22:14:45","modified_gmt":"2022-09-26T20:14:45","slug":"calendario-laboral-madrid-2023","status":"publish","type":"post","link":"https:\/\/www.vidademadrid.com\/es\/45093\/calendario-laboral-madrid-2023\/","title":{"rendered":"Calendario laboral Madrid 2023"},"content":{"rendered":"\n<p>Una vez aprobado el <strong>calendario laboral de Madrid para el 2023<\/strong>, ya conocemos cu\u00e1les ser\u00e1n los d\u00edas festivos de los que podremos disfrutar el a\u00f1o que viene. Estos d\u00edas, naturalmente, no perjudicar\u00e1n a los festivos locales de los distintos municipios de la Comunidad de Madrid.&nbsp;<\/p>\n\n\n\n<h2 class=\"wp-block-heading\">D\u00edas festivos en la Comunidad de Madrid en 2023<\/h2>\n\n\n\n<script async src=\"https:\/\/pagead2.googlesyndication.com\/pagead\/js\/adsbygoogle.js\"><\/script> <ins class=\"adsbygoogle\"  style=\"display:block\" data-ad-format=\"fluid\" data-ad-layout-key=\"-7f+eo+1+2-5\" data-ad-client=\"ca-pub-7450064428034605\" data-ad-slot=\"7327027071\"><\/ins><script>(adsbygoogle = window.adsbygoogle || []).push({});<\/script>\n\n\n\n\n<p>El Gobierno de la Comunidad de Madrid aprob\u00f3 el pasado mi\u00e9rcoles el calendario laboral para el pr\u00f3ximo a\u00f1o 2023, por lo que ya sabemos cu\u00e1les ser\u00e1n los d\u00edas no lectivos. En \u00e9l se incluyen <strong>12 d\u00edas festivos, <\/strong>entre festivos nacionales y festivos de la Comunidad Aut\u00f3noma de Madrid, y otros dos d\u00edas festivos cuya elecci\u00f3n queda en manos de los ayuntamientos de cada municipio. Por lo tanto, <strong>en total habr\u00e1 14 d\u00edas festivos en 2023<\/strong>, que ser\u00e1n los siguientes:<\/p>\n\n\n\n<ul class=\"wp-block-list\"><li>6 de enero, viernes: Epifan\u00eda del Se\u00f1or.<\/li><li>20 de marzo, lunes: D\u00eda de San Jos\u00e9<\/li><li>6 de abril, jueves: Jueves Santo<\/li><li>7 de abril, viernes: Viernes Santo<\/li><li>1 de mayo, lunes: D\u00eda del Trabajador<\/li><li>2 de mayo, martes: D\u00eda de la Comunidad de Madrid<\/li><li>15 de agosto, martes: Asunci\u00f3n de la Virgen<\/li><li>12 de octubre, jueves: D\u00eda de la Hispanidad<\/li><li>1 de noviembre, mi\u00e9rcoles: D\u00eda de Todos los Santos<\/li><li>6 de diciembre, mi\u00e9rcoles: D\u00eda de la Constituci\u00f3n<\/li><li>8 de diciembre, viernes: D\u00eda de la Inmaculada Concepci\u00f3n<\/li><li>&nbsp;25 de diciembre, lunes: D\u00eda de Navidad<\/li><\/ul>\n\n\n\n<p>Adem\u00e1s, en Madrid capital ser\u00e1n festivos el jueves <strong>9 de noviembre<\/strong> por el D\u00eda de la Almudena y el <strong>lunes 15 de mayo<\/strong>, D\u00eda de San Isidro.<\/p>\n\n\n\n<h2 class=\"wp-block-heading\">Calendario laboral Madrid 2023: Novedad<\/h2>\n\n\n\n<script async src=\"https:\/\/pagead2.googlesyndication.com\/pagead\/js\/adsbygoogle.js\"><\/script> <ins class=\"adsbygoogle\" style=\"display:block; text-align:center;\" data-ad-layout=\"in-article\" data-ad-format=\"fluid\" data-ad-client=\"ca-pub-7450064428034605\" data-ad-slot=\"5670045061\"><\/ins> <script>(adsbygoogle = window.adsbygoogle || []).push({});<\/script>\n<p>Este calendario laboral 2023 deja a la Comunidad de Madrid con varios <strong>puentes largos<\/strong>, uno de cuatro d\u00edas en mayo por el D\u00eda del Trabajador y uno de cinco en diciembre por la Inmaculada. Sin embargo, la <strong>novedad<\/strong> de este a\u00f1o pr\u00f3ximo, respecto a 2022, ser\u00e1 que el festivo del D\u00eda de San Jos\u00e9 cae en domingo, pero se pasa al lunes, por lo que <strong>habr\u00e1 un puente m\u00e1s<\/strong> <strong>en el mes de marzo<\/strong>.<\/p>\n\n\n\n<p>El calendario laboral, como todos los a\u00f1os, se ha desarrollado en consenso con el resto de los grupos parlamentarios, entidades econ\u00f3micas y colectivos sociales de la regi\u00f3n. El Decreto se remitir\u00e1 al Estado antes del 30 de septiembre incluyendo los dos festivos escogidos por cada localidad.Con el <strong>calendario laboral de Madrid 2023<\/strong> fijado, ya es posible planear las vacaciones o las escapadas con antelaci\u00f3n. Este a\u00f1o, adem\u00e1s, con la ventaja de contar con un puente m\u00e1s en marzo.<\/p>\n","protected":false},"excerpt":{"rendered":"<p>El calendario laboral para el pr\u00f3ximo a\u00f1o ha sido aprobado. Conoce los d\u00edas festivos y puentes no lectivos. <\/p>\n","protected":false},"author":6,"featured_media":45094,"comment_status":"open","ping_status":"open","sticky":false,"template":"","format":"standard","meta":{"footnotes":""},"categories":[12],"tags":[],"class_list":{"0":"post-45093","1":"post","2":"type-post","3":"status-publish","4":"format-standard","5":"has-post-thumbnail","7":"category-actualidad-noticias-madrid"},"_links":{"self":[{"href":"https:\/\/www.vidademadrid.com\/es\/wp-json\/wp\/v2\/posts\/45093","targetHints":{"allow":["GET"]}}],"collection":[{"href":"https:\/\/www.vidademadrid.com\/es\/wp-json\/wp\/v2\/posts"}],"about":[{"href":"https:\/\/www.vidademadrid.com\/es\/wp-json\/wp\/v2\/types\/post"}],"author":[{"embeddable":true,"href":"https:\/\/www.vidademadrid.com\/es\/wp-json\/wp\/v2\/users\/6"}],"replies":[{"embeddable":true,"href":"https:\/\/www.vidademadrid.com\/es\/wp-json\/wp\/v2\/comments?post=45093"}],"version-history":[{"count":4,"href":"https:\/\/www.vidademadrid.com\/es\/wp-json\/wp\/v2\/posts\/45093\/revisions"}],"predecessor-version":[{"id":45130,"href":"https:\/\/www.vidademadrid.com\/es\/wp-json\/wp\/v2\/posts\/45093\/revisions\/45130"}],"wp:featuredmedia":[{"embeddable":true,"href":"https:\/\/www.vidademadrid.com\/es\/wp-json\/wp\/v2\/media\/45094"}],"wp:attachment":[{"href":"https:\/\/www.vidademadrid.com\/es\/wp-json\/wp\/v2\/media?parent=45093"}],"wp:term":[{"taxonomy":"category","embeddable":true,"href":"https:\/\/www.vidademadrid.com\/es\/wp-json\/wp\/v2\/categories?post=45093"},{"taxonomy":"post_tag","embeddable":true,"href":"https:\/\/www.vidademadrid.com\/es\/wp-json\/wp\/v2\/tags?post=45093"}],"curies":[{"name":"wp","href":"https:\/\/api.w.org\/{rel}","templated":true}]}}