{"id":45048,"date":"2022-09-22T12:05:26","date_gmt":"2022-09-22T10:05:26","guid":{"rendered":"https:\/\/www.vidademadrid.com\/es\/?p=45048"},"modified":"2022-09-22T12:05:35","modified_gmt":"2022-09-22T10:05:35","slug":"nueva-estatua-legion-ubicacion-2022","status":"publish","type":"post","link":"https:\/\/www.vidademadrid.com\/es\/45048\/nueva-estatua-legion-ubicacion-2022\/","title":{"rendered":"Instalada la nueva estatua del centenario de la Legi\u00f3n"},"content":{"rendered":"<p class=\"p1\">Un nuevo monumento para conmemorar el centenario de <b>la Legi\u00f3n <\/b>se ha instalado en Madrid. Se ha instalado en su 102\u00ba aniversario. Te contamos toda la informaci\u00f3n en este art\u00edculo.<span class=\"Apple-converted-space\">\u00a0<\/span><\/p>\n<h2 class=\"p1\">Nueva estatua de la Legi\u00f3n<\/h2>\n<p><script async=\"\" src=\"https:\/\/pagead2.googlesyndication.com\/pagead\/js\/adsbygoogle.js\"><\/script> <ins class=\"adsbygoogle\" style=\"display: block;\" data-ad-format=\"fluid\" data-ad-layout-key=\"-7f+eo+1+2-5\" data-ad-client=\"ca-pub-7450064428034605\" data-ad-slot=\"7327027071\"><\/ins><script>(adsbygoogle = window.adsbygoogle || []).push({});<\/script><\/p>\n<p class=\"p1\">En torno al centenario de <b>la Legi\u00f3n, <\/b>que se celebr\u00f3 en 2020, comenz\u00f3 el proyecto para realizar e instalar una nueva estatua conmemorando los 100 a\u00f1os de <b>la Legi\u00f3n.<span class=\"Apple-converted-space\">\u00a0<\/span><\/b><\/p>\n<p class=\"p1\">La instalaci\u00f3n de esta estatua se ha llevado a cabo en el 102\u00ba aniversario, el 20 de septiembre del 2022. Esta estatua ha sido realizada basada en el boceto dibujado por el <b>pintor Augusto Ferrer-Dalmau, <\/b>famoso por sus cuadros de batallas, y fue modelada por el <b>escultor Salvador Amaya, <\/b>que la realiz\u00f3 en arcilla y despu\u00e9s en bronce.<span class=\"Apple-converted-space\">\u00a0<\/span><\/p>\n<p class=\"p1\">La <b>Fundaci\u00f3n Museo del Ej\u00e9rcito <\/b>ha abierto una <b>campa\u00f1a de donativos <\/b>para que legionarios, veteranos, simpatizantes y admiradores realicen aportaciones econ\u00f3micos para sufragar el monumento.<span class=\"Apple-converted-space\">\u00a0<\/span><\/p>\n<h2 class=\"p1\">Nueva estatua de la Legi\u00f3n: ubicaci\u00f3n<span class=\"Apple-converted-space\">\u00a0<\/span><\/h2>\n<p><script async=\"\" src=\"https:\/\/pagead2.googlesyndication.com\/pagead\/js\/adsbygoogle.js\"><\/script> <ins class=\"adsbygoogle\" style=\"display: block; text-align: center;\" data-ad-layout=\"in-article\" data-ad-format=\"fluid\" data-ad-client=\"ca-pub-7450064428034605\" data-ad-slot=\"5670045061\"><\/ins> <script>(adsbygoogle = window.adsbygoogle || []).push({});<\/script><\/p>\n<p class=\"p1\">la escultura, que pesa <b>700 kilos <\/b>y se encuentra sobre un pedestal de piedra de <b>26 toneladas,<span class=\"Apple-converted-space\">\u00a0 <\/span><\/b>se encuentra en el <b>Paseo de la Castellana <\/b>junto al <b>Cuartel General del Estado Mayor de la Defensa.<\/b><\/p>\n<p><iframe loading=\"lazy\" style=\"border: 0;\" src=\"https:\/\/www.google.com\/maps\/embed?pb=!1m18!1m12!1m3!1d1702.5707338032544!2d-3.6917385591150382!3d40.44227510627886!2m3!1f0!2f0!3f0!3m2!1i1024!2i768!4f13.1!3m3!1m2!1s0xd4228efa629276b%3A0x9cc4f09737949b3a!2sEstado%20Mayor%20de%20la%20Defensa%20EMAD!5e0!3m2!1ses!2ses!4v1663838635896!5m2!1ses!2ses\" width=\"600\" height=\"450\" allowfullscreen=\"allowfullscreen\"><\/iframe><\/p>\n<figure id=\"attachment_45051\" aria-describedby=\"caption-attachment-45051\" style=\"width: 1153px\" class=\"wp-caption alignnone\"><a href=\"https:\/\/www.vidademadrid.com\/es\/wp-content\/uploads\/2022\/09\/WhatsApp-Image-2022-09-22-at-11.59.45-AM.jpeg\"><img loading=\"lazy\" decoding=\"async\" class=\"size-full wp-image-45051\" src=\"https:\/\/www.vidademadrid.com\/es\/wp-content\/uploads\/2022\/09\/WhatsApp-Image-2022-09-22-at-11.59.45-AM.jpeg\" alt=\"\" width=\"1153\" height=\"2048\" srcset=\"https:\/\/www.vidademadrid.com\/es\/wp-content\/uploads\/2022\/09\/WhatsApp-Image-2022-09-22-at-11.59.45-AM.jpeg 1153w, https:\/\/www.vidademadrid.com\/es\/wp-content\/uploads\/2022\/09\/WhatsApp-Image-2022-09-22-at-11.59.45-AM-169x300.jpeg 169w, https:\/\/www.vidademadrid.com\/es\/wp-content\/uploads\/2022\/09\/WhatsApp-Image-2022-09-22-at-11.59.45-AM-577x1024.jpeg 577w, https:\/\/www.vidademadrid.com\/es\/wp-content\/uploads\/2022\/09\/WhatsApp-Image-2022-09-22-at-11.59.45-AM-768x1364.jpeg 768w, https:\/\/www.vidademadrid.com\/es\/wp-content\/uploads\/2022\/09\/WhatsApp-Image-2022-09-22-at-11.59.45-AM-865x1536.jpeg 865w, https:\/\/www.vidademadrid.com\/es\/wp-content\/uploads\/2022\/09\/WhatsApp-Image-2022-09-22-at-11.59.45-AM-696x1236.jpeg 696w, https:\/\/www.vidademadrid.com\/es\/wp-content\/uploads\/2022\/09\/WhatsApp-Image-2022-09-22-at-11.59.45-AM-1068x1897.jpeg 1068w, https:\/\/www.vidademadrid.com\/es\/wp-content\/uploads\/2022\/09\/WhatsApp-Image-2022-09-22-at-11.59.45-AM-236x420.jpeg 236w\" sizes=\"auto, (max-width: 1153px) 100vw, 1153px\" \/><\/a><figcaption id=\"caption-attachment-45051\" class=\"wp-caption-text\">Foto: Vida de Madrid<\/figcaption><\/figure>\n","protected":false},"excerpt":{"rendered":"<p>Est\u00e1 ubicada en un importante paseo de la ciudad. <\/p>\n","protected":false},"author":15,"featured_media":45050,"comment_status":"open","ping_status":"open","sticky":false,"template":"","format":"standard","meta":{"footnotes":""},"categories":[12],"tags":[],"class_list":{"0":"post-45048","1":"post","2":"type-post","3":"status-publish","4":"format-standard","5":"has-post-thumbnail","7":"category-actualidad-noticias-madrid"},"_links":{"self":[{"href":"https:\/\/www.vidademadrid.com\/es\/wp-json\/wp\/v2\/posts\/45048","targetHints":{"allow":["GET"]}}],"collection":[{"href":"https:\/\/www.vidademadrid.com\/es\/wp-json\/wp\/v2\/posts"}],"about":[{"href":"https:\/\/www.vidademadrid.com\/es\/wp-json\/wp\/v2\/types\/post"}],"author":[{"embeddable":true,"href":"https:\/\/www.vidademadrid.com\/es\/wp-json\/wp\/v2\/users\/15"}],"replies":[{"embeddable":true,"href":"https:\/\/www.vidademadrid.com\/es\/wp-json\/wp\/v2\/comments?post=45048"}],"version-history":[{"count":2,"href":"https:\/\/www.vidademadrid.com\/es\/wp-json\/wp\/v2\/posts\/45048\/revisions"}],"predecessor-version":[{"id":45052,"href":"https:\/\/www.vidademadrid.com\/es\/wp-json\/wp\/v2\/posts\/45048\/revisions\/45052"}],"wp:featuredmedia":[{"embeddable":true,"href":"https:\/\/www.vidademadrid.com\/es\/wp-json\/wp\/v2\/media\/45050"}],"wp:attachment":[{"href":"https:\/\/www.vidademadrid.com\/es\/wp-json\/wp\/v2\/media?parent=45048"}],"wp:term":[{"taxonomy":"category","embeddable":true,"href":"https:\/\/www.vidademadrid.com\/es\/wp-json\/wp\/v2\/categories?post=45048"},{"taxonomy":"post_tag","embeddable":true,"href":"https:\/\/www.vidademadrid.com\/es\/wp-json\/wp\/v2\/tags?post=45048"}],"curies":[{"name":"wp","href":"https:\/\/api.w.org\/{rel}","templated":true}]}}