{"id":44809,"date":"2022-09-09T12:34:12","date_gmt":"2022-09-09T10:34:12","guid":{"rendered":"https:\/\/www.vidademadrid.com\/es\/?p=44809"},"modified":"2022-09-09T12:35:17","modified_gmt":"2022-09-09T10:35:17","slug":"fiesta-del-cine-octubre-2022-entradas-fechas","status":"publish","type":"post","link":"https:\/\/www.vidademadrid.com\/es\/44809\/fiesta-del-cine-octubre-2022-entradas-fechas\/","title":{"rendered":"Vuelve La Fiesta del Cine con entradas a 3,50 euros"},"content":{"rendered":"<p>La\u00a0<strong>Fiesta del Cine\u00a0<\/strong>vuelve en octubre del 2022 para disfrutar de la\u00a0<strong>cartelera del cine\u00a0<\/strong>con entradas a <strong>3,50 euros.\u00a0<\/strong>En esta segunda edici\u00f3n del 2022, la\u00a0<strong>Fiesta del Cine\u00a0<\/strong>durar\u00e1\u00a0<strong>cuatro d\u00edas,\u00a0<\/strong>un d\u00eda m\u00e1s que la edici\u00f3n de mayo. Te contamos toda la informaci\u00f3n en este art\u00edculo.\u00a0<\/p>\n<h2>Fiesta del Cine 2022<\/h2>\n<p><script async=\"\" src=\"https:\/\/pagead2.googlesyndication.com\/pagead\/js\/adsbygoogle.js\"><\/script> <ins class=\"adsbygoogle\" style=\"display: block;\" data-ad-format=\"fluid\" data-ad-layout-key=\"-7f+eo+1+2-5\" data-ad-client=\"ca-pub-7450064428034605\" data-ad-slot=\"7327027071\"><\/ins><script>(adsbygoogle = window.adsbygoogle || []).push({});<\/script><\/p>\n<p>El evento\u00a0<strong>Fiesta del Cine\u00a0<\/strong>vuelve este 2022 con una segunda convocatoria para disfrutar de la\u00a0<strong>cartelera\u00a0<\/strong>a un precio especial. Uno de los objetivos de este evento es\u00a0<strong>incentivar la asistencia a las salas de cine\u00a0<\/strong>como un h\u00e1bito social y cultural.\u00a0<\/p>\n<p>Este evento, organizado por la <strong>Federaci\u00f3n de Distribuidores Cinematogr\u00e1ficos, la Federaci\u00f3n de Cines de Espa\u00f1a y el Ministerio de Cultura y Deporte\u00a0<\/strong>busca mostrar el agradecimiento a los espectadores que disfrutan de las pel\u00edculas en la pantalla grande.<\/p>\n<h2>Entradas a 3,50 euros<\/h2>\n<p><script async=\"\" src=\"https:\/\/pagead2.googlesyndication.com\/pagead\/js\/adsbygoogle.js\"><\/script> <ins class=\"adsbygoogle\" style=\"display: block; text-align: center;\" data-ad-layout=\"in-article\" data-ad-format=\"fluid\" data-ad-client=\"ca-pub-7450064428034605\" data-ad-slot=\"5670045061\"><\/ins> <script>(adsbygoogle = window.adsbygoogle || []).push({});<\/script><\/p>\n<p>La <strong>Fiesta del Cine <\/strong>ser\u00e1 los d\u00edas <strong>3, 4, 5 y 6 de octubre del 2022 <\/strong>y para poder adquirir las entradas de la\u00a0<strong>Fiesta del Cine\u00a0<\/strong>es imprescindible acreditarse antes. El plazo para recibir tu<strong> acreditaci\u00f3n<\/strong> ya est\u00e1 abierto en la <a href=\"http:\/\/www.fiestadelcine.com\">p\u00e1gina web<\/a> del evento. Los\u00a0<strong>menores de 14 a\u00f1os <\/strong>y <strong>mayores de 60 <\/strong>no necesitar\u00e1n acreditarse para participar en el evento.<\/p>\n<p>La venta de entradas comenzar\u00e1 el\u00a0<strong>mi\u00e9rcoles 28 de septiembre por internet, <\/strong>tanto en las webs de cine como en las webs tradicionales de venta de entradas. A partir del <strong>3 de octubre <\/strong>se podr\u00e1n adquirir las entradas en taquillas. \u00a0<\/p>\n\n\n<figure class=\"wp-block-embed is-type-rich is-provider-twitter wp-block-embed-twitter\"><div class=\"wp-block-embed__wrapper\">\n<blockquote class=\"twitter-tweet\" data-width=\"550\" data-dnt=\"true\"><p lang=\"es\" dir=\"ltr\">? \u00a1Nueva <a href=\"https:\/\/twitter.com\/hashtag\/FiestaDelCine?src=hash&amp;ref_src=twsrc%5Etfw\">#FiestaDelCine<\/a> a la vista! ? <br><br>? Lunes 3, martes 4, mi\u00e9rcoles 5 y&#8230;\u2728\u00a1JUEVES 6 DE OCTUBRE!\u2728<br>? Entradas a 3,50\u20ac <br>? No olvides conseguir tu acreditaci\u00f3n <br>\u2139\ufe0f <a href=\"https:\/\/t.co\/oJIy6W3AY6\">https:\/\/t.co\/oJIy6W3AY6<\/a> <a href=\"https:\/\/t.co\/n6w0M9NAPD\">pic.twitter.com\/n6w0M9NAPD<\/a><\/p>&mdash; La Fiesta del Cine (@FiestaDelCine) <a href=\"https:\/\/twitter.com\/FiestaDelCine\/status\/1567807454519361537?ref_src=twsrc%5Etfw\">September 8, 2022<\/a><\/blockquote><script async src=\"https:\/\/platform.twitter.com\/widgets.js\" charset=\"utf-8\"><\/script>\n<\/div><\/figure>\n","protected":false},"excerpt":{"rendered":"<p>La venta anticipada ser\u00e1 durante septiembre. <\/p>\n","protected":false},"author":15,"featured_media":44810,"comment_status":"open","ping_status":"open","sticky":false,"template":"","format":"standard","meta":{"footnotes":""},"categories":[111],"tags":[],"class_list":{"0":"post-44809","1":"post","2":"type-post","3":"status-publish","4":"format-standard","5":"has-post-thumbnail","7":"category-exposiciones-madrid"},"_links":{"self":[{"href":"https:\/\/www.vidademadrid.com\/es\/wp-json\/wp\/v2\/posts\/44809","targetHints":{"allow":["GET"]}}],"collection":[{"href":"https:\/\/www.vidademadrid.com\/es\/wp-json\/wp\/v2\/posts"}],"about":[{"href":"https:\/\/www.vidademadrid.com\/es\/wp-json\/wp\/v2\/types\/post"}],"author":[{"embeddable":true,"href":"https:\/\/www.vidademadrid.com\/es\/wp-json\/wp\/v2\/users\/15"}],"replies":[{"embeddable":true,"href":"https:\/\/www.vidademadrid.com\/es\/wp-json\/wp\/v2\/comments?post=44809"}],"version-history":[{"count":3,"href":"https:\/\/www.vidademadrid.com\/es\/wp-json\/wp\/v2\/posts\/44809\/revisions"}],"predecessor-version":[{"id":44813,"href":"https:\/\/www.vidademadrid.com\/es\/wp-json\/wp\/v2\/posts\/44809\/revisions\/44813"}],"wp:featuredmedia":[{"embeddable":true,"href":"https:\/\/www.vidademadrid.com\/es\/wp-json\/wp\/v2\/media\/44810"}],"wp:attachment":[{"href":"https:\/\/www.vidademadrid.com\/es\/wp-json\/wp\/v2\/media?parent=44809"}],"wp:term":[{"taxonomy":"category","embeddable":true,"href":"https:\/\/www.vidademadrid.com\/es\/wp-json\/wp\/v2\/categories?post=44809"},{"taxonomy":"post_tag","embeddable":true,"href":"https:\/\/www.vidademadrid.com\/es\/wp-json\/wp\/v2\/tags?post=44809"}],"curies":[{"name":"wp","href":"https:\/\/api.w.org\/{rel}","templated":true}]}}