{"id":44772,"date":"2022-09-08T10:18:51","date_gmt":"2022-09-08T08:18:51","guid":{"rendered":"https:\/\/www.vidademadrid.com\/es\/?p=44772"},"modified":"2022-09-08T10:19:02","modified_gmt":"2022-09-08T08:19:02","slug":"orquesta-espontanea-jazz-concierto-templo-debod-2022","status":"publish","type":"post","link":"https:\/\/www.vidademadrid.com\/es\/44772\/orquesta-espontanea-jazz-concierto-templo-debod-2022\/","title":{"rendered":"La &#8216;Orquesta Espont\u00e1nea de Jazz&#8217; se presentar\u00e1 en un concierto participativo en Templo de Debod"},"content":{"rendered":"<p>Un <strong>concierto participativo&nbsp;<\/strong>al <strong>aire libre&nbsp;<\/strong>llega al&nbsp;<strong>Templo de Debod&nbsp;<\/strong>como parte de la programaci\u00f3n de oto\u00f1o de&nbsp;<strong>21 distritos.&nbsp;<\/strong>La <em>&#8216;<strong>Orquesta Espont\u00e1nea de Jazz<\/strong>&#8216;<\/em> se presentar\u00e1 con piezas conocidas para el disfrute del p\u00fablico. Te contamos toda la informaci\u00f3n en este art\u00edculo.&nbsp;<\/p>\n<h2>Concierto participativo en el Templo de Debod<\/h2>\n\n<script async=\"\" src=\"https:\/\/pagead2.googlesyndication.com\/pagead\/js\/adsbygoogle.js\"><\/script> <ins class=\"adsbygoogle\" style=\"display:block\" data-ad-format=\"fluid\" data-ad-layout-key=\"-7f+eo+1+2-5\" data-ad-client=\"ca-pub-7450064428034605\" data-ad-slot=\"7327027071\"><\/ins><script>(adsbygoogle = window.adsbygoogle || []).push({});<\/script>\n\n<p>Si siempre has querido saber c\u00f3mo se siente&nbsp;<strong>dirigir una orquesta,&nbsp;<\/strong>este concierto es tu oportunidad. El sexteto Racalmuto presenta <em>&#8216;<strong>Orquesta Espont\u00e1nea de Jazz<\/strong>&#8216;,&nbsp;<\/em>que invita a miembros del p\u00fablico a que dirijan la banda durante unos minutos mientras tocan canciones conocidas popularmente.&nbsp;<\/p>\n<p>Tras esta actividad, se ofrecer\u00e1 un&nbsp;<strong>miniconcierto&nbsp;<\/strong>de veinte minutos en el que se interpretar\u00e1 el repertorio que el p\u00fablico ha dirigido pero con direcci\u00f3n real. Esta actividad forma parte del programa&nbsp;<strong>21 distritos&nbsp;<\/strong>del&nbsp;<strong>Ayuntamiento de Madrid&nbsp;<\/strong>que ofrecer\u00e1 m\u00e1s de 120 actividades de septiembre a diciembre.&nbsp;<\/p>\n<h2>Concierto &#8216;Orquesta Espont\u00e1nea de Jazz&#8217;&nbsp;<\/h2>\n\n<script async=\"\" src=\"https:\/\/pagead2.googlesyndication.com\/pagead\/js\/adsbygoogle.js\"><\/script> <ins class=\"adsbygoogle\" style=\"display:block; text-align:center;\" data-ad-layout=\"in-article\" data-ad-format=\"fluid\" data-ad-client=\"ca-pub-7450064428034605\" data-ad-slot=\"5670045061\"><\/ins> <script>(adsbygoogle = window.adsbygoogle || []).push({});<\/script>\n\n<p>El&nbsp;<strong>concierto&nbsp;<\/strong><em>&#8216;<strong>Orquesta Espont\u00e1nea de Jazz<\/strong>&#8216;&nbsp;<\/em>ser\u00e1 el&nbsp;<strong>24 de septiembre del 2022&nbsp;<\/strong>en el&nbsp;<strong>Templo de Debod&nbsp;<\/strong>(Metro Ventura Rodr\u00edguez) a las&nbsp;<strong>20 horas&nbsp;<\/strong>y tendr\u00e1 una duraci\u00f3n de&nbsp;<strong>1 hora.&nbsp;<\/strong><\/p>\n<p>Esta actividad es&nbsp;<strong>gratuita, al aire libre&nbsp;<\/strong>y est\u00e1 dirigida al <strong>p\u00fablico general<\/strong>, para que los asistentes de todas las edades disfruten de esta novedosa actividad.&nbsp;<\/p>\n\n\n<p><\/p>\n","protected":false},"excerpt":{"rendered":"<p>Ser\u00e1 un evento gratuito. <\/p>\n","protected":false},"author":15,"featured_media":44773,"comment_status":"open","ping_status":"open","sticky":false,"template":"","format":"standard","meta":{"footnotes":""},"categories":[101],"tags":[],"class_list":{"0":"post-44772","1":"post","2":"type-post","3":"status-publish","4":"format-standard","5":"has-post-thumbnail","7":"category-ferias-fiestas-mercados-madrid"},"_links":{"self":[{"href":"https:\/\/www.vidademadrid.com\/es\/wp-json\/wp\/v2\/posts\/44772","targetHints":{"allow":["GET"]}}],"collection":[{"href":"https:\/\/www.vidademadrid.com\/es\/wp-json\/wp\/v2\/posts"}],"about":[{"href":"https:\/\/www.vidademadrid.com\/es\/wp-json\/wp\/v2\/types\/post"}],"author":[{"embeddable":true,"href":"https:\/\/www.vidademadrid.com\/es\/wp-json\/wp\/v2\/users\/15"}],"replies":[{"embeddable":true,"href":"https:\/\/www.vidademadrid.com\/es\/wp-json\/wp\/v2\/comments?post=44772"}],"version-history":[{"count":1,"href":"https:\/\/www.vidademadrid.com\/es\/wp-json\/wp\/v2\/posts\/44772\/revisions"}],"predecessor-version":[{"id":44774,"href":"https:\/\/www.vidademadrid.com\/es\/wp-json\/wp\/v2\/posts\/44772\/revisions\/44774"}],"wp:featuredmedia":[{"embeddable":true,"href":"https:\/\/www.vidademadrid.com\/es\/wp-json\/wp\/v2\/media\/44773"}],"wp:attachment":[{"href":"https:\/\/www.vidademadrid.com\/es\/wp-json\/wp\/v2\/media?parent=44772"}],"wp:term":[{"taxonomy":"category","embeddable":true,"href":"https:\/\/www.vidademadrid.com\/es\/wp-json\/wp\/v2\/categories?post=44772"},{"taxonomy":"post_tag","embeddable":true,"href":"https:\/\/www.vidademadrid.com\/es\/wp-json\/wp\/v2\/tags?post=44772"}],"curies":[{"name":"wp","href":"https:\/\/api.w.org\/{rel}","templated":true}]}}