{"id":44750,"date":"2022-09-07T17:47:21","date_gmt":"2022-09-07T15:47:21","guid":{"rendered":"https:\/\/www.vidademadrid.com\/es\/?p=44750"},"modified":"2022-09-07T19:39:55","modified_gmt":"2022-09-07T17:39:55","slug":"exposiciones-barrio-salamanca-garna-gallery-callejon-jorge-juan","status":"publish","type":"post","link":"https:\/\/www.vidademadrid.com\/es\/44750\/exposiciones-barrio-salamanca-garna-gallery-callejon-jorge-juan\/","title":{"rendered":"Conoce G\u00c4RNA Gallery y su nueva exposici\u00f3n con obras de artistas internacionales"},"content":{"rendered":"\n<p>En pleno <strong>barrio Salamanca<\/strong> asistimos a la inauguraci\u00f3n de <strong>JOY 2.0<\/strong>, una muestra colectiva de artistas internacionales que inaugura la temporada de arte en <strong>G\u00c4RNA Gallery<\/strong>. En este art\u00edculo te contamos todo lo que tienes que saber de la exposici\u00f3n.&nbsp;<\/p>\n\n\n\n<h2 class=\"wp-block-heading\">JOY 2.0, la nueva exposici\u00f3n de G\u00c4RNA Gallery<\/h2>\n\n\n\n<script async=\"\" src=\"https:\/\/pagead2.googlesyndication.com\/pagead\/js\/adsbygoogle.js\"><\/script> <ins class=\"adsbygoogle\" style=\"display:block\" data-ad-format=\"fluid\" data-ad-layout-key=\"-7f+eo+1+2-5\" data-ad-client=\"ca-pub-7450064428034605\" data-ad-slot=\"7327027071\"><\/ins><script>(adsbygoogle = window.adsbygoogle || []).push({});<\/script>\n\n\n\n<p>Nos colamos en el Callej\u00f3n de Jorge Juan y descubrimos <b>G\u00c4RNA Gallery, un espacio reservado al arte en pleno barrio de Salamanca. <\/b>Al final del callej\u00f3n, en el pen\u00faltimo local se encuentra esta&nbsp;<span style=\"font-weight: 600;\">exclusiva<\/span>&nbsp;galer\u00eda donde descubrimos&nbsp;\u00abJOY 2.0\u00bb, la exposici\u00f3n que inaugura esta temporada 2022-2023.<\/p>\n\n\n\n<p>En un momento de inestabilidad econ\u00f3mica e incertidumbre global debido a los recientes acontecimientos, \u00abJOY 2.0\u00bb busca ser o al menos causar la sensaci\u00f3n de ser \u00abla luz al final del t\u00fanel\u00bb. Se trata de una selecci\u00f3n de <strong>obras de 10 artistas internacionales<\/strong> que presentan un tono desenfadado, optimista con tonos alegres y llamativos. La exposici\u00f3n busca causar en el visitante una sensaci\u00f3n positiva, de celebraci\u00f3n&#8230; algunas de ellas te podr\u00e1n transportar incluso a los dibujos que hac\u00edamos de peque\u00f1os.&nbsp;<\/p>\n\n\n\n<p>Entre los artistas, que exponen por primera vez en Madrid, se encuentran: Albert Pinya, Ana Pav\u00f3n, Eric Stefanski, Fernando de Ana, Florent Stosskopf, Luca&nbsp;Bj\u00f8rnsten, Martina Rodriguez Mor\u00e1n, Pablo Linsambarth, Pepo Moreno y Roberta Lobeira.&nbsp;<\/p>\n\n\n\n<h2 class=\"wp-block-heading\">Entradas y visita a G\u00c4RNA Gallery<\/h2>\n\n\n\n<script async=\"\" src=\"https:\/\/pagead2.googlesyndication.com\/pagead\/js\/adsbygoogle.js\"><\/script> <ins class=\"adsbygoogle\" style=\"display:block; text-align:center;\" data-ad-layout=\"in-article\" data-ad-format=\"fluid\" data-ad-client=\"ca-pub-7450064428034605\" data-ad-slot=\"5670045061\"><\/ins> <script>(adsbygoogle = window.adsbygoogle || []).push({});<\/script>\n\n\n\n<p>La <strong>entrada<\/strong> a la galer\u00eda es <strong>libre y gratuita<\/strong>. As\u00ed que si est\u00e1s por la zona no te puedes perder esta exposici\u00f3n optimista: frases, escenas cotidianas y composiciones art\u00edsticas expuestas de una forma llamativa. Disponible hasta octubre.&nbsp;<\/p>\n\n\n\n<p>Para que te entren m\u00e1s ganas de pasarte por all\u00ed y descubrir este peque\u00f1o rinc\u00f3n del arte, aqu\u00ed te dejamos algunas <strong>fotos de nuestra visita<\/strong>:&nbsp;<a href=\"https:\/\/www.vidademadrid.com\/es\/wp-content\/uploads\/2022\/09\/IMG_8359-scaled.jpg\"><br><\/a><\/p>\n\n\n\n<figure class=\"wp-block-gallery columns-1 is-cropped wp-block-gallery-1 is-layout-flex wp-block-gallery-is-layout-flex\"><ul class=\"blocks-gallery-grid\"><li class=\"blocks-gallery-item\"><figure><img loading=\"lazy\" decoding=\"async\" width=\"1920\" height=\"2560\" src=\"https:\/\/www.vidademadrid.com\/es\/wp-content\/uploads\/2022\/09\/IMG_8359-scaled.jpg\" alt=\"\" data-id=\"44762\" class=\"wp-image-44762\" srcset=\"https:\/\/www.vidademadrid.com\/es\/wp-content\/uploads\/2022\/09\/IMG_8359-scaled.jpg 1920w, https:\/\/www.vidademadrid.com\/es\/wp-content\/uploads\/2022\/09\/IMG_8359-225x300.jpg 225w, https:\/\/www.vidademadrid.com\/es\/wp-content\/uploads\/2022\/09\/IMG_8359-768x1024.jpg 768w, https:\/\/www.vidademadrid.com\/es\/wp-content\/uploads\/2022\/09\/IMG_8359-1152x1536.jpg 1152w, https:\/\/www.vidademadrid.com\/es\/wp-content\/uploads\/2022\/09\/IMG_8359-1536x2048.jpg 1536w, https:\/\/www.vidademadrid.com\/es\/wp-content\/uploads\/2022\/09\/IMG_8359-696x928.jpg 696w, https:\/\/www.vidademadrid.com\/es\/wp-content\/uploads\/2022\/09\/IMG_8359-1068x1424.jpg 1068w, https:\/\/www.vidademadrid.com\/es\/wp-content\/uploads\/2022\/09\/IMG_8359-315x420.jpg 315w\" sizes=\"auto, (max-width: 1920px) 100vw, 1920px\" \/><\/figure><\/li><li class=\"blocks-gallery-item\"><figure><img loading=\"lazy\" decoding=\"async\" width=\"2560\" height=\"2255\" src=\"https:\/\/www.vidademadrid.com\/es\/wp-content\/uploads\/2022\/09\/IMG_8375-scaled.jpg\" alt=\"\" data-id=\"44763\" class=\"wp-image-44763\" srcset=\"https:\/\/www.vidademadrid.com\/es\/wp-content\/uploads\/2022\/09\/IMG_8375-scaled.jpg 2560w, https:\/\/www.vidademadrid.com\/es\/wp-content\/uploads\/2022\/09\/IMG_8375-300x264.jpg 300w, https:\/\/www.vidademadrid.com\/es\/wp-content\/uploads\/2022\/09\/IMG_8375-1024x902.jpg 1024w, https:\/\/www.vidademadrid.com\/es\/wp-content\/uploads\/2022\/09\/IMG_8375-768x677.jpg 768w, https:\/\/www.vidademadrid.com\/es\/wp-content\/uploads\/2022\/09\/IMG_8375-1536x1353.jpg 1536w, https:\/\/www.vidademadrid.com\/es\/wp-content\/uploads\/2022\/09\/IMG_8375-2048x1804.jpg 2048w, https:\/\/www.vidademadrid.com\/es\/wp-content\/uploads\/2022\/09\/IMG_8375-696x613.jpg 696w, https:\/\/www.vidademadrid.com\/es\/wp-content\/uploads\/2022\/09\/IMG_8375-1068x941.jpg 1068w, https:\/\/www.vidademadrid.com\/es\/wp-content\/uploads\/2022\/09\/IMG_8375-1920x1692.jpg 1920w, https:\/\/www.vidademadrid.com\/es\/wp-content\/uploads\/2022\/09\/IMG_8375-477x420.jpg 477w\" sizes=\"auto, (max-width: 2560px) 100vw, 2560px\" \/><\/figure><\/li><li class=\"blocks-gallery-item\"><figure><img loading=\"lazy\" decoding=\"async\" width=\"1920\" height=\"2560\" src=\"https:\/\/www.vidademadrid.com\/es\/wp-content\/uploads\/2022\/09\/IMG_8377-scaled.jpg\" alt=\"\" data-id=\"44764\" class=\"wp-image-44764\" srcset=\"https:\/\/www.vidademadrid.com\/es\/wp-content\/uploads\/2022\/09\/IMG_8377-scaled.jpg 1920w, https:\/\/www.vidademadrid.com\/es\/wp-content\/uploads\/2022\/09\/IMG_8377-225x300.jpg 225w, https:\/\/www.vidademadrid.com\/es\/wp-content\/uploads\/2022\/09\/IMG_8377-768x1024.jpg 768w, https:\/\/www.vidademadrid.com\/es\/wp-content\/uploads\/2022\/09\/IMG_8377-1152x1536.jpg 1152w, https:\/\/www.vidademadrid.com\/es\/wp-content\/uploads\/2022\/09\/IMG_8377-1536x2048.jpg 1536w, https:\/\/www.vidademadrid.com\/es\/wp-content\/uploads\/2022\/09\/IMG_8377-696x928.jpg 696w, https:\/\/www.vidademadrid.com\/es\/wp-content\/uploads\/2022\/09\/IMG_8377-1068x1424.jpg 1068w, https:\/\/www.vidademadrid.com\/es\/wp-content\/uploads\/2022\/09\/IMG_8377-315x420.jpg 315w\" sizes=\"auto, (max-width: 1920px) 100vw, 1920px\" \/><\/figure><\/li><\/ul><\/figure>\n","protected":false},"excerpt":{"rendered":"<p>En el barrio Salamanca <\/p>\n","protected":false},"author":13,"featured_media":44761,"comment_status":"open","ping_status":"open","sticky":false,"template":"","format":"standard","meta":{"footnotes":""},"categories":[111,3],"tags":[],"class_list":{"0":"post-44750","1":"post","2":"type-post","3":"status-publish","4":"format-standard","5":"has-post-thumbnail","7":"category-exposiciones-madrid","8":"category-visita-madrid"},"_links":{"self":[{"href":"https:\/\/www.vidademadrid.com\/es\/wp-json\/wp\/v2\/posts\/44750","targetHints":{"allow":["GET"]}}],"collection":[{"href":"https:\/\/www.vidademadrid.com\/es\/wp-json\/wp\/v2\/posts"}],"about":[{"href":"https:\/\/www.vidademadrid.com\/es\/wp-json\/wp\/v2\/types\/post"}],"author":[{"embeddable":true,"href":"https:\/\/www.vidademadrid.com\/es\/wp-json\/wp\/v2\/users\/13"}],"replies":[{"embeddable":true,"href":"https:\/\/www.vidademadrid.com\/es\/wp-json\/wp\/v2\/comments?post=44750"}],"version-history":[{"count":7,"href":"https:\/\/www.vidademadrid.com\/es\/wp-json\/wp\/v2\/posts\/44750\/revisions"}],"predecessor-version":[{"id":44771,"href":"https:\/\/www.vidademadrid.com\/es\/wp-json\/wp\/v2\/posts\/44750\/revisions\/44771"}],"wp:featuredmedia":[{"embeddable":true,"href":"https:\/\/www.vidademadrid.com\/es\/wp-json\/wp\/v2\/media\/44761"}],"wp:attachment":[{"href":"https:\/\/www.vidademadrid.com\/es\/wp-json\/wp\/v2\/media?parent=44750"}],"wp:term":[{"taxonomy":"category","embeddable":true,"href":"https:\/\/www.vidademadrid.com\/es\/wp-json\/wp\/v2\/categories?post=44750"},{"taxonomy":"post_tag","embeddable":true,"href":"https:\/\/www.vidademadrid.com\/es\/wp-json\/wp\/v2\/tags?post=44750"}],"curies":[{"name":"wp","href":"https:\/\/api.w.org\/{rel}","templated":true}]}}