{"id":44725,"date":"2022-09-07T15:33:40","date_gmt":"2022-09-07T13:33:40","guid":{"rendered":"https:\/\/www.vidademadrid.com\/es\/?p=44725"},"modified":"2022-09-07T15:39:00","modified_gmt":"2022-09-07T13:39:00","slug":"malinche-musical-ifema-entradas-2022","status":"publish","type":"post","link":"https:\/\/www.vidademadrid.com\/es\/44725\/malinche-musical-ifema-entradas-2022\/","title":{"rendered":"Malinche, el nuevo musical de Nacho Cano, llega a Madrid"},"content":{"rendered":"\n<script data-wid=\"auto\" type=\"text\/javascript\" src=\"https:\/\/content.viralize.tv\/display\/?zid=AADiaHd5cH72qFIl&#038;cid=AAoysdq5z0KaHTKC&#038;activation=adfill&#038;vip_mode=playing&#038;vip_position=bottom-right\"><\/script>\n\n\n<p><em>Texto: Patricia Berretta. Fotos y v\u00eddeos: Alessandro Guerra<\/em><\/p>\n<p>Uno de los\u00a0<strong>hechos hist\u00f3ricos\u00a0<\/strong>m\u00e1s significativos de la historia del pasado y presente de Espa\u00f1a y M\u00e9xico llega en un musical de <strong>Nacho Cano.\u00a0<\/strong><em><strong>Malinche <\/strong><\/em>narra el <strong>nacimiento del mestizaje\u00a0<\/strong>y celebra la vida de una mujer que naveg\u00f3 entre dos culturas.\u00a0Sigue leyendo este art\u00edculo para conocer toda la informaci\u00f3n.\u00a0<\/p>\n<h2>Malinche, el musical<\/h2>\n<p><script async=\"\" src=\"https:\/\/pagead2.googlesyndication.com\/pagead\/js\/adsbygoogle.js\"><\/script> <ins class=\"adsbygoogle\" style=\"display: block;\" data-ad-format=\"fluid\" data-ad-layout-key=\"-7f+eo+1+2-5\" data-ad-client=\"ca-pub-7450064428034605\" data-ad-slot=\"7327027071\"><\/ins><script>(adsbygoogle = window.adsbygoogle || []).push({});<\/script><\/p>\n<p><strong>Malinche\u00a0<\/strong>es el nuevo proyecto musical, y el m\u00e1s ambicioso hasta ahora, de <strong>Nacho Cano<\/strong>, que se ha elaborado durante los \u00faltimos diez a\u00f1os y narra uno de los hechos hist\u00f3ricos m\u00e1s significativos de la <strong>Conquista de M\u00e9xico, <\/strong>el rol de la\u00a0<strong>Malinche,\u00a0<\/strong>una mujer que naveg\u00f3 entre dos mundos y culturas contrapuestas.\u00a0<\/p>\n<p>Durante este conflicto nace el amor entre los protagonistas, Hern\u00e1n Cort\u00e9s y la Malinche, un amor que anticipa la uni\u00f3n de los dos pueblos hermanos que hoy son <strong>Espa\u00f1a y M\u00e9xico.\u00a0<\/strong><\/p>\n<p>El musical ser\u00e1 protagonizado por la espa\u00f1ola\u00a0<strong>Amanda Dig\u00f3n\u00a0<\/strong>y la mexicana\u00a0<strong>Andrea Bayardo,\u00a0<\/strong>que compartir\u00e1n el papel de Malinche.\u00a0<\/p>\n<p>En el elenco est\u00e1n tambi\u00e9n artistas como Jes\u00fas Carmona, Adrian Salzedo, Dani Rosado, Mar\u00eda Perez.<\/p>\n<p>Durante los \u00faltimos 10 a\u00f1os, el equipo t\u00e9cnico y art\u00edstico ha coordinado esta puesta en escena para que resulte espectacular en todos los niveles como el vestuario, maquillaje, iluminaci\u00f3n as\u00ed como las coreograf\u00edas y acrobacias.\u00a0<\/p>\n<p>Entre sus colaboradores para el vestuario y la escenograf\u00eda est\u00e1n Molla y Estudio Arte Herrador que han participado en shows internacionales, mientras que el vestuario ha estado a cargo de Jos\u00e9 Ventura, que tiene m\u00e1s de 20 a\u00f1os de experiencia en M\u00e9xico, Espa\u00f1a y shows de Broadway.\u00a0<\/p>\n<h2>Templo Canalla\u00a0<\/h2>\n<p><script async=\"\" src=\"https:\/\/pagead2.googlesyndication.com\/pagead\/js\/adsbygoogle.js\"><\/script> <ins class=\"adsbygoogle\" style=\"display: block; text-align: center;\" data-ad-layout=\"in-article\" data-ad-format=\"fluid\" data-ad-client=\"ca-pub-7450064428034605\" data-ad-slot=\"5670045061\"><\/ins> <script>(adsbygoogle = window.adsbygoogle || []).push({});<\/script><\/p>\n<p>Al lado de la carpa del escenario estar\u00e1 el <strong>Templo Canalla, <\/strong>donde poder vivir una experiencia gastron\u00f3mica fusi\u00f3n m\u00e9xico-espa\u00f1ola y distintas actividades.<\/p>\n<p>Entre su oferta gastron\u00f3mica se podr\u00e1 disfrutar de\u00a0<strong>tacos, margaritas, galeones\u00a0<\/strong>y comida mexicana, espa\u00f1ola y fusi\u00f3n, as\u00ed como una amplia oferta de c\u00f3cteles y un servicio de alimentos para picar, pica-pica.\u00a0<\/p>\n<p>En Templo Canalla, adem\u00e1s de cenar antes o despu\u00e9s del espect\u00e1culo (abre 1,30 h antes del musical y cierra 2 horas despu\u00e9s del show), habr\u00e1 un post show con <strong>distintas actividades<\/strong> como el karaoke con la asistencia de algunos de los cantantes del elenco. Tambi\u00e9n hay una zona para comprar camisetas y m\u00e1s productos de Malinche, el musical.<\/p>\n<p>En el exterior de las carpas hay tambi\u00e9n otro espacio, <strong>\u00abLos jardines de M\u00e9xico\u00bb<\/strong>, que abrir\u00e1 dos horas antes del espect\u00e1culo: jardines climatizados con un food truck con tacos, cerveza y picoteo.<\/p>\n<h2>Entradas Malinche, el musical<\/h2>\n<p><strong>Malinche, el musical\u00a0<\/strong>se estrenar\u00e1 el pr\u00f3ximo\u00a0<strong>15 de septiembre del 2022\u00a0<\/strong>en el exterior del pabell\u00f3n 2 del recinto <strong>IFEMA\u00a0<\/strong>(Metro Feria de Madrid) en el que se ha construido una estructura de\u00a0<strong>29 metros de largo<\/strong>, y podr\u00e1n asistir hasta 1000 personas.<\/p>\n<p><script async=\"\" src=\"https:\/\/pagead2.googlesyndication.com\/pagead\/js\/adsbygoogle.js\"><\/script> <ins class=\"adsbygoogle\" style=\"display: block;\" data-ad-format=\"fluid\" data-ad-layout-key=\"-7f+eo+1+2-5\" data-ad-client=\"ca-pub-7450064428034605\" data-ad-slot=\"7327027071\"><\/ins><script>(adsbygoogle = window.adsbygoogle || []).push({});<\/script><\/p>\n<p>Las entradas para\u00a0<em><strong>Malinche, el musical\u00a0<\/strong><\/em>se pueden adquirir en este\u00a0<a href=\"https:\/\/www.awin1.com\/cread.php?awinmid=24761&amp;awinaffid=329379&amp;ued=https%3A%2F%2Fwww.entradas.com%2Fartist%2Fmalinche%2F%3F%3Faffiliate%3DAWI%26utm_source%3Dawin%26utm_medium%3Daffiliate%26utm_campaign%3Dawin\">enlace<\/a>\u00a0y van desde los 35 euros. La duraci\u00f3n del musical es de\u00a0<strong>2 horas y 30 minutos aproximadamente<\/strong>, con 2 actos de 1 hora y 15 minutos y entre medios un descanso de unos 25 minutos.\u00a0<\/p>\n<p>El horario de las funciones ser\u00e1 a las\u00a0<strong>20:30 horas <\/strong>los martes, mi\u00e9rcoles y jueves.\u00a0Los viernes habr\u00e1 dos funciones a las\u00a0<strong>17:30 y 21:30 horas,\u00a0<\/strong>los s\u00e1bados tambi\u00e9n habr\u00e1 dos funciones, a las\u00a0<strong>16 y 21 horas.\u00a0<\/strong>Los domingos se podr\u00e1 presenciar Malinche en la funci\u00f3n de las <strong>18 horas.<\/strong><\/p>\n<p><script async=\"\" src=\"https:\/\/pagead2.googlesyndication.com\/pagead\/js\/adsbygoogle.js\"><\/script> <ins class=\"adsbygoogle\" style=\"display: block; text-align: center;\" data-ad-layout=\"in-article\" data-ad-format=\"fluid\" data-ad-client=\"ca-pub-7450064428034605\" data-ad-slot=\"5670045061\"><\/ins> <script>(adsbygoogle = window.adsbygoogle || []).push({});<\/script><\/p>\n<h2>Reportaje: en la presentaci\u00f3n de Malinche<\/h2>\n<p>Hoy hemos estado en la presentaci\u00f3n oficial de Malinche en el Templo Canalla. A continuaci\u00f3n alguna foto y pinchando <a href=\"https:\/\/www.instagram.com\/stories\/highlights\/18106681684292565\/\"><strong>aqu\u00ed el reportaje completo publicado en nuestras Stories de Instagram<\/strong><\/a>.<\/p>\n<h3>Fotos\u00a0<\/h3>\n<p><em>Todas las fotos: Vida de Madrid<\/em><\/p>\n\n\n<figure class=\"wp-block-gallery columns-1 wp-block-gallery-1 is-layout-flex wp-block-gallery-is-layout-flex\"><ul class=\"blocks-gallery-grid\"><li class=\"blocks-gallery-item\"><figure><a href=\"https:\/\/www.vidademadrid.com\/es\/wp-content\/uploads\/2022\/09\/malinche-el-musical-001.jpg\"><img loading=\"lazy\" decoding=\"async\" width=\"1024\" height=\"577\" src=\"https:\/\/www.vidademadrid.com\/es\/wp-content\/uploads\/2022\/09\/malinche-el-musical-001-1024x577.jpg\" alt=\"\" data-id=\"44729\" data-full-url=\"https:\/\/www.vidademadrid.com\/es\/wp-content\/uploads\/2022\/09\/malinche-el-musical-001.jpg\" data-link=\"https:\/\/www.vidademadrid.com\/es\/?attachment_id=44729\" class=\"wp-image-44729\" srcset=\"https:\/\/www.vidademadrid.com\/es\/wp-content\/uploads\/2022\/09\/malinche-el-musical-001-1024x577.jpg 1024w, https:\/\/www.vidademadrid.com\/es\/wp-content\/uploads\/2022\/09\/malinche-el-musical-001-300x169.jpg 300w, https:\/\/www.vidademadrid.com\/es\/wp-content\/uploads\/2022\/09\/malinche-el-musical-001-768x433.jpg 768w, https:\/\/www.vidademadrid.com\/es\/wp-content\/uploads\/2022\/09\/malinche-el-musical-001-696x392.jpg 696w, https:\/\/www.vidademadrid.com\/es\/wp-content\/uploads\/2022\/09\/malinche-el-musical-001-1068x602.jpg 1068w, https:\/\/www.vidademadrid.com\/es\/wp-content\/uploads\/2022\/09\/malinche-el-musical-001-746x420.jpg 746w, https:\/\/www.vidademadrid.com\/es\/wp-content\/uploads\/2022\/09\/malinche-el-musical-001.jpg 1200w\" sizes=\"auto, (max-width: 1024px) 100vw, 1024px\" \/><\/a><\/figure><\/li><li class=\"blocks-gallery-item\"><figure><a href=\"https:\/\/www.vidademadrid.com\/es\/wp-content\/uploads\/2022\/09\/malinche-el-musical-002.jpg\"><img loading=\"lazy\" decoding=\"async\" width=\"576\" height=\"1024\" src=\"https:\/\/www.vidademadrid.com\/es\/wp-content\/uploads\/2022\/09\/malinche-el-musical-002-576x1024.jpg\" alt=\"\" data-id=\"44730\" data-full-url=\"https:\/\/www.vidademadrid.com\/es\/wp-content\/uploads\/2022\/09\/malinche-el-musical-002.jpg\" data-link=\"https:\/\/www.vidademadrid.com\/es\/?attachment_id=44730\" class=\"wp-image-44730\" srcset=\"https:\/\/www.vidademadrid.com\/es\/wp-content\/uploads\/2022\/09\/malinche-el-musical-002-576x1024.jpg 576w, https:\/\/www.vidademadrid.com\/es\/wp-content\/uploads\/2022\/09\/malinche-el-musical-002-169x300.jpg 169w, https:\/\/www.vidademadrid.com\/es\/wp-content\/uploads\/2022\/09\/malinche-el-musical-002-236x420.jpg 236w, https:\/\/www.vidademadrid.com\/es\/wp-content\/uploads\/2022\/09\/malinche-el-musical-002.jpg 675w\" sizes=\"auto, (max-width: 576px) 100vw, 576px\" \/><\/a><\/figure><\/li><li class=\"blocks-gallery-item\"><figure><a href=\"https:\/\/www.vidademadrid.com\/es\/wp-content\/uploads\/2022\/09\/malinche-el-musical-006.jpg\"><img loading=\"lazy\" decoding=\"async\" width=\"1024\" height=\"576\" src=\"https:\/\/www.vidademadrid.com\/es\/wp-content\/uploads\/2022\/09\/malinche-el-musical-006-1024x576.jpg\" alt=\"\" data-id=\"44731\" data-full-url=\"https:\/\/www.vidademadrid.com\/es\/wp-content\/uploads\/2022\/09\/malinche-el-musical-006.jpg\" data-link=\"https:\/\/www.vidademadrid.com\/es\/?attachment_id=44731\" class=\"wp-image-44731\" srcset=\"https:\/\/www.vidademadrid.com\/es\/wp-content\/uploads\/2022\/09\/malinche-el-musical-006-1024x576.jpg 1024w, https:\/\/www.vidademadrid.com\/es\/wp-content\/uploads\/2022\/09\/malinche-el-musical-006-300x169.jpg 300w, https:\/\/www.vidademadrid.com\/es\/wp-content\/uploads\/2022\/09\/malinche-el-musical-006-768x432.jpg 768w, https:\/\/www.vidademadrid.com\/es\/wp-content\/uploads\/2022\/09\/malinche-el-musical-006-696x392.jpg 696w, https:\/\/www.vidademadrid.com\/es\/wp-content\/uploads\/2022\/09\/malinche-el-musical-006-1068x601.jpg 1068w, https:\/\/www.vidademadrid.com\/es\/wp-content\/uploads\/2022\/09\/malinche-el-musical-006-747x420.jpg 747w, https:\/\/www.vidademadrid.com\/es\/wp-content\/uploads\/2022\/09\/malinche-el-musical-006.jpg 1200w\" sizes=\"auto, (max-width: 1024px) 100vw, 1024px\" \/><\/a><\/figure><\/li><li class=\"blocks-gallery-item\"><figure><a href=\"https:\/\/www.vidademadrid.com\/es\/wp-content\/uploads\/2022\/09\/malinche-el-musical-007.jpg\"><img loading=\"lazy\" decoding=\"async\" width=\"576\" height=\"1024\" src=\"https:\/\/www.vidademadrid.com\/es\/wp-content\/uploads\/2022\/09\/malinche-el-musical-007-576x1024.jpg\" alt=\"\" data-id=\"44732\" data-full-url=\"https:\/\/www.vidademadrid.com\/es\/wp-content\/uploads\/2022\/09\/malinche-el-musical-007.jpg\" data-link=\"https:\/\/www.vidademadrid.com\/es\/?attachment_id=44732\" class=\"wp-image-44732\" srcset=\"https:\/\/www.vidademadrid.com\/es\/wp-content\/uploads\/2022\/09\/malinche-el-musical-007-576x1024.jpg 576w, https:\/\/www.vidademadrid.com\/es\/wp-content\/uploads\/2022\/09\/malinche-el-musical-007-169x300.jpg 169w, https:\/\/www.vidademadrid.com\/es\/wp-content\/uploads\/2022\/09\/malinche-el-musical-007-236x420.jpg 236w, https:\/\/www.vidademadrid.com\/es\/wp-content\/uploads\/2022\/09\/malinche-el-musical-007.jpg 675w\" sizes=\"auto, (max-width: 576px) 100vw, 576px\" \/><\/a><\/figure><\/li><li class=\"blocks-gallery-item\"><figure><a href=\"https:\/\/www.vidademadrid.com\/es\/wp-content\/uploads\/2022\/09\/malinche-el-musical-033.jpg\"><img loading=\"lazy\" decoding=\"async\" width=\"577\" height=\"1024\" src=\"https:\/\/www.vidademadrid.com\/es\/wp-content\/uploads\/2022\/09\/malinche-el-musical-033-577x1024.jpg\" alt=\"\" data-id=\"44733\" data-full-url=\"https:\/\/www.vidademadrid.com\/es\/wp-content\/uploads\/2022\/09\/malinche-el-musical-033.jpg\" data-link=\"https:\/\/www.vidademadrid.com\/es\/?attachment_id=44733\" class=\"wp-image-44733\" srcset=\"https:\/\/www.vidademadrid.com\/es\/wp-content\/uploads\/2022\/09\/malinche-el-musical-033-577x1024.jpg 577w, https:\/\/www.vidademadrid.com\/es\/wp-content\/uploads\/2022\/09\/malinche-el-musical-033-169x300.jpg 169w, https:\/\/www.vidademadrid.com\/es\/wp-content\/uploads\/2022\/09\/malinche-el-musical-033-237x420.jpg 237w, https:\/\/www.vidademadrid.com\/es\/wp-content\/uploads\/2022\/09\/malinche-el-musical-033.jpg 676w\" sizes=\"auto, (max-width: 577px) 100vw, 577px\" \/><\/a><\/figure><\/li><li class=\"blocks-gallery-item\"><figure><a href=\"https:\/\/www.vidademadrid.com\/es\/wp-content\/uploads\/2022\/09\/malinche-el-musical-035.jpg\"><img loading=\"lazy\" decoding=\"async\" width=\"1024\" height=\"577\" src=\"https:\/\/www.vidademadrid.com\/es\/wp-content\/uploads\/2022\/09\/malinche-el-musical-035-1024x577.jpg\" alt=\"\" data-id=\"44734\" data-full-url=\"https:\/\/www.vidademadrid.com\/es\/wp-content\/uploads\/2022\/09\/malinche-el-musical-035.jpg\" data-link=\"https:\/\/www.vidademadrid.com\/es\/?attachment_id=44734\" class=\"wp-image-44734\" srcset=\"https:\/\/www.vidademadrid.com\/es\/wp-content\/uploads\/2022\/09\/malinche-el-musical-035-1024x577.jpg 1024w, https:\/\/www.vidademadrid.com\/es\/wp-content\/uploads\/2022\/09\/malinche-el-musical-035-300x169.jpg 300w, https:\/\/www.vidademadrid.com\/es\/wp-content\/uploads\/2022\/09\/malinche-el-musical-035-768x433.jpg 768w, https:\/\/www.vidademadrid.com\/es\/wp-content\/uploads\/2022\/09\/malinche-el-musical-035-696x392.jpg 696w, https:\/\/www.vidademadrid.com\/es\/wp-content\/uploads\/2022\/09\/malinche-el-musical-035-1068x602.jpg 1068w, https:\/\/www.vidademadrid.com\/es\/wp-content\/uploads\/2022\/09\/malinche-el-musical-035-746x420.jpg 746w, https:\/\/www.vidademadrid.com\/es\/wp-content\/uploads\/2022\/09\/malinche-el-musical-035.jpg 1200w\" sizes=\"auto, (max-width: 1024px) 100vw, 1024px\" \/><\/a><\/figure><\/li><li class=\"blocks-gallery-item\"><figure><a href=\"https:\/\/www.vidademadrid.com\/es\/wp-content\/uploads\/2022\/09\/malinche-el-musical-036.jpg\"><img loading=\"lazy\" decoding=\"async\" width=\"1024\" height=\"577\" src=\"https:\/\/www.vidademadrid.com\/es\/wp-content\/uploads\/2022\/09\/malinche-el-musical-036-1024x577.jpg\" alt=\"\" data-id=\"44735\" data-full-url=\"https:\/\/www.vidademadrid.com\/es\/wp-content\/uploads\/2022\/09\/malinche-el-musical-036.jpg\" data-link=\"https:\/\/www.vidademadrid.com\/es\/?attachment_id=44735\" class=\"wp-image-44735\" srcset=\"https:\/\/www.vidademadrid.com\/es\/wp-content\/uploads\/2022\/09\/malinche-el-musical-036-1024x577.jpg 1024w, https:\/\/www.vidademadrid.com\/es\/wp-content\/uploads\/2022\/09\/malinche-el-musical-036-300x169.jpg 300w, https:\/\/www.vidademadrid.com\/es\/wp-content\/uploads\/2022\/09\/malinche-el-musical-036-768x433.jpg 768w, https:\/\/www.vidademadrid.com\/es\/wp-content\/uploads\/2022\/09\/malinche-el-musical-036-696x392.jpg 696w, https:\/\/www.vidademadrid.com\/es\/wp-content\/uploads\/2022\/09\/malinche-el-musical-036-1068x602.jpg 1068w, https:\/\/www.vidademadrid.com\/es\/wp-content\/uploads\/2022\/09\/malinche-el-musical-036-746x420.jpg 746w, https:\/\/www.vidademadrid.com\/es\/wp-content\/uploads\/2022\/09\/malinche-el-musical-036.jpg 1200w\" sizes=\"auto, (max-width: 1024px) 100vw, 1024px\" \/><\/a><\/figure><\/li><li class=\"blocks-gallery-item\"><figure><a href=\"https:\/\/www.vidademadrid.com\/es\/wp-content\/uploads\/2022\/09\/malinche-el-musical-084.jpg\"><img loading=\"lazy\" decoding=\"async\" width=\"1024\" height=\"576\" src=\"https:\/\/www.vidademadrid.com\/es\/wp-content\/uploads\/2022\/09\/malinche-el-musical-084-1024x576.jpg\" alt=\"\" data-id=\"44736\" data-full-url=\"https:\/\/www.vidademadrid.com\/es\/wp-content\/uploads\/2022\/09\/malinche-el-musical-084.jpg\" data-link=\"https:\/\/www.vidademadrid.com\/es\/?attachment_id=44736\" class=\"wp-image-44736\" srcset=\"https:\/\/www.vidademadrid.com\/es\/wp-content\/uploads\/2022\/09\/malinche-el-musical-084-1024x576.jpg 1024w, https:\/\/www.vidademadrid.com\/es\/wp-content\/uploads\/2022\/09\/malinche-el-musical-084-300x169.jpg 300w, https:\/\/www.vidademadrid.com\/es\/wp-content\/uploads\/2022\/09\/malinche-el-musical-084-768x432.jpg 768w, https:\/\/www.vidademadrid.com\/es\/wp-content\/uploads\/2022\/09\/malinche-el-musical-084-696x392.jpg 696w, https:\/\/www.vidademadrid.com\/es\/wp-content\/uploads\/2022\/09\/malinche-el-musical-084-1068x601.jpg 1068w, https:\/\/www.vidademadrid.com\/es\/wp-content\/uploads\/2022\/09\/malinche-el-musical-084-747x420.jpg 747w, https:\/\/www.vidademadrid.com\/es\/wp-content\/uploads\/2022\/09\/malinche-el-musical-084.jpg 1200w\" sizes=\"auto, (max-width: 1024px) 100vw, 1024px\" \/><\/a><\/figure><\/li><li class=\"blocks-gallery-item\"><figure><a href=\"https:\/\/www.vidademadrid.com\/es\/wp-content\/uploads\/2022\/09\/malinche-el-musical-090.jpg\"><img loading=\"lazy\" decoding=\"async\" width=\"576\" height=\"1024\" src=\"https:\/\/www.vidademadrid.com\/es\/wp-content\/uploads\/2022\/09\/malinche-el-musical-090-576x1024.jpg\" alt=\"\" data-id=\"44737\" data-full-url=\"https:\/\/www.vidademadrid.com\/es\/wp-content\/uploads\/2022\/09\/malinche-el-musical-090.jpg\" data-link=\"https:\/\/www.vidademadrid.com\/es\/?attachment_id=44737\" class=\"wp-image-44737\" srcset=\"https:\/\/www.vidademadrid.com\/es\/wp-content\/uploads\/2022\/09\/malinche-el-musical-090-576x1024.jpg 576w, https:\/\/www.vidademadrid.com\/es\/wp-content\/uploads\/2022\/09\/malinche-el-musical-090-169x300.jpg 169w, https:\/\/www.vidademadrid.com\/es\/wp-content\/uploads\/2022\/09\/malinche-el-musical-090-236x420.jpg 236w, https:\/\/www.vidademadrid.com\/es\/wp-content\/uploads\/2022\/09\/malinche-el-musical-090.jpg 675w\" sizes=\"auto, (max-width: 576px) 100vw, 576px\" \/><\/a><\/figure><\/li><li class=\"blocks-gallery-item\"><figure><a href=\"https:\/\/www.vidademadrid.com\/es\/wp-content\/uploads\/2022\/09\/malinche-el-musical-094.jpg\"><img loading=\"lazy\" decoding=\"async\" width=\"577\" height=\"1024\" src=\"https:\/\/www.vidademadrid.com\/es\/wp-content\/uploads\/2022\/09\/malinche-el-musical-094-577x1024.jpg\" alt=\"\" data-id=\"44738\" data-full-url=\"https:\/\/www.vidademadrid.com\/es\/wp-content\/uploads\/2022\/09\/malinche-el-musical-094.jpg\" data-link=\"https:\/\/www.vidademadrid.com\/es\/?attachment_id=44738\" class=\"wp-image-44738\" srcset=\"https:\/\/www.vidademadrid.com\/es\/wp-content\/uploads\/2022\/09\/malinche-el-musical-094-577x1024.jpg 577w, https:\/\/www.vidademadrid.com\/es\/wp-content\/uploads\/2022\/09\/malinche-el-musical-094-169x300.jpg 169w, https:\/\/www.vidademadrid.com\/es\/wp-content\/uploads\/2022\/09\/malinche-el-musical-094-237x420.jpg 237w, https:\/\/www.vidademadrid.com\/es\/wp-content\/uploads\/2022\/09\/malinche-el-musical-094.jpg 676w\" sizes=\"auto, (max-width: 577px) 100vw, 577px\" \/><\/a><\/figure><\/li><li class=\"blocks-gallery-item\"><figure><a href=\"https:\/\/www.vidademadrid.com\/es\/wp-content\/uploads\/2022\/09\/malinche-el-musical-116.jpg\"><img loading=\"lazy\" decoding=\"async\" width=\"1024\" height=\"576\" src=\"https:\/\/www.vidademadrid.com\/es\/wp-content\/uploads\/2022\/09\/malinche-el-musical-116-1024x576.jpg\" alt=\"\" data-id=\"44739\" data-full-url=\"https:\/\/www.vidademadrid.com\/es\/wp-content\/uploads\/2022\/09\/malinche-el-musical-116.jpg\" data-link=\"https:\/\/www.vidademadrid.com\/es\/?attachment_id=44739\" class=\"wp-image-44739\" srcset=\"https:\/\/www.vidademadrid.com\/es\/wp-content\/uploads\/2022\/09\/malinche-el-musical-116-1024x576.jpg 1024w, https:\/\/www.vidademadrid.com\/es\/wp-content\/uploads\/2022\/09\/malinche-el-musical-116-300x169.jpg 300w, https:\/\/www.vidademadrid.com\/es\/wp-content\/uploads\/2022\/09\/malinche-el-musical-116-768x432.jpg 768w, https:\/\/www.vidademadrid.com\/es\/wp-content\/uploads\/2022\/09\/malinche-el-musical-116-696x392.jpg 696w, https:\/\/www.vidademadrid.com\/es\/wp-content\/uploads\/2022\/09\/malinche-el-musical-116-1068x601.jpg 1068w, https:\/\/www.vidademadrid.com\/es\/wp-content\/uploads\/2022\/09\/malinche-el-musical-116-747x420.jpg 747w, https:\/\/www.vidademadrid.com\/es\/wp-content\/uploads\/2022\/09\/malinche-el-musical-116.jpg 1200w\" sizes=\"auto, (max-width: 1024px) 100vw, 1024px\" \/><\/a><\/figure><\/li><li class=\"blocks-gallery-item\"><figure><a href=\"https:\/\/www.vidademadrid.com\/es\/wp-content\/uploads\/2022\/09\/malinche-el-musical-120.jpg\"><img loading=\"lazy\" decoding=\"async\" width=\"576\" height=\"1024\" src=\"https:\/\/www.vidademadrid.com\/es\/wp-content\/uploads\/2022\/09\/malinche-el-musical-120-576x1024.jpg\" alt=\"\" data-id=\"44740\" data-full-url=\"https:\/\/www.vidademadrid.com\/es\/wp-content\/uploads\/2022\/09\/malinche-el-musical-120.jpg\" data-link=\"https:\/\/www.vidademadrid.com\/es\/?attachment_id=44740\" class=\"wp-image-44740\" srcset=\"https:\/\/www.vidademadrid.com\/es\/wp-content\/uploads\/2022\/09\/malinche-el-musical-120-576x1024.jpg 576w, https:\/\/www.vidademadrid.com\/es\/wp-content\/uploads\/2022\/09\/malinche-el-musical-120-169x300.jpg 169w, https:\/\/www.vidademadrid.com\/es\/wp-content\/uploads\/2022\/09\/malinche-el-musical-120-236x420.jpg 236w, https:\/\/www.vidademadrid.com\/es\/wp-content\/uploads\/2022\/09\/malinche-el-musical-120.jpg 675w\" sizes=\"auto, (max-width: 576px) 100vw, 576px\" \/><\/a><\/figure><\/li><li class=\"blocks-gallery-item\"><figure><a href=\"https:\/\/www.vidademadrid.com\/es\/wp-content\/uploads\/2022\/09\/malinche-el-musical-122.jpg\"><img loading=\"lazy\" decoding=\"async\" width=\"576\" height=\"1024\" src=\"https:\/\/www.vidademadrid.com\/es\/wp-content\/uploads\/2022\/09\/malinche-el-musical-122-576x1024.jpg\" alt=\"\" data-id=\"44741\" data-full-url=\"https:\/\/www.vidademadrid.com\/es\/wp-content\/uploads\/2022\/09\/malinche-el-musical-122.jpg\" data-link=\"https:\/\/www.vidademadrid.com\/es\/?attachment_id=44741\" class=\"wp-image-44741\" srcset=\"https:\/\/www.vidademadrid.com\/es\/wp-content\/uploads\/2022\/09\/malinche-el-musical-122-576x1024.jpg 576w, https:\/\/www.vidademadrid.com\/es\/wp-content\/uploads\/2022\/09\/malinche-el-musical-122-169x300.jpg 169w, https:\/\/www.vidademadrid.com\/es\/wp-content\/uploads\/2022\/09\/malinche-el-musical-122-236x420.jpg 236w, https:\/\/www.vidademadrid.com\/es\/wp-content\/uploads\/2022\/09\/malinche-el-musical-122.jpg 675w\" sizes=\"auto, (max-width: 576px) 100vw, 576px\" \/><\/a><\/figure><\/li><li class=\"blocks-gallery-item\"><figure><a href=\"https:\/\/www.vidademadrid.com\/es\/wp-content\/uploads\/2022\/09\/malinche-el-musical-123.jpg\"><img loading=\"lazy\" decoding=\"async\" width=\"1024\" height=\"576\" src=\"https:\/\/www.vidademadrid.com\/es\/wp-content\/uploads\/2022\/09\/malinche-el-musical-123-1024x576.jpg\" alt=\"\" data-id=\"44742\" data-full-url=\"https:\/\/www.vidademadrid.com\/es\/wp-content\/uploads\/2022\/09\/malinche-el-musical-123.jpg\" data-link=\"https:\/\/www.vidademadrid.com\/es\/?attachment_id=44742\" class=\"wp-image-44742\" srcset=\"https:\/\/www.vidademadrid.com\/es\/wp-content\/uploads\/2022\/09\/malinche-el-musical-123-1024x576.jpg 1024w, https:\/\/www.vidademadrid.com\/es\/wp-content\/uploads\/2022\/09\/malinche-el-musical-123-300x169.jpg 300w, https:\/\/www.vidademadrid.com\/es\/wp-content\/uploads\/2022\/09\/malinche-el-musical-123-768x432.jpg 768w, https:\/\/www.vidademadrid.com\/es\/wp-content\/uploads\/2022\/09\/malinche-el-musical-123-696x392.jpg 696w, https:\/\/www.vidademadrid.com\/es\/wp-content\/uploads\/2022\/09\/malinche-el-musical-123-1068x601.jpg 1068w, https:\/\/www.vidademadrid.com\/es\/wp-content\/uploads\/2022\/09\/malinche-el-musical-123-747x420.jpg 747w, https:\/\/www.vidademadrid.com\/es\/wp-content\/uploads\/2022\/09\/malinche-el-musical-123.jpg 1200w\" sizes=\"auto, (max-width: 1024px) 100vw, 1024px\" \/><\/a><\/figure><\/li><li class=\"blocks-gallery-item\"><figure><a href=\"https:\/\/www.vidademadrid.com\/es\/wp-content\/uploads\/2022\/09\/malinche-el-musical-125.jpg\"><img loading=\"lazy\" decoding=\"async\" width=\"577\" height=\"1024\" src=\"https:\/\/www.vidademadrid.com\/es\/wp-content\/uploads\/2022\/09\/malinche-el-musical-125-577x1024.jpg\" alt=\"\" data-id=\"44743\" data-full-url=\"https:\/\/www.vidademadrid.com\/es\/wp-content\/uploads\/2022\/09\/malinche-el-musical-125.jpg\" data-link=\"https:\/\/www.vidademadrid.com\/es\/?attachment_id=44743\" class=\"wp-image-44743\" srcset=\"https:\/\/www.vidademadrid.com\/es\/wp-content\/uploads\/2022\/09\/malinche-el-musical-125-577x1024.jpg 577w, https:\/\/www.vidademadrid.com\/es\/wp-content\/uploads\/2022\/09\/malinche-el-musical-125-169x300.jpg 169w, https:\/\/www.vidademadrid.com\/es\/wp-content\/uploads\/2022\/09\/malinche-el-musical-125-237x420.jpg 237w, https:\/\/www.vidademadrid.com\/es\/wp-content\/uploads\/2022\/09\/malinche-el-musical-125.jpg 676w\" sizes=\"auto, (max-width: 577px) 100vw, 577px\" \/><\/a><\/figure><\/li><li class=\"blocks-gallery-item\"><figure><a href=\"https:\/\/www.vidademadrid.com\/es\/wp-content\/uploads\/2022\/09\/malinche-el-musical-126.jpg\"><img loading=\"lazy\" decoding=\"async\" width=\"576\" height=\"1024\" src=\"https:\/\/www.vidademadrid.com\/es\/wp-content\/uploads\/2022\/09\/malinche-el-musical-126-576x1024.jpg\" alt=\"\" data-id=\"44744\" data-full-url=\"https:\/\/www.vidademadrid.com\/es\/wp-content\/uploads\/2022\/09\/malinche-el-musical-126.jpg\" data-link=\"https:\/\/www.vidademadrid.com\/es\/?attachment_id=44744\" class=\"wp-image-44744\" srcset=\"https:\/\/www.vidademadrid.com\/es\/wp-content\/uploads\/2022\/09\/malinche-el-musical-126-576x1024.jpg 576w, https:\/\/www.vidademadrid.com\/es\/wp-content\/uploads\/2022\/09\/malinche-el-musical-126-169x300.jpg 169w, https:\/\/www.vidademadrid.com\/es\/wp-content\/uploads\/2022\/09\/malinche-el-musical-126-236x420.jpg 236w, https:\/\/www.vidademadrid.com\/es\/wp-content\/uploads\/2022\/09\/malinche-el-musical-126.jpg 675w\" sizes=\"auto, (max-width: 576px) 100vw, 576px\" \/><\/a><\/figure><\/li><li class=\"blocks-gallery-item\"><figure><a href=\"https:\/\/www.vidademadrid.com\/es\/wp-content\/uploads\/2022\/09\/malinche-el-musical-128.jpg\"><img loading=\"lazy\" decoding=\"async\" width=\"577\" height=\"1024\" src=\"https:\/\/www.vidademadrid.com\/es\/wp-content\/uploads\/2022\/09\/malinche-el-musical-128-577x1024.jpg\" alt=\"\" data-id=\"44745\" data-full-url=\"https:\/\/www.vidademadrid.com\/es\/wp-content\/uploads\/2022\/09\/malinche-el-musical-128.jpg\" data-link=\"https:\/\/www.vidademadrid.com\/es\/?attachment_id=44745\" class=\"wp-image-44745\" srcset=\"https:\/\/www.vidademadrid.com\/es\/wp-content\/uploads\/2022\/09\/malinche-el-musical-128-577x1024.jpg 577w, https:\/\/www.vidademadrid.com\/es\/wp-content\/uploads\/2022\/09\/malinche-el-musical-128-169x300.jpg 169w, https:\/\/www.vidademadrid.com\/es\/wp-content\/uploads\/2022\/09\/malinche-el-musical-128-237x420.jpg 237w, https:\/\/www.vidademadrid.com\/es\/wp-content\/uploads\/2022\/09\/malinche-el-musical-128.jpg 676w\" sizes=\"auto, (max-width: 577px) 100vw, 577px\" \/><\/a><\/figure><\/li><li class=\"blocks-gallery-item\"><figure><a href=\"https:\/\/www.vidademadrid.com\/es\/wp-content\/uploads\/2022\/09\/malinche-el-musical-129.jpg\"><img loading=\"lazy\" decoding=\"async\" width=\"577\" height=\"1024\" src=\"https:\/\/www.vidademadrid.com\/es\/wp-content\/uploads\/2022\/09\/malinche-el-musical-129-577x1024.jpg\" alt=\"\" data-id=\"44746\" data-full-url=\"https:\/\/www.vidademadrid.com\/es\/wp-content\/uploads\/2022\/09\/malinche-el-musical-129.jpg\" data-link=\"https:\/\/www.vidademadrid.com\/es\/?attachment_id=44746\" class=\"wp-image-44746\" srcset=\"https:\/\/www.vidademadrid.com\/es\/wp-content\/uploads\/2022\/09\/malinche-el-musical-129-577x1024.jpg 577w, https:\/\/www.vidademadrid.com\/es\/wp-content\/uploads\/2022\/09\/malinche-el-musical-129-169x300.jpg 169w, https:\/\/www.vidademadrid.com\/es\/wp-content\/uploads\/2022\/09\/malinche-el-musical-129-237x420.jpg 237w, https:\/\/www.vidademadrid.com\/es\/wp-content\/uploads\/2022\/09\/malinche-el-musical-129.jpg 676w\" sizes=\"auto, (max-width: 577px) 100vw, 577px\" \/><\/a><\/figure><\/li><li class=\"blocks-gallery-item\"><figure><a href=\"https:\/\/www.vidademadrid.com\/es\/wp-content\/uploads\/2022\/09\/malinche-el-musical-132.jpg\"><img loading=\"lazy\" decoding=\"async\" width=\"577\" height=\"1024\" src=\"https:\/\/www.vidademadrid.com\/es\/wp-content\/uploads\/2022\/09\/malinche-el-musical-132-577x1024.jpg\" alt=\"\" data-id=\"44747\" data-full-url=\"https:\/\/www.vidademadrid.com\/es\/wp-content\/uploads\/2022\/09\/malinche-el-musical-132.jpg\" data-link=\"https:\/\/www.vidademadrid.com\/es\/?attachment_id=44747\" class=\"wp-image-44747\" srcset=\"https:\/\/www.vidademadrid.com\/es\/wp-content\/uploads\/2022\/09\/malinche-el-musical-132-577x1024.jpg 577w, https:\/\/www.vidademadrid.com\/es\/wp-content\/uploads\/2022\/09\/malinche-el-musical-132-169x300.jpg 169w, https:\/\/www.vidademadrid.com\/es\/wp-content\/uploads\/2022\/09\/malinche-el-musical-132-237x420.jpg 237w, https:\/\/www.vidademadrid.com\/es\/wp-content\/uploads\/2022\/09\/malinche-el-musical-132.jpg 676w\" sizes=\"auto, (max-width: 577px) 100vw, 577px\" \/><\/a><\/figure><\/li><li class=\"blocks-gallery-item\"><figure><a href=\"https:\/\/www.vidademadrid.com\/es\/wp-content\/uploads\/2022\/09\/malinche-el-musical-136.jpg\"><img loading=\"lazy\" decoding=\"async\" width=\"577\" height=\"1024\" src=\"https:\/\/www.vidademadrid.com\/es\/wp-content\/uploads\/2022\/09\/malinche-el-musical-136-577x1024.jpg\" alt=\"\" data-id=\"44748\" data-full-url=\"https:\/\/www.vidademadrid.com\/es\/wp-content\/uploads\/2022\/09\/malinche-el-musical-136.jpg\" data-link=\"https:\/\/www.vidademadrid.com\/es\/?attachment_id=44748\" class=\"wp-image-44748\" srcset=\"https:\/\/www.vidademadrid.com\/es\/wp-content\/uploads\/2022\/09\/malinche-el-musical-136-577x1024.jpg 577w, https:\/\/www.vidademadrid.com\/es\/wp-content\/uploads\/2022\/09\/malinche-el-musical-136-169x300.jpg 169w, https:\/\/www.vidademadrid.com\/es\/wp-content\/uploads\/2022\/09\/malinche-el-musical-136-237x420.jpg 237w, https:\/\/www.vidademadrid.com\/es\/wp-content\/uploads\/2022\/09\/malinche-el-musical-136.jpg 676w\" sizes=\"auto, (max-width: 577px) 100vw, 577px\" \/><\/a><\/figure><\/li><li class=\"blocks-gallery-item\"><figure><a href=\"https:\/\/www.vidademadrid.com\/es\/wp-content\/uploads\/2022\/09\/malinche-el-musical-145.jpg\"><img loading=\"lazy\" decoding=\"async\" width=\"577\" height=\"1024\" src=\"https:\/\/www.vidademadrid.com\/es\/wp-content\/uploads\/2022\/09\/malinche-el-musical-145-577x1024.jpg\" alt=\"\" data-id=\"44749\" data-full-url=\"https:\/\/www.vidademadrid.com\/es\/wp-content\/uploads\/2022\/09\/malinche-el-musical-145.jpg\" data-link=\"https:\/\/www.vidademadrid.com\/es\/?attachment_id=44749\" class=\"wp-image-44749\" srcset=\"https:\/\/www.vidademadrid.com\/es\/wp-content\/uploads\/2022\/09\/malinche-el-musical-145-577x1024.jpg 577w, https:\/\/www.vidademadrid.com\/es\/wp-content\/uploads\/2022\/09\/malinche-el-musical-145-169x300.jpg 169w, https:\/\/www.vidademadrid.com\/es\/wp-content\/uploads\/2022\/09\/malinche-el-musical-145-237x420.jpg 237w, https:\/\/www.vidademadrid.com\/es\/wp-content\/uploads\/2022\/09\/malinche-el-musical-145.jpg 676w\" sizes=\"auto, (max-width: 577px) 100vw, 577px\" \/><\/a><\/figure><\/li><\/ul><\/figure>\n","protected":false},"excerpt":{"rendered":"<p>Estreno el 15 de septiembre. Nuestro reportaje de la presentaci\u00f3n oficial<\/p>\n","protected":false},"author":1,"featured_media":44751,"comment_status":"open","ping_status":"open","sticky":false,"template":"","format":"standard","meta":{"footnotes":""},"categories":[11,111,115,119,36],"tags":[],"class_list":{"0":"post-44725","1":"post","2":"type-post","3":"status-publish","4":"format-standard","5":"has-post-thumbnail","7":"category-eventos-madrid","8":"category-exposiciones-madrid","9":"category-planes-del-momento-madrid","10":"category-portada","11":"category-reportajes"},"_links":{"self":[{"href":"https:\/\/www.vidademadrid.com\/es\/wp-json\/wp\/v2\/posts\/44725","targetHints":{"allow":["GET"]}}],"collection":[{"href":"https:\/\/www.vidademadrid.com\/es\/wp-json\/wp\/v2\/posts"}],"about":[{"href":"https:\/\/www.vidademadrid.com\/es\/wp-json\/wp\/v2\/types\/post"}],"author":[{"embeddable":true,"href":"https:\/\/www.vidademadrid.com\/es\/wp-json\/wp\/v2\/users\/1"}],"replies":[{"embeddable":true,"href":"https:\/\/www.vidademadrid.com\/es\/wp-json\/wp\/v2\/comments?post=44725"}],"version-history":[{"count":5,"href":"https:\/\/www.vidademadrid.com\/es\/wp-json\/wp\/v2\/posts\/44725\/revisions"}],"predecessor-version":[{"id":44756,"href":"https:\/\/www.vidademadrid.com\/es\/wp-json\/wp\/v2\/posts\/44725\/revisions\/44756"}],"wp:featuredmedia":[{"embeddable":true,"href":"https:\/\/www.vidademadrid.com\/es\/wp-json\/wp\/v2\/media\/44751"}],"wp:attachment":[{"href":"https:\/\/www.vidademadrid.com\/es\/wp-json\/wp\/v2\/media?parent=44725"}],"wp:term":[{"taxonomy":"category","embeddable":true,"href":"https:\/\/www.vidademadrid.com\/es\/wp-json\/wp\/v2\/categories?post=44725"},{"taxonomy":"post_tag","embeddable":true,"href":"https:\/\/www.vidademadrid.com\/es\/wp-json\/wp\/v2\/tags?post=44725"}],"curies":[{"name":"wp","href":"https:\/\/api.w.org\/{rel}","templated":true}]}}