{"id":44697,"date":"2022-09-06T11:58:16","date_gmt":"2022-09-06T09:58:16","guid":{"rendered":"https:\/\/www.vidademadrid.com\/es\/?p=44697"},"modified":"2022-09-06T15:43:10","modified_gmt":"2022-09-06T13:43:10","slug":"espectaculo-drones-fiestas-majadahonda-2022","status":"publish","type":"post","link":"https:\/\/www.vidademadrid.com\/es\/44697\/espectaculo-drones-fiestas-majadahonda-2022\/","title":{"rendered":"Un gran espect\u00e1culo de drones llega este fin de semana"},"content":{"rendered":"<p>Este fin de semana tendr\u00e1s la oportunidad de disfrutar de un gran <strong>espect\u00e1culo de drones&nbsp;<\/strong>a\u00e9reos en el que el cielo nocturno se convertir\u00e1 en el protagonista. Sigue leyendo este art\u00edculo para conocer toda la informaci\u00f3n.&nbsp;<\/p>\n<h2>Espect\u00e1culo de drones en Majadahonda<\/h2>\n<p><script async=\"\" src=\"https:\/\/pagead2.googlesyndication.com\/pagead\/js\/adsbygoogle.js\"><\/script> <ins class=\"adsbygoogle\" style=\"display:block\" data-ad-format=\"fluid\" data-ad-layout-key=\"-7f+eo+1+2-5\" data-ad-client=\"ca-pub-7450064428034605\" data-ad-slot=\"7327027071\"><\/ins><script>(adsbygoogle = window.adsbygoogle || []).push({});<\/script><\/p>\n<p>El cielo nocturno de&nbsp;<strong>Majadahonda&nbsp;<\/strong>albergar\u00e1 distintas figuras que aparecer\u00e1n en un&nbsp;<strong>gran espect\u00e1culo de drones&nbsp;<\/strong>a\u00e9reos para que los vecinos y visitantes de todas las edades lo disfruten.&nbsp;<\/p>\n<p>Este gran espect\u00e1culo de drones se celebrar\u00e1 <strong>por primera vez&nbsp;<\/strong>en el&nbsp;<strong>parque Felipe VI&nbsp;<\/strong>de&nbsp;<strong>Majadahonda&nbsp;<\/strong>y ser\u00e1 el&nbsp;<strong>s\u00e1bado 11 de septiembre&nbsp;<\/strong>a las&nbsp;<strong>22 horas.&nbsp;<\/strong><\/p>\n<h2>Fiestas de Majadahonda 2022&nbsp;<\/h2>\n<p><script async=\"\" src=\"https:\/\/pagead2.googlesyndication.com\/pagead\/js\/adsbygoogle.js\"><\/script> <ins class=\"adsbygoogle\" style=\"display:block; text-align:center;\" data-ad-layout=\"in-article\" data-ad-format=\"fluid\" data-ad-client=\"ca-pub-7450064428034605\" data-ad-slot=\"5670045061\"><\/ins> <script>(adsbygoogle = window.adsbygoogle || []).push({});<\/script><\/p>\n<p>Este espect\u00e1culo forma parte del programa de las&nbsp;<strong>fiestas patronales de Majadahonda 2022,&nbsp;<\/strong>en honor al Sant\u00edsimo Cristo de los Remedios, que se celebrar\u00e1n del 13 al 18 de septiembre del 2022.<\/p>\n<p>Entre las actividades de las&nbsp;<strong>fiestas de Majadahonda&nbsp;<\/strong>habr\u00e1 actividades deportivas, celebraciones religiosas, actuaciones de&nbsp;<strong>Jose Manuel Soto y Lori Meyers&nbsp;<\/strong>as\u00ed como el tradicional mercado medieval y mucho m\u00e1s.&nbsp;<\/p>\n<p>Conoce el programa completo en este <a href=\"https:\/\/www.majadahonda.org\/documents\/36614\/1232257\/Fiestas+Majadahonda+2022.pdf\/fc64c481-6d0a-033e-eac5-f9a8b1eedf5e\">enlace<\/a>.&nbsp;<\/p>\n\n\n<figure class=\"wp-block-embed is-type-video is-provider-youtube wp-block-embed-youtube wp-embed-aspect-4-3 wp-has-aspect-ratio\"><div class=\"wp-block-embed__wrapper\">\n<iframe loading=\"lazy\" title=\"Espect\u00e1culo de Drones en Majadahonda |\u00a0Fiestas 2022\" width=\"696\" height=\"522\" src=\"https:\/\/www.youtube.com\/embed\/VZ8aajiM6MA?feature=oembed\" frameborder=\"0\" allow=\"accelerometer; autoplay; clipboard-write; encrypted-media; gyroscope; picture-in-picture\" allowfullscreen><\/iframe>\n<\/div><\/figure>\n","protected":false},"excerpt":{"rendered":"<p>Forma parte del programa de Fiestas de Majadahonda. <\/p>\n","protected":false},"author":15,"featured_media":44703,"comment_status":"open","ping_status":"open","sticky":false,"template":"","format":"standard","meta":{"footnotes":""},"categories":[101],"tags":[],"class_list":{"0":"post-44697","1":"post","2":"type-post","3":"status-publish","4":"format-standard","5":"has-post-thumbnail","7":"category-ferias-fiestas-mercados-madrid"},"_links":{"self":[{"href":"https:\/\/www.vidademadrid.com\/es\/wp-json\/wp\/v2\/posts\/44697","targetHints":{"allow":["GET"]}}],"collection":[{"href":"https:\/\/www.vidademadrid.com\/es\/wp-json\/wp\/v2\/posts"}],"about":[{"href":"https:\/\/www.vidademadrid.com\/es\/wp-json\/wp\/v2\/types\/post"}],"author":[{"embeddable":true,"href":"https:\/\/www.vidademadrid.com\/es\/wp-json\/wp\/v2\/users\/15"}],"replies":[{"embeddable":true,"href":"https:\/\/www.vidademadrid.com\/es\/wp-json\/wp\/v2\/comments?post=44697"}],"version-history":[{"count":2,"href":"https:\/\/www.vidademadrid.com\/es\/wp-json\/wp\/v2\/posts\/44697\/revisions"}],"predecessor-version":[{"id":44704,"href":"https:\/\/www.vidademadrid.com\/es\/wp-json\/wp\/v2\/posts\/44697\/revisions\/44704"}],"wp:featuredmedia":[{"embeddable":true,"href":"https:\/\/www.vidademadrid.com\/es\/wp-json\/wp\/v2\/media\/44703"}],"wp:attachment":[{"href":"https:\/\/www.vidademadrid.com\/es\/wp-json\/wp\/v2\/media?parent=44697"}],"wp:term":[{"taxonomy":"category","embeddable":true,"href":"https:\/\/www.vidademadrid.com\/es\/wp-json\/wp\/v2\/categories?post=44697"},{"taxonomy":"post_tag","embeddable":true,"href":"https:\/\/www.vidademadrid.com\/es\/wp-json\/wp\/v2\/tags?post=44697"}],"curies":[{"name":"wp","href":"https:\/\/api.w.org\/{rel}","templated":true}]}}