{"id":44673,"date":"2022-09-05T11:43:32","date_gmt":"2022-09-05T09:43:32","guid":{"rendered":"https:\/\/www.vidademadrid.com\/es\/?p=44673"},"modified":"2022-09-05T11:43:39","modified_gmt":"2022-09-05T09:43:39","slug":"fiestas-barajas-2022-programa-conciertos","status":"publish","type":"post","link":"https:\/\/www.vidademadrid.com\/es\/44673\/fiestas-barajas-2022-programa-conciertos\/","title":{"rendered":"Tributos musicales, actividades infantiles, actividades deportivas y mucho m\u00e1s en las fiestas de Barajas 2022"},"content":{"rendered":"<p>Las\u00a0<strong>fiestas patronales\u00a0<\/strong>vuelven al distrito de\u00a0<strong>Barajas\u00a0<\/strong>este 2022 con actividades para todos los p\u00fablicos.\u00a0Las fiestas en honor a <strong>Nuestra Se\u00f1ora de la Soledad\u00a0<\/strong>con tributos musicales, conciertos, actividades deportivas y mucho m\u00e1s. Te contamos toda la informaci\u00f3n en este art\u00edculo.<\/p>\n<h2>Fiestas de Barajas 2022<\/h2>\n<p><script async=\"\" src=\"https:\/\/pagead2.googlesyndication.com\/pagead\/js\/adsbygoogle.js\"><\/script> <ins class=\"adsbygoogle\" style=\"display: block;\" data-ad-format=\"fluid\" data-ad-layout-key=\"-7f+eo+1+2-5\" data-ad-client=\"ca-pub-7450064428034605\" data-ad-slot=\"7327027071\"><\/ins><script>(adsbygoogle = window.adsbygoogle || []).push({});<\/script><\/p>\n<p>Las\u00a0<strong>fiestas patronales de Barajas,\u00a0<\/strong>en honor a\u00a0<strong>Nuestra Se\u00f1ora de la Soledad,\u00a0<\/strong>con actividades para todos los p\u00fablicos. El principal protagonista de estas fiestas ser\u00e1 la m\u00fasica y habr\u00e1\u00a0<strong>dos escenarios principales, <\/strong>\u00a0uno en la<strong> plaza Mayor<\/strong> y otro en el\u00a0<strong>recinto ferial de la calle Ayerbe.\u00a0<\/strong><\/p>\n<p>Entre las actividades de las\u00a0<strong>fiestas de Barajas 2022\u00a0<\/strong>habr\u00e1 propuestas astron\u00f3micas, torneos deportivos, actividades infantiles, actuaciones musicales y celebraciones lit\u00fargicas.<\/p>\n<h2>Fiestas de Barajas 2022: programa<\/h2>\n<p><script async=\"\" src=\"https:\/\/pagead2.googlesyndication.com\/pagead\/js\/adsbygoogle.js\"><\/script> <ins class=\"adsbygoogle\" style=\"display: block; text-align: center;\" data-ad-layout=\"in-article\" data-ad-format=\"fluid\" data-ad-client=\"ca-pub-7450064428034605\" data-ad-slot=\"5670045061\"><\/ins> <script>(adsbygoogle = window.adsbygoogle || []).push({});<\/script><\/p>\n<p>Las\u00a0<strong>fiestas de Barajas 2022\u00a0<\/strong>ser\u00e1n del\u00a0<strong>14 al 25 de septiembre.\u00a0<\/strong>El preg\u00f3n, que correr\u00e1 a cargo de Elena Jim\u00e9nez, jefa del Departamento de Servicios Sociales de Barajas, ser\u00e1 el <strong>d\u00eda 15 <\/strong>en el recinto ferial.<\/p>\n<p>Las actuaciones musicales ser\u00e1n el s\u00e1bado 17, con\u00a0<strong>Love Yi,<\/strong> promesa de la m\u00fasica urbana espa\u00f1ola, y <strong>Los Zigarros,\u00a0<\/strong>que presentar\u00e1n rock pensado para ni\u00f1os. El domingo 18 llegar\u00e1 las actuaciones del\u00a0<strong>Grupo Comics,\u00a0<\/strong><strong>La Calle\u00a0<\/strong>y\u00a0<strong>The Music Show. <\/strong>Habr\u00e1 tributos a\u00a0<strong>ABBA y Queen,\u00a0<\/strong>los d\u00edas\u00a0<strong>16 y 17.\u00a0<\/strong>Tambi\u00e9n habr\u00e1 sesiones de DJs as\u00ed como presentaciones de grupos folcl\u00f3ricos.<\/p>\n<p>Las celebraciones lit\u00fargicas ser\u00e1n el\u00a0<strong>viernes 16 de septiembre\u00a0<\/strong>a las 19 horas, con el traslado de la imagen de\u00a0<strong>Nuestra Se\u00f1ora de la Soledad\u00a0<\/strong>desde la ermita a la parroquia de San Pedro Ap\u00f3stol.<\/p>\n<p>Conoce el programa completo en este <a href=\"https:\/\/diario.madrid.es\/wp-content\/uploads\/2022\/09\/Programa-fiestas-distrito-de-Barajas.pdf\">enlace<\/a>.<\/p>\n","protected":false},"excerpt":{"rendered":"<p>Habr\u00e1 actividades para todos los p\u00fablicos. <\/p>\n","protected":false},"author":15,"featured_media":44674,"comment_status":"open","ping_status":"open","sticky":false,"template":"","format":"standard","meta":{"footnotes":""},"categories":[101],"tags":[],"class_list":{"0":"post-44673","1":"post","2":"type-post","3":"status-publish","4":"format-standard","5":"has-post-thumbnail","7":"category-ferias-fiestas-mercados-madrid"},"_links":{"self":[{"href":"https:\/\/www.vidademadrid.com\/es\/wp-json\/wp\/v2\/posts\/44673","targetHints":{"allow":["GET"]}}],"collection":[{"href":"https:\/\/www.vidademadrid.com\/es\/wp-json\/wp\/v2\/posts"}],"about":[{"href":"https:\/\/www.vidademadrid.com\/es\/wp-json\/wp\/v2\/types\/post"}],"author":[{"embeddable":true,"href":"https:\/\/www.vidademadrid.com\/es\/wp-json\/wp\/v2\/users\/15"}],"replies":[{"embeddable":true,"href":"https:\/\/www.vidademadrid.com\/es\/wp-json\/wp\/v2\/comments?post=44673"}],"version-history":[{"count":1,"href":"https:\/\/www.vidademadrid.com\/es\/wp-json\/wp\/v2\/posts\/44673\/revisions"}],"predecessor-version":[{"id":44675,"href":"https:\/\/www.vidademadrid.com\/es\/wp-json\/wp\/v2\/posts\/44673\/revisions\/44675"}],"wp:featuredmedia":[{"embeddable":true,"href":"https:\/\/www.vidademadrid.com\/es\/wp-json\/wp\/v2\/media\/44674"}],"wp:attachment":[{"href":"https:\/\/www.vidademadrid.com\/es\/wp-json\/wp\/v2\/media?parent=44673"}],"wp:term":[{"taxonomy":"category","embeddable":true,"href":"https:\/\/www.vidademadrid.com\/es\/wp-json\/wp\/v2\/categories?post=44673"},{"taxonomy":"post_tag","embeddable":true,"href":"https:\/\/www.vidademadrid.com\/es\/wp-json\/wp\/v2\/tags?post=44673"}],"curies":[{"name":"wp","href":"https:\/\/api.w.org\/{rel}","templated":true}]}}