{"id":44670,"date":"2022-09-05T11:15:18","date_gmt":"2022-09-05T09:15:18","guid":{"rendered":"https:\/\/www.vidademadrid.com\/es\/?p=44670"},"modified":"2022-09-06T08:37:33","modified_gmt":"2022-09-06T06:37:33","slug":"fiestas-aravaca-2022-programa-completo-conciertos","status":"publish","type":"post","link":"https:\/\/www.vidademadrid.com\/es\/44670\/fiestas-aravaca-2022-programa-completo-conciertos\/","title":{"rendered":"Fiestas de Aravaca 2022: programa y conciertos"},"content":{"rendered":"<p>Las&nbsp;<strong>fiestas patronales de Aravaca&nbsp;<\/strong>vuelven este mes de septiembre con actividades para todos los p\u00fablicos as\u00ed como actuaciones musicales de distintos grupos y orquestas. Sigue leyendo este art\u00edculo para conocer toda la informaci\u00f3n.&nbsp;<\/p>\n<h2>Fiestas de Aravaca 2022<\/h2>\n\n<script async=\"\" src=\"https:\/\/pagead2.googlesyndication.com\/pagead\/js\/adsbygoogle.js\"><\/script> <ins class=\"adsbygoogle\" style=\"display:block\" data-ad-format=\"fluid\" data-ad-layout-key=\"-7f+eo+1+2-5\" data-ad-client=\"ca-pub-7450064428034605\" data-ad-slot=\"7327027071\"><\/ins><script>(adsbygoogle = window.adsbygoogle || []).push({});<\/script>\n\n\n<p>Las&nbsp;<strong>fiestas de Aravaca,&nbsp;<\/strong>en honor a&nbsp;<strong>Nuestra Se\u00f1ora del Buen Camino,&nbsp;<\/strong>vuelven este 2022 con actividades para toda la familia para que los vecinos de&nbsp;<strong>todas las edades&nbsp;<\/strong>puedan disfrutar de estas fiestas, haciendo la vuelta de las vacaciones m\u00e1s llevadera.&nbsp;<\/p>\n<p>Entre las actividades que se llevar\u00e1n a cabo est\u00e1n&nbsp;<strong>actividades musicales, fuegos artificiales, pasacalles, actuaciones infantiles, actuaciones musicales <\/strong>y <strong>actos lit\u00fargicos <\/strong>en honor a la patrona, Nuestra Se\u00f1ora del Buen Camino.<\/p>\n<h2>Fiestas de Aravaca 2022: programa<\/h2>\n\n<script async=\"\" src=\"https:\/\/pagead2.googlesyndication.com\/pagead\/js\/adsbygoogle.js\"><\/script> <ins class=\"adsbygoogle\" style=\"display:block; text-align:center;\" data-ad-layout=\"in-article\" data-ad-format=\"fluid\" data-ad-client=\"ca-pub-7450064428034605\" data-ad-slot=\"5670045061\"><\/ins> <script>(adsbygoogle = window.adsbygoogle || []).push({});<\/script>\n\n\n<p>Las&nbsp;<strong>fiestas de Aravaca <\/strong>ser\u00e1n del <strong>8 al 11 de septiembre.&nbsp;<\/strong>El preg\u00f3n estar\u00e1 a cargo de la periodista Marta Robles en el&nbsp;<strong>recinto R\u00edo Nela&nbsp;<\/strong>el jueves 8 para dar inicio a las&nbsp;<strong>fiestas de Nuestra Se\u00f1ora del Buen Camino.&nbsp;<\/strong>Tras el pistoletazo, ser\u00e1 la&nbsp;<strong>actuaci\u00f3n musical de la Orquesta Guarida.&nbsp;<\/strong><\/p>\n<p>El&nbsp;<strong>escenario principal&nbsp;<\/strong>ser\u00e1 en el&nbsp;<strong>recinto ferial&nbsp;<\/strong>de la calle R\u00edo Nela, adem\u00e1s habr\u00e1 actividades en el centro hist\u00f3rico y las instalaciones deportivas dl barrio.&nbsp;<\/p>\n<p>Los&nbsp;<strong>actos lit\u00fargicos&nbsp;<\/strong>en honor a&nbsp;<strong>Nuestra Se\u00f1ora del Buen Camino,&nbsp;<\/strong>ser\u00e1n el&nbsp;<strong>8 de septiembre&nbsp;<\/strong>a las 20 horas con una misa en la Iglesia de la Asunci\u00f3n Nuestra Se\u00f1ora de Aravaca. Al finalizar, se trasladar\u00e1 a la virgen en procesi\u00f3n hasta su ermita.&nbsp;<\/p>\n<p>Las&nbsp;<strong>actuaciones musicales&nbsp;<\/strong>ser\u00e1n en la calle R\u00edo Nela y se presentar\u00e1n&nbsp;<strong>Marlena y Marlon,&nbsp;<\/strong>el viernes y s\u00e1bado a las 22 horas. Adem\u00e1s, se presentar\u00e1n Astrum Cuban Boys, Driive, Depol, DJ Lady Cherry y las orquestas Madel\u00f3n, Yakarta e Ibiza.&nbsp;<\/p>\n<p>Las actividades deportivas se llevar\u00e1n a cabo entre el viernes 9 y domingo 18 y se podr\u00e1 participar en los torneos de&nbsp;<strong>petanca, f\u00fatbol, mus, baloncesto 3&#215;3&nbsp;<\/strong>y <strong>p\u00e1del<\/strong>.&nbsp;<\/p>\n<p>Consulta el programa completo en este <a href=\"https:\/\/diario.madrid.es\/wp-content\/uploads\/2022\/09\/FiestasAravaca-PROGRAMA-2022-web.pdf\">enlace<\/a>.&nbsp;<\/p>\n\n\n<p><\/p>\n","protected":false},"excerpt":{"rendered":"<p>Habr\u00e1 actividades para todos los p\u00fablicos. <\/p>\n","protected":false},"author":15,"featured_media":44671,"comment_status":"open","ping_status":"open","sticky":false,"template":"","format":"standard","meta":{"footnotes":""},"categories":[101,115],"tags":[],"class_list":{"0":"post-44670","1":"post","2":"type-post","3":"status-publish","4":"format-standard","5":"has-post-thumbnail","7":"category-ferias-fiestas-mercados-madrid","8":"category-planes-del-momento-madrid"},"_links":{"self":[{"href":"https:\/\/www.vidademadrid.com\/es\/wp-json\/wp\/v2\/posts\/44670","targetHints":{"allow":["GET"]}}],"collection":[{"href":"https:\/\/www.vidademadrid.com\/es\/wp-json\/wp\/v2\/posts"}],"about":[{"href":"https:\/\/www.vidademadrid.com\/es\/wp-json\/wp\/v2\/types\/post"}],"author":[{"embeddable":true,"href":"https:\/\/www.vidademadrid.com\/es\/wp-json\/wp\/v2\/users\/15"}],"replies":[{"embeddable":true,"href":"https:\/\/www.vidademadrid.com\/es\/wp-json\/wp\/v2\/comments?post=44670"}],"version-history":[{"count":1,"href":"https:\/\/www.vidademadrid.com\/es\/wp-json\/wp\/v2\/posts\/44670\/revisions"}],"predecessor-version":[{"id":44672,"href":"https:\/\/www.vidademadrid.com\/es\/wp-json\/wp\/v2\/posts\/44670\/revisions\/44672"}],"wp:featuredmedia":[{"embeddable":true,"href":"https:\/\/www.vidademadrid.com\/es\/wp-json\/wp\/v2\/media\/44671"}],"wp:attachment":[{"href":"https:\/\/www.vidademadrid.com\/es\/wp-json\/wp\/v2\/media?parent=44670"}],"wp:term":[{"taxonomy":"category","embeddable":true,"href":"https:\/\/www.vidademadrid.com\/es\/wp-json\/wp\/v2\/categories?post=44670"},{"taxonomy":"post_tag","embeddable":true,"href":"https:\/\/www.vidademadrid.com\/es\/wp-json\/wp\/v2\/tags?post=44670"}],"curies":[{"name":"wp","href":"https:\/\/api.w.org\/{rel}","templated":true}]}}