{"id":44641,"date":"2022-09-02T11:55:03","date_gmt":"2022-09-02T09:55:03","guid":{"rendered":"https:\/\/www.vidademadrid.com\/es\/?p=44641"},"modified":"2022-09-08T14:29:51","modified_gmt":"2022-09-08T12:29:51","slug":"fiestas-la-elipa-2022-programa-conciertos","status":"publish","type":"post","link":"https:\/\/www.vidademadrid.com\/es\/44641\/fiestas-la-elipa-2022-programa-conciertos\/","title":{"rendered":"Fiestas de La Elipa 2022: programa y conciertos"},"content":{"rendered":"<p>Las&nbsp;<strong>tradicionales fiestas de La Elipa&nbsp;<\/strong>vuelven despu\u00e9s de tres a\u00f1os de suspensiones. Ser\u00e1 durante el mes de septiembre cuando los vecinos de este barrio podr\u00e1n disfrutar de distintas actividades para todos los p\u00fablicos. Te contamos toda la informaci\u00f3n en este art\u00edculo.&nbsp;<\/p>\n<h2>Fiesta de La Elipa 2022<\/h2>\n<p><script async=\"\" src=\"https:\/\/pagead2.googlesyndication.com\/pagead\/js\/adsbygoogle.js\"><\/script> <ins class=\"adsbygoogle\" style=\"display:block\" data-ad-format=\"fluid\" data-ad-layout-key=\"-7f+eo+1+2-5\" data-ad-client=\"ca-pub-7450064428034605\" data-ad-slot=\"7327027071\"><\/ins><script>(adsbygoogle = window.adsbygoogle || []).push({});<\/script>Las&nbsp;<strong>fiestas de La Elipa,&nbsp;<\/strong>enmarcadas en las fiestas de Ciudad Lineal, vuelven tras&nbsp;<strong>tres a\u00f1os de suspensi\u00f3n&nbsp;<\/strong>con un programa lleno de actividades para todos los p\u00fablicos y actuaciones estelares de La Pegatina y Los Enemigos.&nbsp;<\/p>\n<p>Estas fiestas tendr\u00e1n distintas actividades deportivas, mercadillos, pasacalles, infantiles y muchas m\u00e1s para vivir al m\u00e1ximo estas tradicionales festividades.<\/p>\n<h2>Fiestas de La Elipa 2022: programa&nbsp;<\/h2>\n<p><script async=\"\" src=\"https:\/\/pagead2.googlesyndication.com\/pagead\/js\/adsbygoogle.js\"><\/script> <ins class=\"adsbygoogle\" style=\"display:block; text-align:center;\" data-ad-layout=\"in-article\" data-ad-format=\"fluid\" data-ad-client=\"ca-pub-7450064428034605\" data-ad-slot=\"5670045061\"><\/ins> <script>(adsbygoogle = window.adsbygoogle || []).push({});<\/script>Del&nbsp;<strong>8 al 20 de septiembre <\/strong>ser\u00e1n las <strong>fiestas de La Elipa <\/strong>con distintas actividades y concursos. Habr\u00e1 distintas sedes como el recinto ferial, la caseta de La Arroba e instalaciones deportivas. Las actuaciones musicales que se presentar\u00e1n ser\u00e1n <strong>La Pegatina, el Ganador Elipa Rock 2022, Los Enemigos, Festival de Folclore y Balkan Paradise Orchestra. <\/strong><\/p>\n<p>&nbsp;Conoce el programa completo:<\/p>\n<figure id=\"attachment_44644\" aria-describedby=\"caption-attachment-44644\" style=\"width: 2480px\" class=\"wp-caption alignnone\"><a href=\"https:\/\/www.vidademadrid.com\/es\/wp-content\/uploads\/2022\/09\/Elipa.jpeg\"><img loading=\"lazy\" decoding=\"async\" class=\"size-full wp-image-44644\" src=\"https:\/\/www.vidademadrid.com\/es\/wp-content\/uploads\/2022\/09\/Elipa.jpeg\" alt=\"\" width=\"2480\" height=\"2480\" srcset=\"https:\/\/www.vidademadrid.com\/es\/wp-content\/uploads\/2022\/09\/Elipa.jpeg 2480w, https:\/\/www.vidademadrid.com\/es\/wp-content\/uploads\/2022\/09\/Elipa-300x300.jpeg 300w, https:\/\/www.vidademadrid.com\/es\/wp-content\/uploads\/2022\/09\/Elipa-1024x1024.jpeg 1024w, https:\/\/www.vidademadrid.com\/es\/wp-content\/uploads\/2022\/09\/Elipa-150x150.jpeg 150w, https:\/\/www.vidademadrid.com\/es\/wp-content\/uploads\/2022\/09\/Elipa-768x768.jpeg 768w, https:\/\/www.vidademadrid.com\/es\/wp-content\/uploads\/2022\/09\/Elipa-1536x1536.jpeg 1536w, https:\/\/www.vidademadrid.com\/es\/wp-content\/uploads\/2022\/09\/Elipa-2048x2048.jpeg 2048w, https:\/\/www.vidademadrid.com\/es\/wp-content\/uploads\/2022\/09\/Elipa-696x696.jpeg 696w, https:\/\/www.vidademadrid.com\/es\/wp-content\/uploads\/2022\/09\/Elipa-1068x1068.jpeg 1068w, https:\/\/www.vidademadrid.com\/es\/wp-content\/uploads\/2022\/09\/Elipa-1920x1920.jpeg 1920w, https:\/\/www.vidademadrid.com\/es\/wp-content\/uploads\/2022\/09\/Elipa-420x420.jpeg 420w\" sizes=\"auto, (max-width: 2480px) 100vw, 2480px\" \/><\/a><figcaption id=\"caption-attachment-44644\" class=\"wp-caption-text\">Foto: Twitter @La_Elipa<\/figcaption><\/figure>\n","protected":false},"excerpt":{"rendered":"<p>Habr\u00e1 actividades para todos los p\u00fablicos. <\/p>\n","protected":false},"author":15,"featured_media":44653,"comment_status":"open","ping_status":"open","sticky":false,"template":"","format":"standard","meta":{"footnotes":""},"categories":[101],"tags":[],"class_list":{"0":"post-44641","1":"post","2":"type-post","3":"status-publish","4":"format-standard","5":"has-post-thumbnail","7":"category-ferias-fiestas-mercados-madrid"},"_links":{"self":[{"href":"https:\/\/www.vidademadrid.com\/es\/wp-json\/wp\/v2\/posts\/44641","targetHints":{"allow":["GET"]}}],"collection":[{"href":"https:\/\/www.vidademadrid.com\/es\/wp-json\/wp\/v2\/posts"}],"about":[{"href":"https:\/\/www.vidademadrid.com\/es\/wp-json\/wp\/v2\/types\/post"}],"author":[{"embeddable":true,"href":"https:\/\/www.vidademadrid.com\/es\/wp-json\/wp\/v2\/users\/15"}],"replies":[{"embeddable":true,"href":"https:\/\/www.vidademadrid.com\/es\/wp-json\/wp\/v2\/comments?post=44641"}],"version-history":[{"count":2,"href":"https:\/\/www.vidademadrid.com\/es\/wp-json\/wp\/v2\/posts\/44641\/revisions"}],"predecessor-version":[{"id":44646,"href":"https:\/\/www.vidademadrid.com\/es\/wp-json\/wp\/v2\/posts\/44641\/revisions\/44646"}],"wp:featuredmedia":[{"embeddable":true,"href":"https:\/\/www.vidademadrid.com\/es\/wp-json\/wp\/v2\/media\/44653"}],"wp:attachment":[{"href":"https:\/\/www.vidademadrid.com\/es\/wp-json\/wp\/v2\/media?parent=44641"}],"wp:term":[{"taxonomy":"category","embeddable":true,"href":"https:\/\/www.vidademadrid.com\/es\/wp-json\/wp\/v2\/categories?post=44641"},{"taxonomy":"post_tag","embeddable":true,"href":"https:\/\/www.vidademadrid.com\/es\/wp-json\/wp\/v2\/tags?post=44641"}],"curies":[{"name":"wp","href":"https:\/\/api.w.org\/{rel}","templated":true}]}}