{"id":44614,"date":"2022-09-08T16:15:00","date_gmt":"2022-09-08T14:15:00","guid":{"rendered":"https:\/\/www.vidademadrid.com\/es\/?p=44614"},"modified":"2022-09-15T18:34:28","modified_gmt":"2022-09-15T16:34:28","slug":"nuevos-restaurantes-madrid-otono-2022-fecha-apertura-reservas","status":"publish","type":"post","link":"https:\/\/www.vidademadrid.com\/es\/44614\/nuevos-restaurantes-madrid-otono-2022-fecha-apertura-reservas\/","title":{"rendered":"Nuevas aperturas de restaurantes en Madrid &#8211; oto\u00f1o 2022"},"content":{"rendered":"<p>Septiembre es el mes de la vuelta a la rutina, al trabajo, a la universidad&#8230; un mes de nuevos prop\u00f3sitos, planes y la <strong>apertura de nuevos restaurantes<\/strong>. Si eres de esas personas a las que les gusta descubrir nuevos sabores y lugares, en este art\u00edculo te desvelamos todos los restaurantes que abrir\u00e1n sus puertas esta temporada y a lo largo del oto\u00f1o 2022. Lo iremos actualizando para que seas el primero en enterarte.<\/p>\n<p><script async=\"\" src=\"https:\/\/pagead2.googlesyndication.com\/pagead\/js\/adsbygoogle.js\"><\/script> <ins class=\"adsbygoogle\" style=\"display: block;\" data-ad-format=\"fluid\" data-ad-layout-key=\"-7f+eo+1+2-5\" data-ad-client=\"ca-pub-7450064428034605\" data-ad-slot=\"7327027071\"><\/ins><script>(adsbygoogle = window.adsbygoogle || []).push({});<\/script><\/p>\n<h2>\u00abBarra Alta\u00bb, cocina sencilla convertida en excepcional<\/h2>\n<p>Despu\u00e9s de su \u00e9xito en Barcelona, el chef <a href=\"https:\/\/www.instagram.com\/danielroca_chef\/\">Daniel Roca<\/a> ha decidido abrir un segundo restaurante michel\u00edn en la capital (<strong>Calle Lagasca, 19<\/strong>). <a href=\"https:\/\/www.instagram.com\/barraalta.mad\/\">\u00abBarra Alta\u00bb<\/a> es un concepto de restaurante con una carta variada que convierte lo sencillo en excepcional. Un lugar con ambiente desenfadado que ofrece una carta con tapas calientes, platos principales y un momento dulce donde destaca la tarta de queso elaborada con cuatro quesos diferentes. M\u00e1s info y reservas <a href=\"https:\/\/barraalta.rest\/mad\/\">aqu\u00ed<\/a>.<\/p>\n<div id='gallery-1' class='gallery galleryid-44614 gallery-columns-2 gallery-size-full'><figure class='gallery-item'>\n\t\t\t<div class='gallery-icon portrait'>\n\t\t\t\t<a href='https:\/\/www.vidademadrid.com\/es\/44614\/nuevos-restaurantes-madrid-otono-2022-fecha-apertura-reservas\/captura-de-pantalla-2022-09-08-a-las-17-19-29\/'><img loading=\"lazy\" decoding=\"async\" width=\"394\" height=\"487\" src=\"https:\/\/www.vidademadrid.com\/es\/wp-content\/uploads\/2022\/09\/Captura-de-pantalla-2022-09-08-a-las-17.19.29.png\" class=\"attachment-full size-full\" alt=\"\" aria-describedby=\"gallery-1-44789\" srcset=\"https:\/\/www.vidademadrid.com\/es\/wp-content\/uploads\/2022\/09\/Captura-de-pantalla-2022-09-08-a-las-17.19.29.png 394w, https:\/\/www.vidademadrid.com\/es\/wp-content\/uploads\/2022\/09\/Captura-de-pantalla-2022-09-08-a-las-17.19.29-243x300.png 243w, https:\/\/www.vidademadrid.com\/es\/wp-content\/uploads\/2022\/09\/Captura-de-pantalla-2022-09-08-a-las-17.19.29-324x400.png 324w, https:\/\/www.vidademadrid.com\/es\/wp-content\/uploads\/2022\/09\/Captura-de-pantalla-2022-09-08-a-las-17.19.29-340x420.png 340w\" sizes=\"auto, (max-width: 394px) 100vw, 394px\" \/><\/a>\n\t\t\t<\/div>\n\t\t\t\t<figcaption class='wp-caption-text gallery-caption' id='gallery-1-44789'>\n\t\t\t\tFoto: @barraalta.mad\n\t\t\t\t<\/figcaption><\/figure><figure class='gallery-item'>\n\t\t\t<div class='gallery-icon portrait'>\n\t\t\t\t<a href='https:\/\/www.vidademadrid.com\/es\/44614\/nuevos-restaurantes-madrid-otono-2022-fecha-apertura-reservas\/captura-de-pantalla-2022-09-08-a-las-17-18-58\/'><img loading=\"lazy\" decoding=\"async\" width=\"506\" height=\"611\" src=\"https:\/\/www.vidademadrid.com\/es\/wp-content\/uploads\/2022\/09\/Captura-de-pantalla-2022-09-08-a-las-17.18.58.png\" class=\"attachment-full size-full\" alt=\"\" aria-describedby=\"gallery-1-44790\" srcset=\"https:\/\/www.vidademadrid.com\/es\/wp-content\/uploads\/2022\/09\/Captura-de-pantalla-2022-09-08-a-las-17.18.58.png 506w, https:\/\/www.vidademadrid.com\/es\/wp-content\/uploads\/2022\/09\/Captura-de-pantalla-2022-09-08-a-las-17.18.58-248x300.png 248w, https:\/\/www.vidademadrid.com\/es\/wp-content\/uploads\/2022\/09\/Captura-de-pantalla-2022-09-08-a-las-17.18.58-348x420.png 348w\" sizes=\"auto, (max-width: 506px) 100vw, 506px\" \/><\/a>\n\t\t\t<\/div>\n\t\t\t\t<figcaption class='wp-caption-text gallery-caption' id='gallery-1-44790'>\n\t\t\t\tFoto: @barraalta.mad\n\t\t\t\t<\/figcaption><\/figure>\n\t\t<\/div>\n\n<h2>\u00abLlama Inn\u00bb, de Per\u00fa a Madrid pasando por NY<\/h2>\n<p><a href=\"https:\/\/www.instagram.com\/llamainnmadrid\/\">Llama Inn<\/a>, el restaurante de cocina peruana aterriza en Madrid este mes de septiembre con su receta de ceviche que dar\u00e1 que hablar y una amplia secci\u00f3n de cocteler\u00eda. Una propuesta \u00a0que ya cuenta con un restaurante en Nueva York y se instala en el barrio de Justicia (<strong>cruce de Conde de Xiquena y Prim<\/strong>) con el chef peruano <a href=\"https:\/\/www.instagram.com\/_luchococina\/\">Luis Cornejo<\/a>\u00a0\u00bfCu\u00e1ndo abrir\u00e1 sus puertas? Ser\u00e1 seguro este mes. \u00a1Seguimos pendientes!<\/p>\n<h2>\u00ab400\u00ba Pizza\u00bb y su segundo restaurante en Madrid<\/h2>\n<p>El equipo de <strong>400\u00ba pizza<\/strong> y sus pizzas personalizadas, que ya cuentan con un local en Mar\u00eda De Molina se est\u00e1n preparando para abrir su segundo restaurante en calle Manuela Malasa\u00f1a 3, al lado de la <strong>Glorieta de Bilbao<\/strong>. A\u00fan no sabemos el d\u00eda oficial de apertura, pero estaremos muy atentos a las novedades en sus redes sociales. Si quieres saber m\u00e1s sobre esta pizzer\u00eda pincha <a href=\"https:\/\/www.vidademadrid.com\/es\/41767\/400-pizza-pizzeria-barrio-salamanca-pizzas-personalizadas\/\">aqu\u00ed<\/a> y descubre c\u00f3mo fue nuestra visita.<\/p>\n<h2>\u00abFasf\u00fa Burguers\u00bb, la hamburgueser\u00eda de un influencer<\/h2>\n<p>El influencer <a href=\"https:\/\/www.instagram.com\/luisitocomunica\/\">Luisito Comunica<\/a>\u00a0(con\u00a0casi 100 millones de followers\u00a0entre todas sus redes sociales) da un salto y abre su primera hamburgueser\u00eda en Madrid. Su cadena <a href=\"https:\/\/www.instagram.com\/fasfu.burgers\/\"><strong>Fasf\u00fa Burguers<\/strong><\/a>, ya triunfa en M\u00e9xico, Colombia y Per\u00fa y ayer 7 de septiembre inaugur\u00f3 su primer restaurante en pleno barrio de Malasa\u00f1a en la <strong>calle San Marcos, 24<\/strong>. En sus restaurantes apuesta por la hamburguesa tipo\u00a0<strong>\u201csmash burger\u201d <\/strong>y adem\u00e1s ofrece otros productos como\u00a0s\u00e1ndwiches de queso, patatas fritas y batidos. Todo en versi\u00f3n tambi\u00e9n \u00abtake away\u00bb con\u00a0<strong>packaging biodegradable<\/strong>.<\/p>\n<div id='gallery-2' class='gallery galleryid-44614 gallery-columns-2 gallery-size-full'><figure class='gallery-item'>\n\t\t\t<div class='gallery-icon portrait'>\n\t\t\t\t<a href='https:\/\/www.vidademadrid.com\/es\/44614\/nuevos-restaurantes-madrid-otono-2022-fecha-apertura-reservas\/captura-de-pantalla-2022-09-08-a-las-16-44-48\/'><img loading=\"lazy\" decoding=\"async\" width=\"477\" height=\"656\" src=\"https:\/\/www.vidademadrid.com\/es\/wp-content\/uploads\/2022\/09\/Captura-de-pantalla-2022-09-08-a-las-16.44.48.png\" class=\"attachment-full size-full\" alt=\"\" aria-describedby=\"gallery-2-44787\" srcset=\"https:\/\/www.vidademadrid.com\/es\/wp-content\/uploads\/2022\/09\/Captura-de-pantalla-2022-09-08-a-las-16.44.48.png 477w, https:\/\/www.vidademadrid.com\/es\/wp-content\/uploads\/2022\/09\/Captura-de-pantalla-2022-09-08-a-las-16.44.48-218x300.png 218w, https:\/\/www.vidademadrid.com\/es\/wp-content\/uploads\/2022\/09\/Captura-de-pantalla-2022-09-08-a-las-16.44.48-305x420.png 305w\" sizes=\"auto, (max-width: 477px) 100vw, 477px\" \/><\/a>\n\t\t\t<\/div>\n\t\t\t\t<figcaption class='wp-caption-text gallery-caption' id='gallery-2-44787'>\n\t\t\t\tFoto: @fasfu.burguers\n\t\t\t\t<\/figcaption><\/figure><figure class='gallery-item'>\n\t\t\t<div class='gallery-icon portrait'>\n\t\t\t\t<a href='https:\/\/www.vidademadrid.com\/es\/44614\/nuevos-restaurantes-madrid-otono-2022-fecha-apertura-reservas\/captura-de-pantalla-2022-09-08-a-las-16-44-56\/'><img loading=\"lazy\" decoding=\"async\" width=\"487\" height=\"643\" src=\"https:\/\/www.vidademadrid.com\/es\/wp-content\/uploads\/2022\/09\/Captura-de-pantalla-2022-09-08-a-las-16.44.56.png\" class=\"attachment-full size-full\" alt=\"\" aria-describedby=\"gallery-2-44788\" srcset=\"https:\/\/www.vidademadrid.com\/es\/wp-content\/uploads\/2022\/09\/Captura-de-pantalla-2022-09-08-a-las-16.44.56.png 487w, https:\/\/www.vidademadrid.com\/es\/wp-content\/uploads\/2022\/09\/Captura-de-pantalla-2022-09-08-a-las-16.44.56-227x300.png 227w, https:\/\/www.vidademadrid.com\/es\/wp-content\/uploads\/2022\/09\/Captura-de-pantalla-2022-09-08-a-las-16.44.56-318x420.png 318w\" sizes=\"auto, (max-width: 487px) 100vw, 487px\" \/><\/a>\n\t\t\t<\/div>\n\t\t\t\t<figcaption class='wp-caption-text gallery-caption' id='gallery-2-44788'>\n\t\t\t\tFoto: @fasfu.burguers\n\t\t\t\t<\/figcaption><\/figure>\n\t\t<\/div>\n\n<h2>\u00abChispa Bistr\u00f3\u00bb, la fusi\u00f3n de gastronom\u00eda mediterr\u00e1nea con sabores de Asia<\/h2>\n<p>La gastronom\u00eda asi\u00e1tica y mediterr\u00e1nea se juntan y dan lugar a <strong>Chispa Bistr\u00f3<\/strong>, el nuevo restaurante dirigido por los chefs Juan D\u2019Onofrio y Gabriel Sodr\u00e9. Este espacio abrir\u00e1 sus puertas el <strong>pr\u00f3ximo 15 de septiembre en el n\u00famero 8 de la Calle Barquillo (Chueca)<\/strong>. Los chefs han definido la carta como \u00abun viaje por el mundo\u00bb ya que sus platos parten de la idea de cocina mediterr\u00e1nea, incluyen productos del Pa\u00eds Vasco y pasan por sabores propios de Asia y M\u00e9xico. Una verdadera experiencia gastron\u00f3mica que se podr\u00e1 disfrutar en un espacio con una capacidad para 32 comensales y una bodega a la vista.<\/p>\n<p>Las reservas ya se pueden realizar a trav\u00e9s de su <a href=\"http:\/\/chispabistro.com\">p\u00e1gina web<\/a> y el ticket medio ser\u00e1\u00a0entre 60 y 70 euros para los 6 platos que se recomiendan compartir entre 2 personas.<\/p>\n<div id='gallery-3' class='gallery galleryid-44614 gallery-columns-2 gallery-size-large'><figure class='gallery-item'>\n\t\t\t<div class='gallery-icon portrait'>\n\t\t\t\t<a href='https:\/\/www.vidademadrid.com\/es\/44614\/nuevos-restaurantes-madrid-otono-2022-fecha-apertura-reservas\/processed-with-vsco-with-a6-preset\/'><img loading=\"lazy\" decoding=\"async\" width=\"683\" height=\"1024\" src=\"https:\/\/www.vidademadrid.com\/es\/wp-content\/uploads\/2022\/09\/Chispa_Huevo-setas-y-gazpacho-calabacin-1-683x1024.jpg\" class=\"attachment-large size-large\" alt=\"\" srcset=\"https:\/\/www.vidademadrid.com\/es\/wp-content\/uploads\/2022\/09\/Chispa_Huevo-setas-y-gazpacho-calabacin-1-683x1024.jpg 683w, https:\/\/www.vidademadrid.com\/es\/wp-content\/uploads\/2022\/09\/Chispa_Huevo-setas-y-gazpacho-calabacin-1-200x300.jpg 200w, https:\/\/www.vidademadrid.com\/es\/wp-content\/uploads\/2022\/09\/Chispa_Huevo-setas-y-gazpacho-calabacin-1-768x1152.jpg 768w, https:\/\/www.vidademadrid.com\/es\/wp-content\/uploads\/2022\/09\/Chispa_Huevo-setas-y-gazpacho-calabacin-1-1024x1536.jpg 1024w, https:\/\/www.vidademadrid.com\/es\/wp-content\/uploads\/2022\/09\/Chispa_Huevo-setas-y-gazpacho-calabacin-1-696x1044.jpg 696w, https:\/\/www.vidademadrid.com\/es\/wp-content\/uploads\/2022\/09\/Chispa_Huevo-setas-y-gazpacho-calabacin-1-1068x1602.jpg 1068w, https:\/\/www.vidademadrid.com\/es\/wp-content\/uploads\/2022\/09\/Chispa_Huevo-setas-y-gazpacho-calabacin-1-280x420.jpg 280w, https:\/\/www.vidademadrid.com\/es\/wp-content\/uploads\/2022\/09\/Chispa_Huevo-setas-y-gazpacho-calabacin-1.jpg 1202w\" sizes=\"auto, (max-width: 683px) 100vw, 683px\" \/><\/a>\n\t\t\t<\/div><\/figure><figure class='gallery-item'>\n\t\t\t<div class='gallery-icon portrait'>\n\t\t\t\t<a href='https:\/\/www.vidademadrid.com\/es\/44614\/nuevos-restaurantes-madrid-otono-2022-fecha-apertura-reservas\/processed-with-vsco-with-a6-preset-2\/'><img loading=\"lazy\" decoding=\"async\" width=\"683\" height=\"1024\" src=\"https:\/\/www.vidademadrid.com\/es\/wp-content\/uploads\/2022\/09\/Chispa_Pastrami-tupinambur-y-jugo-de-ossobuco-4-683x1024.jpg\" class=\"attachment-large size-large\" alt=\"\" srcset=\"https:\/\/www.vidademadrid.com\/es\/wp-content\/uploads\/2022\/09\/Chispa_Pastrami-tupinambur-y-jugo-de-ossobuco-4-683x1024.jpg 683w, https:\/\/www.vidademadrid.com\/es\/wp-content\/uploads\/2022\/09\/Chispa_Pastrami-tupinambur-y-jugo-de-ossobuco-4-200x300.jpg 200w, https:\/\/www.vidademadrid.com\/es\/wp-content\/uploads\/2022\/09\/Chispa_Pastrami-tupinambur-y-jugo-de-ossobuco-4-768x1152.jpg 768w, https:\/\/www.vidademadrid.com\/es\/wp-content\/uploads\/2022\/09\/Chispa_Pastrami-tupinambur-y-jugo-de-ossobuco-4-1024x1536.jpg 1024w, https:\/\/www.vidademadrid.com\/es\/wp-content\/uploads\/2022\/09\/Chispa_Pastrami-tupinambur-y-jugo-de-ossobuco-4-696x1044.jpg 696w, https:\/\/www.vidademadrid.com\/es\/wp-content\/uploads\/2022\/09\/Chispa_Pastrami-tupinambur-y-jugo-de-ossobuco-4-1068x1602.jpg 1068w, https:\/\/www.vidademadrid.com\/es\/wp-content\/uploads\/2022\/09\/Chispa_Pastrami-tupinambur-y-jugo-de-ossobuco-4-280x420.jpg 280w, https:\/\/www.vidademadrid.com\/es\/wp-content\/uploads\/2022\/09\/Chispa_Pastrami-tupinambur-y-jugo-de-ossobuco-4.jpg 1280w\" sizes=\"auto, (max-width: 683px) 100vw, 683px\" \/><\/a>\n\t\t\t<\/div><\/figure><figure class='gallery-item'>\n\t\t\t<div class='gallery-icon portrait'>\n\t\t\t\t<a href='https:\/\/www.vidademadrid.com\/es\/44614\/nuevos-restaurantes-madrid-otono-2022-fecha-apertura-reservas\/processed-with-vsco-with-a6-preset-3\/'><img loading=\"lazy\" decoding=\"async\" width=\"683\" height=\"1024\" src=\"https:\/\/www.vidademadrid.com\/es\/wp-content\/uploads\/2022\/09\/Chispa_Espacio-1-683x1024.jpg\" class=\"attachment-large size-large\" alt=\"\" aria-describedby=\"gallery-3-44618\" srcset=\"https:\/\/www.vidademadrid.com\/es\/wp-content\/uploads\/2022\/09\/Chispa_Espacio-1-683x1024.jpg 683w, https:\/\/www.vidademadrid.com\/es\/wp-content\/uploads\/2022\/09\/Chispa_Espacio-1-200x300.jpg 200w, https:\/\/www.vidademadrid.com\/es\/wp-content\/uploads\/2022\/09\/Chispa_Espacio-1-768x1152.jpg 768w, https:\/\/www.vidademadrid.com\/es\/wp-content\/uploads\/2022\/09\/Chispa_Espacio-1-1024x1536.jpg 1024w, https:\/\/www.vidademadrid.com\/es\/wp-content\/uploads\/2022\/09\/Chispa_Espacio-1-696x1044.jpg 696w, https:\/\/www.vidademadrid.com\/es\/wp-content\/uploads\/2022\/09\/Chispa_Espacio-1-1068x1602.jpg 1068w, https:\/\/www.vidademadrid.com\/es\/wp-content\/uploads\/2022\/09\/Chispa_Espacio-1-280x420.jpg 280w, https:\/\/www.vidademadrid.com\/es\/wp-content\/uploads\/2022\/09\/Chispa_Espacio-1.jpg 1280w\" sizes=\"auto, (max-width: 683px) 100vw, 683px\" \/><\/a>\n\t\t\t<\/div>\n\t\t\t\t<figcaption class='wp-caption-text gallery-caption' id='gallery-3-44618'>\n\t\t\t\tBodega a la vista. Foto: Chispa Bistr\u00f3\n\t\t\t\t<\/figcaption><\/figure><figure class='gallery-item'>\n\t\t\t<div class='gallery-icon portrait'>\n\t\t\t\t<a href='https:\/\/www.vidademadrid.com\/es\/44614\/nuevos-restaurantes-madrid-otono-2022-fecha-apertura-reservas\/processed-with-vsco-with-j5-preset\/'><img loading=\"lazy\" decoding=\"async\" width=\"683\" height=\"1024\" src=\"https:\/\/www.vidademadrid.com\/es\/wp-content\/uploads\/2022\/09\/Chispa-Bistro_Espacio-6-683x1024.jpg\" class=\"attachment-large size-large\" alt=\"\" srcset=\"https:\/\/www.vidademadrid.com\/es\/wp-content\/uploads\/2022\/09\/Chispa-Bistro_Espacio-6-683x1024.jpg 683w, https:\/\/www.vidademadrid.com\/es\/wp-content\/uploads\/2022\/09\/Chispa-Bistro_Espacio-6-200x300.jpg 200w, https:\/\/www.vidademadrid.com\/es\/wp-content\/uploads\/2022\/09\/Chispa-Bistro_Espacio-6-768x1152.jpg 768w, https:\/\/www.vidademadrid.com\/es\/wp-content\/uploads\/2022\/09\/Chispa-Bistro_Espacio-6-1024x1536.jpg 1024w, https:\/\/www.vidademadrid.com\/es\/wp-content\/uploads\/2022\/09\/Chispa-Bistro_Espacio-6-696x1044.jpg 696w, https:\/\/www.vidademadrid.com\/es\/wp-content\/uploads\/2022\/09\/Chispa-Bistro_Espacio-6-1068x1602.jpg 1068w, https:\/\/www.vidademadrid.com\/es\/wp-content\/uploads\/2022\/09\/Chispa-Bistro_Espacio-6-280x420.jpg 280w, https:\/\/www.vidademadrid.com\/es\/wp-content\/uploads\/2022\/09\/Chispa-Bistro_Espacio-6.jpg 1280w\" sizes=\"auto, (max-width: 683px) 100vw, 683px\" \/><\/a>\n\t\t\t<\/div><\/figure>\n\t\t<\/div>\n\n<h2>\u00abEl Lince\u00bb, la nueva propuesta del chef Javi Est\u00e9vez<\/h2>\n<p>Javi Est\u00e9vez, chef de \u00abLa Tasquer\u00eda\u00bb que ya cuenta con una estrella michel\u00edn, ya ha abierto su segundo restaurante: <strong>\u00abEl Lince\u00bb<\/strong> en la <strong>calle\u00a0Pr\u00edncipe de Vergara 289<\/strong>, junto a la plaza de Per\u00fa. Una propuesta m\u00e1s informal, sencilla y m\u00e1s accesible, con aires de taberna de barrio que contin\u00faa con sus sabores de cocina tradicional y casquer\u00eda. Ya puedes reservar tu mesa en su <a href=\"https:\/\/ellincerestaurante.com\">p\u00e1gina web<\/a>.<\/p>\n<h2>\u00abCarne\u00bb, la nueva \u00abhamburgueser\u00eda premium\u00bb<\/h2>\n<p>El chef\u00a0argentino,\u00a0<strong>Mauro Colagreco<\/strong>, 3 estrellas Michelin, ha decidido saltar al mercado espa\u00f1ol y pr\u00f3ximamente abrir\u00e1 <strong>\u00abCarne\u00bb<\/strong>, su nueva hamburgueser\u00eda en Madrid. Ser\u00e1 un bar de\u00a0hamburguesas org\u00e1nicas, con ediciones limitadas y con un uso variado de ingredientes (64 combinaciones posibles). Adem\u00e1s completar\u00e1 su carta con una oferta de\u00a0desayunos, meriendas, helados, refrescos, batidos saludables y cerveza artesanal propia. A\u00fan desconocemos el lugar y la fecha de apertura, pero estaremos muy atentos a las novedades para que seas el primero en probar estas hamburguesas con sello premium.<\/p>\n<h2>\u00abMunchies\u00bb, la marca de hamburguesas healthy de Georgia<\/h2>\n<p>Esta marca de hamburguesas de Georgia aterriza este septiembre 2022 en Madrid con su primer restaurante en el <strong>barrio de las Letras (calle Santa Mar\u00eda, 38)<\/strong>. Un proyecto que naci\u00f3 durante la pandemia y que ofrece a sus clientes una carta dividida en: <strong>s\u00e1ndwiches y brunchs<\/strong> (Brunchies by <a href=\"https:\/\/www.instagram.com\/iamfoodgoddess\/\">Foodgoddess<\/a>) y sus famosas <strong>hamburguesas<\/strong> (Munchies by Foodgoddess) acompa\u00f1adas con patatas fritas con sus salsas caseras. Una propuesta que destaca por ser healthy y por su packaging original y perfecto para el formato delivery.<\/p>\n<figure id=\"attachment_44664\" aria-describedby=\"caption-attachment-44664\" style=\"width: 683px\" class=\"wp-caption aligncenter\"><a href=\"https:\/\/www.vidademadrid.com\/es\/wp-content\/uploads\/2022\/09\/Captura-de-pantalla-2022-09-03-a-las-11.09.22.png\"><img loading=\"lazy\" decoding=\"async\" class=\"size-full wp-image-44664\" src=\"https:\/\/www.vidademadrid.com\/es\/wp-content\/uploads\/2022\/09\/Captura-de-pantalla-2022-09-03-a-las-11.09.22.png\" alt=\"\" width=\"683\" height=\"483\" srcset=\"https:\/\/www.vidademadrid.com\/es\/wp-content\/uploads\/2022\/09\/Captura-de-pantalla-2022-09-03-a-las-11.09.22.png 683w, https:\/\/www.vidademadrid.com\/es\/wp-content\/uploads\/2022\/09\/Captura-de-pantalla-2022-09-03-a-las-11.09.22-300x212.png 300w, https:\/\/www.vidademadrid.com\/es\/wp-content\/uploads\/2022\/09\/Captura-de-pantalla-2022-09-03-a-las-11.09.22-594x420.png 594w, https:\/\/www.vidademadrid.com\/es\/wp-content\/uploads\/2022\/09\/Captura-de-pantalla-2022-09-03-a-las-11.09.22-100x70.png 100w\" sizes=\"auto, (max-width: 683px) 100vw, 683px\" \/><\/a><figcaption id=\"caption-attachment-44664\" class=\"wp-caption-text\">Foto: @iamfoodgoddess<\/figcaption><\/figure>\n<h2>\u00abLa Mucca\u00bb y su nuevo restaurante en Plaza Espa\u00f1a<\/h2>\n<p><strong>La Mucca<\/strong>, que ya cuenta con 8 restaurantes en Madrid (Serrano, Fuencarral y Almagro entre otros), abrir\u00e1 su noveno espacio en <strong>Plaza Espa\u00f1a<\/strong> al lado de la\u00a0Fuente del Nacimiento del Agua. Seguiremos pendientes a nuevas noticias.<\/p>\n<p><script async=\"\" src=\"https:\/\/pagead2.googlesyndication.com\/pagead\/js\/adsbygoogle.js\"><\/script> <ins class=\"adsbygoogle\" style=\"display: block; text-align: center;\" data-ad-layout=\"in-article\" data-ad-format=\"fluid\" data-ad-client=\"ca-pub-7450064428034605\" data-ad-slot=\"5670045061\"><\/ins> <script>(adsbygoogle = window.adsbygoogle || []).push({});<\/script><\/p>\n","protected":false},"excerpt":{"rendered":"<p>S\u00e9 el primero en conocer las novedades del mundo \u00abfoodie\u00bb<\/p>\n","protected":false},"author":13,"featured_media":44628,"comment_status":"open","ping_status":"open","sticky":false,"template":"","format":"standard","meta":{"footnotes":""},"categories":[115,2],"tags":[],"class_list":{"0":"post-44614","1":"post","2":"type-post","3":"status-publish","4":"format-standard","5":"has-post-thumbnail","7":"category-planes-del-momento-madrid","8":"category-restaurantes-planes-foodie-madrid"},"_links":{"self":[{"href":"https:\/\/www.vidademadrid.com\/es\/wp-json\/wp\/v2\/posts\/44614","targetHints":{"allow":["GET"]}}],"collection":[{"href":"https:\/\/www.vidademadrid.com\/es\/wp-json\/wp\/v2\/posts"}],"about":[{"href":"https:\/\/www.vidademadrid.com\/es\/wp-json\/wp\/v2\/types\/post"}],"author":[{"embeddable":true,"href":"https:\/\/www.vidademadrid.com\/es\/wp-json\/wp\/v2\/users\/13"}],"replies":[{"embeddable":true,"href":"https:\/\/www.vidademadrid.com\/es\/wp-json\/wp\/v2\/comments?post=44614"}],"version-history":[{"count":9,"href":"https:\/\/www.vidademadrid.com\/es\/wp-json\/wp\/v2\/posts\/44614\/revisions"}],"predecessor-version":[{"id":44822,"href":"https:\/\/www.vidademadrid.com\/es\/wp-json\/wp\/v2\/posts\/44614\/revisions\/44822"}],"wp:featuredmedia":[{"embeddable":true,"href":"https:\/\/www.vidademadrid.com\/es\/wp-json\/wp\/v2\/media\/44628"}],"wp:attachment":[{"href":"https:\/\/www.vidademadrid.com\/es\/wp-json\/wp\/v2\/media?parent=44614"}],"wp:term":[{"taxonomy":"category","embeddable":true,"href":"https:\/\/www.vidademadrid.com\/es\/wp-json\/wp\/v2\/categories?post=44614"},{"taxonomy":"post_tag","embeddable":true,"href":"https:\/\/www.vidademadrid.com\/es\/wp-json\/wp\/v2\/tags?post=44614"}],"curies":[{"name":"wp","href":"https:\/\/api.w.org\/{rel}","templated":true}]}}