{"id":44605,"date":"2022-09-01T12:16:32","date_gmt":"2022-09-01T10:16:32","guid":{"rendered":"https:\/\/www.vidademadrid.com\/es\/?p=44605"},"modified":"2022-09-01T12:16:45","modified_gmt":"2022-09-01T10:16:45","slug":"peppa-pig-real-jardin-botanico-fechas-horarios-2022","status":"publish","type":"post","link":"https:\/\/www.vidademadrid.com\/es\/44605\/peppa-pig-real-jardin-botanico-fechas-horarios-2022\/","title":{"rendered":"Peppa Pig y sus amigos vuelven al Real Jard\u00edn Bot\u00e1nico en septiembre"},"content":{"rendered":"<p><strong>Peppa Pig,&nbsp;<\/strong>junto con sus amigos y familiares, volver\u00e1n a recorrer el&nbsp;<strong>Real Jard\u00edn Bot\u00e1nico&nbsp;<\/strong>de Madrid para descubrir de una forma \u00fanica e innovadora sus zonas m\u00e1s emblem\u00e1ticas durante el mes de septiembre. Te contamos toda la informaci\u00f3n en este art\u00edculo.&nbsp;<\/p>\n<h2>Peppa Pig en el Jard\u00edn Bot\u00e1nico<\/h2>\n<p><script async=\"\" src=\"https:\/\/pagead2.googlesyndication.com\/pagead\/js\/adsbygoogle.js\"><\/script> <ins class=\"adsbygoogle\" style=\"display:block\" data-ad-format=\"fluid\" data-ad-layout-key=\"-7f+eo+1+2-5\" data-ad-client=\"ca-pub-7450064428034605\" data-ad-slot=\"7327027071\"><\/ins><script>(adsbygoogle = window.adsbygoogle || []).push({});<\/script>Durante el&nbsp;<strong>mes de septiembre&nbsp;<\/strong>llegar\u00e1&nbsp;<strong>Peppa Pig,&nbsp;<\/strong>junto con George, Mam\u00e1 Pig, Pap\u00e1 Pig, Abuelo Pig y Abuela Pig, estar\u00e1n en el&nbsp;<strong>Real Jard\u00edn Bot\u00e1nico&nbsp;<\/strong>para ense\u00f1ar a los m\u00e1s peque\u00f1os sobre la&nbsp;<strong>historia del jard\u00edn, la flora m\u00e1s destacada y sus puntos m\u00e1s ic\u00f3nicos.&nbsp;<\/strong><\/p>\n<p>El&nbsp;<strong>Real Jard\u00edn Bot\u00e1nico&nbsp;<\/strong>ha seleccionado seis puntos destacados donde se podr\u00e1 encontrar a los personajes de&nbsp;<strong>Peppa Pig.&nbsp;<\/strong>Al llegar al jard\u00edn, el p\u00fablico recibir\u00e1 un cuaderno donde podr\u00e1 ver d\u00f3nde est\u00e1n las figuras y tendr\u00e1n informaci\u00f3n sobre la ubicaci\u00f3n. En ese cuaderno tambi\u00e9n habr\u00e1&nbsp;<strong>actividades para colorear, unir los puntos, encontrar las diferencias, puzzles y mucho m\u00e1s.&nbsp;<\/strong><\/p>\n<p>Adem\u00e1s, hay una&nbsp;<strong><a href=\"https:\/\/www.peppapigjardinesbotanicos.com\/jardin-madrid\">p\u00e1gina web interactiva<\/a>&nbsp;<\/strong>con actividades que se puede realizar en casa como&nbsp;y en la que la&nbsp;<strong>artista Soraya y su hija,&nbsp;<\/strong>ense\u00f1an actividades para realizar en familia como&nbsp;<strong>reciclar, pasear, plantar o cocinar con frutas&nbsp;<\/strong>para ayudar al planeta y disfrutar en familia. Adem\u00e1s se podr\u00e1 participar en un concurso y sorteo de distintos premios.&nbsp;<\/p>\n<h2>Visita el Jard\u00edn Bot\u00e1nico<\/h2>\n<p><script async=\"\" src=\"https:\/\/pagead2.googlesyndication.com\/pagead\/js\/adsbygoogle.js\"><\/script> <ins class=\"adsbygoogle\" style=\"display:block; text-align:center;\" data-ad-layout=\"in-article\" data-ad-format=\"fluid\" data-ad-client=\"ca-pub-7450064428034605\" data-ad-slot=\"5670045061\"><\/ins> <script>(adsbygoogle = window.adsbygoogle || []).push({});<\/script><strong>Peppa Pig y sus amigos&nbsp;<\/strong>estar\u00e1n en el <strong>Real Jard\u00edn Bot\u00e1nico <\/strong>(Metro Estaci\u00f3n del Arte \/ Atocha \/ Banco de Espa\u00f1a) del 2 al 30 de septiembre de 2022. El horario de&nbsp;<strong>Real Jard\u00edn Bot\u00e1nico <\/strong>es todos los d\u00edas de 10 a 20 horas.&nbsp;<\/p>\n<p>Para participar en la actividad de&nbsp;<strong>Peppa Pig y sus amigos&nbsp;<\/strong>ser\u00e1 necesario comprar la entrada para el&nbsp;<strong>Real Jard\u00edn Bot\u00e1nico.&nbsp;<\/strong>La entrada general cuesta&nbsp;<strong>4 euros,&nbsp;<\/strong>la entrada reducida cuesta&nbsp;<strong>1 euro&nbsp;<\/strong>y los&nbsp;<strong>menores de 18 a\u00f1os entran de forma gratuita.&nbsp;<\/strong>Se pueden adquirir las entradas en la<a href=\"https:\/\/entradas.rjb.csic.es\/?doing_wp_cron=1662027108.6058309078216552734375\"> p\u00e1gina web<\/a>.&nbsp;<\/p>\n","protected":false},"excerpt":{"rendered":"<p>Estar\u00e1n durante todo el mes de septiembre. <\/p>\n","protected":false},"author":15,"featured_media":44606,"comment_status":"open","ping_status":"open","sticky":false,"template":"","format":"standard","meta":{"footnotes":""},"categories":[101],"tags":[],"class_list":{"0":"post-44605","1":"post","2":"type-post","3":"status-publish","4":"format-standard","5":"has-post-thumbnail","7":"category-ferias-fiestas-mercados-madrid"},"_links":{"self":[{"href":"https:\/\/www.vidademadrid.com\/es\/wp-json\/wp\/v2\/posts\/44605","targetHints":{"allow":["GET"]}}],"collection":[{"href":"https:\/\/www.vidademadrid.com\/es\/wp-json\/wp\/v2\/posts"}],"about":[{"href":"https:\/\/www.vidademadrid.com\/es\/wp-json\/wp\/v2\/types\/post"}],"author":[{"embeddable":true,"href":"https:\/\/www.vidademadrid.com\/es\/wp-json\/wp\/v2\/users\/15"}],"replies":[{"embeddable":true,"href":"https:\/\/www.vidademadrid.com\/es\/wp-json\/wp\/v2\/comments?post=44605"}],"version-history":[{"count":2,"href":"https:\/\/www.vidademadrid.com\/es\/wp-json\/wp\/v2\/posts\/44605\/revisions"}],"predecessor-version":[{"id":44608,"href":"https:\/\/www.vidademadrid.com\/es\/wp-json\/wp\/v2\/posts\/44605\/revisions\/44608"}],"wp:featuredmedia":[{"embeddable":true,"href":"https:\/\/www.vidademadrid.com\/es\/wp-json\/wp\/v2\/media\/44606"}],"wp:attachment":[{"href":"https:\/\/www.vidademadrid.com\/es\/wp-json\/wp\/v2\/media?parent=44605"}],"wp:term":[{"taxonomy":"category","embeddable":true,"href":"https:\/\/www.vidademadrid.com\/es\/wp-json\/wp\/v2\/categories?post=44605"},{"taxonomy":"post_tag","embeddable":true,"href":"https:\/\/www.vidademadrid.com\/es\/wp-json\/wp\/v2\/tags?post=44605"}],"curies":[{"name":"wp","href":"https:\/\/api.w.org\/{rel}","templated":true}]}}