{"id":44557,"date":"2022-08-31T12:11:15","date_gmt":"2022-08-31T10:11:15","guid":{"rendered":"https:\/\/www.vidademadrid.com\/es\/?p=44557"},"modified":"2022-08-31T12:36:34","modified_gmt":"2022-08-31T10:36:34","slug":"remodelacion-trenes-metro-de-madrid-2022","status":"publish","type":"post","link":"https:\/\/www.vidademadrid.com\/es\/44557\/remodelacion-trenes-metro-de-madrid-2022\/","title":{"rendered":"Metro de Madrid remodelar\u00e1 116  trenes con 20 a\u00f1os de antig\u00fcedad"},"content":{"rendered":"<p>La\u00a0<strong>Comunidad de Madrid\u00a0<\/strong>ha anunciado la\u00a0<strong>remodelaci\u00f3n de 116 coches\u00a0<\/strong>que cuentan con\u00a0<strong>20 a\u00f1os de antig\u00fcedad.\u00a0<\/strong>Estos veh\u00edculos comenzaron a circular por la red en 2002 y lo hacen principalmente en las <strong>l\u00edneas 8, 9, 10 y 12 de la red de Metro de Madrid.<\/strong> Sigue leyendo este art\u00edculo para conocer toda la informaci\u00f3n.<\/p>\n<h2>Remodelaci\u00f3n de trenes\u00a0<\/h2>\n<p><script async=\"\" src=\"https:\/\/pagead2.googlesyndication.com\/pagead\/js\/adsbygoogle.js\"><\/script> <ins class=\"adsbygoogle\" style=\"display: block;\" data-ad-format=\"fluid\" data-ad-layout-key=\"-7f+eo+1+2-5\" data-ad-client=\"ca-pub-7450064428034605\" data-ad-slot=\"7327027071\"><\/ins><script>(adsbygoogle = window.adsbygoogle || []).push({});<\/script><\/p>\n<p>Se han iniciado los trabajos para\u00a0<strong>remodelar los 116 trenes\u00a0<\/strong>de la serie 7000 y 8000 de la\u00a0<strong>red de Metro de Madrid.\u00a0<\/strong>Estos trenes circulan por las\u00a0<strong>l\u00edneas 8, 9, 10 y 12\u00a0<\/strong>de Metro. Estos trabajos se realizar\u00e1n a partir del\u00a0<strong>2023\u00a0<\/strong>para mejorar el rendimiento de estos coche que se encuentran\u00a0<strong>a la mitad de su vida \u00fatil.\u00a0<\/strong><\/p>\n<p>Estos veh\u00edculos comenzaron a circular en la red de Metro de Madrid en 2002 por lo que tienen una\u00a0<strong>antig\u00fcedad de 20 a\u00f1os.\u00a0<\/strong>De momento ya se han reacondicionado\u00a0<strong>19 coches\u00a0<\/strong>de la serie 8000.\u00a0<\/p>\n<h2>Mejoras en los trenes de Metro\u00a0<\/h2>\n<p><script async=\"\" src=\"https:\/\/pagead2.googlesyndication.com\/pagead\/js\/adsbygoogle.js\"><\/script> <ins class=\"adsbygoogle\" style=\"display: block; text-align: center;\" data-ad-layout=\"in-article\" data-ad-format=\"fluid\" data-ad-client=\"ca-pub-7450064428034605\" data-ad-slot=\"5670045061\"><\/ins> <script>(adsbygoogle = window.adsbygoogle || []).push({});<\/script><\/p>\n<p>Las labores que se realizar\u00e1n ser\u00e1n: la recuperaci\u00f3n de los\u00a0<strong>asideros de viajeros,\u00a0<\/strong>que se han deteriorado por el uso, y de las\u00a0<strong>tapas de base y respaldo en los asientos.\u00a0<\/strong>Tambi\u00e9n se cambiar\u00e1 de manera \u00edntegra el\u00a0<strong>pavimento de los coches\u00a0<\/strong>para evitar las filtraciones de humedad que se produce por las limpiezas.\u00a0<\/p>\n<p>Las labores de mejora que se van a realizar en los coches de las\u00a0<strong>l\u00edneas 8, 9, 10 y 12 de Metro de Madrid\u00a0<\/strong>busca aumentar el\u00a0<strong>confort y la calidad\u00a0<\/strong>ofrecida a los viajeros y ser\u00e1 gestionada por el \u00c1rea de Mantenimiento de Material M\u00f3vil.\u00a0<\/p>\n\n\n<p><\/p>\n","protected":false},"excerpt":{"rendered":"<p>Estos trenes circulan en las l\u00edneas 8, 9, 10 y 12. <\/p>\n","protected":false},"author":15,"featured_media":44558,"comment_status":"open","ping_status":"open","sticky":false,"template":"","format":"standard","meta":{"footnotes":""},"categories":[23],"tags":[],"class_list":{"0":"post-44557","1":"post","2":"type-post","3":"status-publish","4":"format-standard","5":"has-post-thumbnail","7":"category-transportes-huelgas-madrid"},"_links":{"self":[{"href":"https:\/\/www.vidademadrid.com\/es\/wp-json\/wp\/v2\/posts\/44557","targetHints":{"allow":["GET"]}}],"collection":[{"href":"https:\/\/www.vidademadrid.com\/es\/wp-json\/wp\/v2\/posts"}],"about":[{"href":"https:\/\/www.vidademadrid.com\/es\/wp-json\/wp\/v2\/types\/post"}],"author":[{"embeddable":true,"href":"https:\/\/www.vidademadrid.com\/es\/wp-json\/wp\/v2\/users\/15"}],"replies":[{"embeddable":true,"href":"https:\/\/www.vidademadrid.com\/es\/wp-json\/wp\/v2\/comments?post=44557"}],"version-history":[{"count":2,"href":"https:\/\/www.vidademadrid.com\/es\/wp-json\/wp\/v2\/posts\/44557\/revisions"}],"predecessor-version":[{"id":44562,"href":"https:\/\/www.vidademadrid.com\/es\/wp-json\/wp\/v2\/posts\/44557\/revisions\/44562"}],"wp:featuredmedia":[{"embeddable":true,"href":"https:\/\/www.vidademadrid.com\/es\/wp-json\/wp\/v2\/media\/44558"}],"wp:attachment":[{"href":"https:\/\/www.vidademadrid.com\/es\/wp-json\/wp\/v2\/media?parent=44557"}],"wp:term":[{"taxonomy":"category","embeddable":true,"href":"https:\/\/www.vidademadrid.com\/es\/wp-json\/wp\/v2\/categories?post=44557"},{"taxonomy":"post_tag","embeddable":true,"href":"https:\/\/www.vidademadrid.com\/es\/wp-json\/wp\/v2\/tags?post=44557"}],"curies":[{"name":"wp","href":"https:\/\/api.w.org\/{rel}","templated":true}]}}