{"id":44554,"date":"2022-08-31T11:23:35","date_gmt":"2022-08-31T09:23:35","guid":{"rendered":"https:\/\/www.vidademadrid.com\/es\/?p=44554"},"modified":"2022-08-31T11:23:55","modified_gmt":"2022-08-31T09:23:55","slug":"reapertura-linea-c9-cercanias-madrid-cercedilla-cotos-frecuencias-2022","status":"publish","type":"post","link":"https:\/\/www.vidademadrid.com\/es\/44554\/reapertura-linea-c9-cercanias-madrid-cercedilla-cotos-frecuencias-2022\/","title":{"rendered":"Reabre la l\u00ednea C-9 de Cercan\u00edas, que va de Cercedilla a Los Cotos"},"content":{"rendered":"<p>La&nbsp;<strong>l\u00ednea C-9 de Cercan\u00edas&nbsp;<\/strong>volver\u00e1 a abrir tras&nbsp;<strong>dos a\u00f1os&nbsp;<\/strong>de mejoras de infraestructuras. Recuperar\u00e1 su&nbsp;<strong>Ferrocarril Cercedilla &#8211; Cotos <\/strong>el 3 de septiembre con dos trenes diarios y posteriormente volver\u00e1 a sus frecuencias habituales. Te contamos toda la informaci\u00f3n en este art\u00edculo.&nbsp;<\/p>\n<h2>Reapertura l\u00ednea C-9 Cercan\u00edas&nbsp;<\/h2>\n\n<script async=\"\" src=\"https:\/\/pagead2.googlesyndication.com\/pagead\/js\/adsbygoogle.js\"><\/script> <ins class=\"adsbygoogle\" style=\"display:block\" data-ad-format=\"fluid\" data-ad-layout-key=\"-7f+eo+1+2-5\" data-ad-client=\"ca-pub-7450064428034605\" data-ad-slot=\"7327027071\"><\/ins><script>(adsbygoogle = window.adsbygoogle || []).push({});<\/script>\n\n<p><strong>Renfe&nbsp;<\/strong>volver\u00e1 a poner en marcha la&nbsp;<strong>l\u00ednea C-9 de Cercan\u00edas,&nbsp;<\/strong>que proporciona servicio entre Cercedilla, el Puerto de Navacerrada y Cotos, tras haber&nbsp;<strong>finalizado las obras de mejora&nbsp;<\/strong>de la infraestructura ferroviaria para optimizar el servicio.&nbsp;<\/p>\n<p>La&nbsp;<strong>l\u00ednea C-9,<\/strong> que suspendi\u00f3 su servicio en marzo del 2020, volver\u00e1 a ofrecer su servicio del <strong>3 al 16 de septiembre del 2022&nbsp;<\/strong>con dos trenes diarios:&nbsp;<\/p>\n<ol>\n<li>21901 Cercedilla 09:35 &#8211; Los Cotos 10:16&nbsp;<\/li>\n<li>21900 Los Cotos 10:43 &#8211; Cercedilla 11:26&nbsp;<\/li>\n<li>21917 Cercedilla 17:35 &#8211; Los Cotos 18:16&nbsp;<\/li>\n<li>21916 Los Cotos 18:43 &#8211; Cercedilla 19:26&nbsp;<\/li>\n<\/ol>\n<p>A partir del&nbsp;<strong>17 de septiembre,&nbsp;<\/strong>el servicio volver\u00e1 a sus&nbsp;<strong>frecuencias habituales con un tren cada dos horas.&nbsp;<\/strong>Esta puesta en marcha se lleva a cabo una vez que se han evaluado los riesgos de esta l\u00ednea.&nbsp;<\/p>\n<h2>Reserva de plaza en la l\u00ednea C-9&nbsp;<\/h2>\n\n<script async=\"\" src=\"https:\/\/pagead2.googlesyndication.com\/pagead\/js\/adsbygoogle.js\"><\/script> <ins class=\"adsbygoogle\" style=\"display:block; text-align:center;\" data-ad-layout=\"in-article\" data-ad-format=\"fluid\" data-ad-client=\"ca-pub-7450064428034605\" data-ad-slot=\"5670045061\"><\/ins> <script>(adsbygoogle = window.adsbygoogle || []).push({});<\/script>\n\n\n<p>Para poder viajar en estos trenes, que tendr\u00e1n&nbsp;<strong>capacidad limitada a 90 viajeros, <\/strong>se deber\u00e1&nbsp;<strong>reservar previamente&nbsp;<\/strong>la plaza en la taquilla. La reserva ser\u00e1 gratuita para todos los viajeros que <strong>dispongan del abono recurrente.&nbsp;<\/strong>Esto se debe a que los trenes disponen de espacio suficiente para portar bicicletas.&nbsp;<\/p>\n\n\n<figure class=\"wp-block-embed is-type-rich is-provider-twitter wp-block-embed-twitter\"><div class=\"wp-block-embed__wrapper\">\n<blockquote class=\"twitter-tweet\" data-width=\"550\" data-dnt=\"true\"><p lang=\"es\" dir=\"ltr\">Tras dos a\u00f1os de mejoras de infraestructuras, <a href=\"https:\/\/twitter.com\/Renfe?ref_src=twsrc%5Etfw\">@Renfe<\/a> recupera este s\u00e1bado 3 el tren Cercedilla-Cotos, de la l\u00ednea C-9 de <a href=\"https:\/\/twitter.com\/CercaniasMadrid?ref_src=twsrc%5Etfw\">@CercaniasMadrid<\/a>.<br><br>El servicio arranca con dos trenes diarios por sentido y el 17 de septiembre volver\u00e1 a sus frecuencias habituales: un tren cada dos horas.<\/p>&mdash; Raquel S\u00e1nchez (@raquelsjimenez) <a href=\"https:\/\/twitter.com\/raquelsjimenez\/status\/1564572739943424000?ref_src=twsrc%5Etfw\">August 30, 2022<\/a><\/blockquote><script async src=\"https:\/\/platform.twitter.com\/widgets.js\" charset=\"utf-8\"><\/script>\n<\/div><\/figure>\n","protected":false},"excerpt":{"rendered":"<p>Ser\u00e1 necesario separar tu plaza en taquilla. <\/p>\n","protected":false},"author":15,"featured_media":44555,"comment_status":"open","ping_status":"open","sticky":false,"template":"","format":"standard","meta":{"footnotes":""},"categories":[23],"tags":[],"class_list":{"0":"post-44554","1":"post","2":"type-post","3":"status-publish","4":"format-standard","5":"has-post-thumbnail","7":"category-transportes-huelgas-madrid"},"_links":{"self":[{"href":"https:\/\/www.vidademadrid.com\/es\/wp-json\/wp\/v2\/posts\/44554","targetHints":{"allow":["GET"]}}],"collection":[{"href":"https:\/\/www.vidademadrid.com\/es\/wp-json\/wp\/v2\/posts"}],"about":[{"href":"https:\/\/www.vidademadrid.com\/es\/wp-json\/wp\/v2\/types\/post"}],"author":[{"embeddable":true,"href":"https:\/\/www.vidademadrid.com\/es\/wp-json\/wp\/v2\/users\/15"}],"replies":[{"embeddable":true,"href":"https:\/\/www.vidademadrid.com\/es\/wp-json\/wp\/v2\/comments?post=44554"}],"version-history":[{"count":1,"href":"https:\/\/www.vidademadrid.com\/es\/wp-json\/wp\/v2\/posts\/44554\/revisions"}],"predecessor-version":[{"id":44556,"href":"https:\/\/www.vidademadrid.com\/es\/wp-json\/wp\/v2\/posts\/44554\/revisions\/44556"}],"wp:featuredmedia":[{"embeddable":true,"href":"https:\/\/www.vidademadrid.com\/es\/wp-json\/wp\/v2\/media\/44555"}],"wp:attachment":[{"href":"https:\/\/www.vidademadrid.com\/es\/wp-json\/wp\/v2\/media?parent=44554"}],"wp:term":[{"taxonomy":"category","embeddable":true,"href":"https:\/\/www.vidademadrid.com\/es\/wp-json\/wp\/v2\/categories?post=44554"},{"taxonomy":"post_tag","embeddable":true,"href":"https:\/\/www.vidademadrid.com\/es\/wp-json\/wp\/v2\/tags?post=44554"}],"curies":[{"name":"wp","href":"https:\/\/api.w.org\/{rel}","templated":true}]}}