{"id":44520,"date":"2022-08-30T11:14:52","date_gmt":"2022-08-30T09:14:52","guid":{"rendered":"https:\/\/www.vidademadrid.com\/es\/?p=44520"},"modified":"2022-08-30T11:15:03","modified_gmt":"2022-08-30T09:15:03","slug":"tarjetas-familias-madrid-otono-invierno-2022-2023-requisitos","status":"publish","type":"post","link":"https:\/\/www.vidademadrid.com\/es\/44520\/tarjetas-familias-madrid-otono-invierno-2022-2023-requisitos\/","title":{"rendered":"M\u00e1s Tarjetas Familias Madrid este oto\u00f1o e invierno 2022-2023"},"content":{"rendered":"<p>El&nbsp;<strong>Ayuntamiento de Madrid&nbsp;<\/strong>ha anunciado que aumentar\u00e1 la cantidad de&nbsp;<strong>Tarjetas Familias&nbsp;<\/strong>que ofrecer\u00e1 este a\u00f1o. Ante un oto\u00f1o \u00abmuy dif\u00edcil\u00bb y un invierno que ser\u00e1 a\u00fan m\u00e1s dif\u00edcil, se han <strong>acelerado la concesi\u00f3n de ayudas de emergencia y especial necesidad<\/strong>. Te contamos toda la informaci\u00f3n en este art\u00edculo.&nbsp;<\/p>\n<h2>Tarjetas Familias Madrid&nbsp;<\/h2>\n\n<script async=\"\" src=\"https:\/\/pagead2.googlesyndication.com\/pagead\/js\/adsbygoogle.js\"><\/script> <ins class=\"adsbygoogle\" style=\"display:block\" data-ad-format=\"fluid\" data-ad-layout-key=\"-7f+eo+1+2-5\" data-ad-client=\"ca-pub-7450064428034605\" data-ad-slot=\"7327027071\"><\/ins><script>(adsbygoogle = window.adsbygoogle || []).push({});<\/script>\n\n<p>La <strong>Tarjeta Familias&nbsp;<\/strong>es una&nbsp;<strong>prestaci\u00f3n econ\u00f3mica&nbsp;<\/strong>que busca cubrir las&nbsp;<strong>necesidades b\u00e1sicas de alimentaci\u00f3n, aseo e higiene&nbsp;<\/strong>de los beneficiarios. Se han entregado casi <strong>18 mil tarjetas <\/strong>que beneficiar\u00e1n a aproximadamente&nbsp;<strong>55 mil usuarios.&nbsp;<\/strong><\/p>\n<p>La&nbsp;<strong>vicealcaldesa de Madrid,&nbsp;<\/strong>Bego\u00f1a Villac\u00eds, anunciado que se avecina \u00abun&nbsp;<strong>oto\u00f1o muy dif\u00edcil para las familias&nbsp;<\/strong>y por eso tenemos todos los instrumentos para poder atender y asistir a los que lo necesiten\u00bb, entre las medidas del Ayuntamiento de Madrid est\u00e1 el&nbsp;<strong>aumento en un 20 por ciento del \u00e1rea social&nbsp;<\/strong>con trabajadores administrativos, lo que supone \u00abun esfuerzo hist\u00f3rico\u00bb, de acuerdo con Villac\u00eds.&nbsp;<\/p>\n<p>El plazo de entrega de estas tarjetas se ha&nbsp;<strong>acelerado&nbsp;<\/strong>y se ofrece en&nbsp;<strong>45 d\u00edas como mucho,&nbsp;<\/strong>antes el proceso tardaba hasta nueve meses, de acuerdo con la informaci\u00f3n del Ayuntamiento.&nbsp;<\/p>\n<h2>Requisitos para la Tarjeta Familias Madrid<\/h2>\n\n<script async=\"\" src=\"https:\/\/pagead2.googlesyndication.com\/pagead\/js\/adsbygoogle.js\"><\/script> <ins class=\"adsbygoogle\" style=\"display:block; text-align:center;\" data-ad-layout=\"in-article\" data-ad-format=\"fluid\" data-ad-client=\"ca-pub-7450064428034605\" data-ad-slot=\"5670045061\"><\/ins> <script>(adsbygoogle = window.adsbygoogle || []).push({});<\/script>\n\n<p>Para ser beneficiario de las&nbsp;<strong>Tarjetas Familias&nbsp;<\/strong>se debe ser&nbsp;<strong>mayor de edad o menor emancipado,&nbsp;<\/strong>se debe estar&nbsp;<strong>empadronado&nbsp;<\/strong>en el distrito en el cual se dirige la solicitud,&nbsp;<strong>acreditar la situaci\u00f3n de necesidad,&nbsp;<\/strong>aportar la&nbsp;<strong>documentaci\u00f3n exigida<\/strong> y aceptaci\u00f3n expresa, por parte del solicitante, de los t\u00e9rminos que figuren en el dise\u00f1o de intervenci\u00f3n social que tambi\u00e9n aparece en las condiciones de utilizaci\u00f3n de la tarjeta prepago.&nbsp;<\/p>\n<p>Los&nbsp;<strong>requisitos&nbsp;<\/strong>para obtener la&nbsp;<strong>Tarjeta Familias&nbsp;<\/strong>se debe <strong>acreditar la situaci\u00f3n de necesidad,&nbsp;<\/strong>que la necesidad objeto de la ayuda este valorada por el trabajador social de un&nbsp;<strong>Centro de Servicios Sociales&nbsp;<\/strong>e integrada en un proceso de intervenci\u00f3n social. La utilizaci\u00f3n de esta tarjeta est\u00e1 limitada al saldo disponible y restringida a la adquisici\u00f3n de bienes de&nbsp;<strong>primera necesidad de alimentaci\u00f3n, aseo e higiene <\/strong>en establecimientos de la Comunidad de Madrid.<\/p>\n<p>Los&nbsp;<strong>ingresos de la unidad familiar deber\u00e1n ser inferiores&nbsp;<\/strong>a la Renta M\u00ednima de Inserci\u00f3n de la&nbsp;Comunidad de Madrid en 2022. Los ingresos se dividir\u00e1n por el n\u00famero de personas de la unidad familiar, y los menores de edad computar\u00e1n como un ,5. La cuant\u00eda ser\u00e1 a percibir, de acuerdo con el nivel de la Renta Mensual Per C\u00e1pita Familiar, ser\u00e1:&nbsp;<\/p>\n<figure id=\"attachment_44522\" aria-describedby=\"caption-attachment-44522\" style=\"width: 530px\" class=\"wp-caption alignnone\"><a href=\"https:\/\/www.vidademadrid.com\/es\/wp-content\/uploads\/2022\/08\/Screen-Shot-2022-08-30-at-11.06.36.png\"><img loading=\"lazy\" decoding=\"async\" class=\"size-full wp-image-44522\" src=\"https:\/\/www.vidademadrid.com\/es\/wp-content\/uploads\/2022\/08\/Screen-Shot-2022-08-30-at-11.06.36.png\" alt=\"\" width=\"530\" height=\"235\" srcset=\"https:\/\/www.vidademadrid.com\/es\/wp-content\/uploads\/2022\/08\/Screen-Shot-2022-08-30-at-11.06.36.png 530w, https:\/\/www.vidademadrid.com\/es\/wp-content\/uploads\/2022\/08\/Screen-Shot-2022-08-30-at-11.06.36-300x133.png 300w\" sizes=\"auto, (max-width: 530px) 100vw, 530px\" \/><\/a><figcaption id=\"caption-attachment-44522\" class=\"wp-caption-text\">Foto: Ayuntamiento de Madrid<\/figcaption><\/figure>\n\n\n<p><\/p>\n","protected":false},"excerpt":{"rendered":"<p>Esta ayuda busca cubrir el d\u00e9ficit energ\u00e9tico. <\/p>\n","protected":false},"author":15,"featured_media":44521,"comment_status":"open","ping_status":"open","sticky":false,"template":"","format":"standard","meta":{"footnotes":""},"categories":[12],"tags":[],"class_list":{"0":"post-44520","1":"post","2":"type-post","3":"status-publish","4":"format-standard","5":"has-post-thumbnail","7":"category-actualidad-noticias-madrid"},"_links":{"self":[{"href":"https:\/\/www.vidademadrid.com\/es\/wp-json\/wp\/v2\/posts\/44520","targetHints":{"allow":["GET"]}}],"collection":[{"href":"https:\/\/www.vidademadrid.com\/es\/wp-json\/wp\/v2\/posts"}],"about":[{"href":"https:\/\/www.vidademadrid.com\/es\/wp-json\/wp\/v2\/types\/post"}],"author":[{"embeddable":true,"href":"https:\/\/www.vidademadrid.com\/es\/wp-json\/wp\/v2\/users\/15"}],"replies":[{"embeddable":true,"href":"https:\/\/www.vidademadrid.com\/es\/wp-json\/wp\/v2\/comments?post=44520"}],"version-history":[{"count":2,"href":"https:\/\/www.vidademadrid.com\/es\/wp-json\/wp\/v2\/posts\/44520\/revisions"}],"predecessor-version":[{"id":44524,"href":"https:\/\/www.vidademadrid.com\/es\/wp-json\/wp\/v2\/posts\/44520\/revisions\/44524"}],"wp:featuredmedia":[{"embeddable":true,"href":"https:\/\/www.vidademadrid.com\/es\/wp-json\/wp\/v2\/media\/44521"}],"wp:attachment":[{"href":"https:\/\/www.vidademadrid.com\/es\/wp-json\/wp\/v2\/media?parent=44520"}],"wp:term":[{"taxonomy":"category","embeddable":true,"href":"https:\/\/www.vidademadrid.com\/es\/wp-json\/wp\/v2\/categories?post=44520"},{"taxonomy":"post_tag","embeddable":true,"href":"https:\/\/www.vidademadrid.com\/es\/wp-json\/wp\/v2\/tags?post=44520"}],"curies":[{"name":"wp","href":"https:\/\/api.w.org\/{rel}","templated":true}]}}