{"id":44319,"date":"2022-08-16T15:08:30","date_gmt":"2022-08-16T13:08:30","guid":{"rendered":"https:\/\/www.vidademadrid.com\/es\/?p=44319"},"modified":"2022-08-16T15:42:21","modified_gmt":"2022-08-16T13:42:21","slug":"humo-olor-incendio-hoy-madrid-16-agosto-2022","status":"publish","type":"post","link":"https:\/\/www.vidademadrid.com\/es\/44319\/humo-olor-incendio-hoy-madrid-16-agosto-2022\/","title":{"rendered":"Humo y olor a incendio hoy en Madrid, \u00bfqu\u00e9 pasa? La respuesta de la Comunidad de Madrid"},"content":{"rendered":"<p>Hoy, 16 de agosto de 2022, hay <strong>olor a humo e incendio<\/strong> en pr\u00e1cticamente todo <strong>Madrid<\/strong>. \u00bfQu\u00e9 pasa? La Comunidad de Madrid ya ha explicado qu\u00e9 est\u00e1 pasando, sigue leyendo para descubrir todo.<\/p>\n<h2>Humo y olor a incendio hoy en Madrid (16 agosto 2022)<\/h2>\n<p><script async=\"\" src=\"https:\/\/pagead2.googlesyndication.com\/pagead\/js\/adsbygoogle.js\"><\/script> <ins class=\"adsbygoogle\" style=\"display: block;\" data-ad-format=\"fluid\" data-ad-layout-key=\"-7f+eo+1+2-5\" data-ad-client=\"ca-pub-7450064428034605\" data-ad-slot=\"7327027071\"><\/ins><script>(adsbygoogle = window.adsbygoogle || []).push({});<\/script><\/p>\n<p>En distintos barrios de Madrid <strong>huele a incendio<\/strong>. Pero la <strong>nube de humo<\/strong> que se ve en la ciudad no depende de ning\u00fan incendio en la Comunidad de Madrid: el viento est\u00e1 trayendo el humo de un<strong> enorme incendio que se est\u00e1 produciendo en Portugal<\/strong>.<\/p>\n<p>La <strong>\u00abcalima\u00bb<\/strong> que se ve hoy en los cielos de Madrid viene de Portugal, m\u00e1s precisamente del incendio en la Serr\u00e3 da Estrela, que afecta el municipio de <strong>Covilh\u00e3<\/strong>. La Agencia de Seguridad y Emergencias Madrid 112 ha explicado en Twitter que \u00ab<em>a lo largo de la ma\u00f1ana hemos recibido en Madrid112 bastantes llamadas de ciudadanos alertados por olor a incendio y humo. <strong>Se trata un incendio en Portugal. No hay en estos momentos ning\u00fan incendio activo en la Comunidad de Madrid<\/strong><\/em>\u00ab.<\/p>\n<h2>M\u00e1s sobre el humo de Portugal en Madrid (tweets)<\/h2>\n<p><script async=\"\" src=\"https:\/\/pagead2.googlesyndication.com\/pagead\/js\/adsbygoogle.js\"><\/script> <ins class=\"adsbygoogle\" style=\"display: block; text-align: center;\" data-ad-layout=\"in-article\" data-ad-format=\"fluid\" data-ad-client=\"ca-pub-7450064428034605\" data-ad-slot=\"5670045061\"><\/ins> <script>(adsbygoogle = window.adsbygoogle || []).push({});<\/script><\/p>\n\n\n<figure class=\"wp-block-embed is-type-rich is-provider-twitter wp-block-embed-twitter\"><div class=\"wp-block-embed__wrapper\">\n<blockquote class=\"twitter-tweet\" data-width=\"550\" data-dnt=\"true\"><p lang=\"es\" dir=\"ltr\">321 km separan el Km 0 de <a href=\"https:\/\/twitter.com\/hashtag\/Madrid?src=hash&amp;ref_src=twsrc%5Etfw\">#Madrid<\/a> y el incendio en Portugal <a href=\"https:\/\/twitter.com\/hashtag\/ircovilh%C3%A3?src=hash&amp;ref_src=twsrc%5Etfw\">#ircovilh\u00e3<\/a><a href=\"https:\/\/t.co\/Ivp6IVbVP0\">https:\/\/t.co\/Ivp6IVbVP0<\/a> <a href=\"https:\/\/twitter.com\/hashtag\/humo?src=hash&amp;ref_src=twsrc%5Etfw\">#humo<\/a> <a href=\"https:\/\/twitter.com\/hashtag\/incendiomadrid?src=hash&amp;ref_src=twsrc%5Etfw\">#incendiomadrid<\/a> <a href=\"https:\/\/twitter.com\/hashtag\/ircovilh%C3%A3?src=hash&amp;ref_src=twsrc%5Etfw\">#ircovilh\u00e3<\/a> <a href=\"https:\/\/t.co\/d3OYlJw4oC\">pic.twitter.com\/d3OYlJw4oC<\/a><\/p>&mdash; Vida de Madrid (@VidaDeMadrid) <a href=\"https:\/\/twitter.com\/VidaDeMadrid\/status\/1559535710218162176?ref_src=twsrc%5Etfw\">August 16, 2022<\/a><\/blockquote><script async src=\"https:\/\/platform.twitter.com\/widgets.js\" charset=\"utf-8\"><\/script>\n<\/div><\/figure>\n\n\n\n<figure class=\"wp-block-embed is-type-rich is-provider-twitter wp-block-embed-twitter\"><div class=\"wp-block-embed__wrapper\">\n<blockquote class=\"twitter-tweet\" data-width=\"550\" data-dnt=\"true\"><p lang=\"es\" dir=\"ltr\">Sat\u00e9lite Terra hoy + hotspots MODIS. A la izquierda el <a href=\"https:\/\/twitter.com\/hashtag\/IRCovilh%C3%A3?src=hash&amp;ref_src=twsrc%5Etfw\">#IRCovilh\u00e3<\/a>, cuyo humo se extiende hasta Madrid. A la derecha vemos el <a href=\"https:\/\/twitter.com\/hashtag\/IFBejis?src=hash&amp;ref_src=twsrc%5Etfw\">#IFBejis<\/a> y el <a href=\"https:\/\/twitter.com\/hashtag\/IFValldEbo?src=hash&amp;ref_src=twsrc%5Etfw\">#IFValldEbo<\/a> <a href=\"https:\/\/t.co\/KRW1MdjCJY\">pic.twitter.com\/KRW1MdjCJY<\/a><\/p>&mdash; Ignacio Villaverde (@WildlandFirefig) <a href=\"https:\/\/twitter.com\/WildlandFirefig\/status\/1559525112185065473?ref_src=twsrc%5Etfw\">August 16, 2022<\/a><\/blockquote><script async src=\"https:\/\/platform.twitter.com\/widgets.js\" charset=\"utf-8\"><\/script>\n<\/div><\/figure>\n\n\n\n<figure class=\"wp-block-embed is-type-rich is-provider-twitter wp-block-embed-twitter\"><div class=\"wp-block-embed__wrapper\">\n<blockquote class=\"twitter-tweet\" data-width=\"550\" data-dnt=\"true\"><p lang=\"es\" dir=\"ltr\">?? A lo largo de la ma\u00f1ana hemos recibido en <a href=\"https:\/\/twitter.com\/hashtag\/Madrid112?src=hash&amp;ref_src=twsrc%5Etfw\">#Madrid112<\/a> bastantes llamadas de ciudadanos alertados por olor a incendio y humo. <br><br>?? Se trata un incendio en <a href=\"https:\/\/twitter.com\/hashtag\/Portugal?src=hash&amp;ref_src=twsrc%5Etfw\">#Portugal<\/a>. No hay en estos momentos ning\u00fan incendio activo en la <a href=\"https:\/\/twitter.com\/ComunidadMadrid?ref_src=twsrc%5Etfw\">@ComunidadMadrid<\/a>. <a href=\"https:\/\/twitter.com\/hashtag\/ASEM112?src=hash&amp;ref_src=twsrc%5Etfw\">#ASEM112<\/a> <a href=\"https:\/\/t.co\/AzbFo76Kgx\">pic.twitter.com\/AzbFo76Kgx<\/a><\/p>&mdash; 112 Comunidad de Madrid (@112cmadrid) <a href=\"https:\/\/twitter.com\/112cmadrid\/status\/1559507140540342273?ref_src=twsrc%5Etfw\">August 16, 2022<\/a><\/blockquote><script async src=\"https:\/\/platform.twitter.com\/widgets.js\" charset=\"utf-8\"><\/script>\n<\/div><\/figure>\n\n\n\n<figure class=\"wp-block-embed is-type-rich is-provider-twitter wp-block-embed-twitter\"><div class=\"wp-block-embed__wrapper\">\n<blockquote class=\"twitter-tweet\" data-width=\"550\" data-dnt=\"true\"><p lang=\"es\" dir=\"ltr\">Posiblemente est\u00e9s viendo que el cielo de <a href=\"https:\/\/twitter.com\/hashtag\/Madrid?src=hash&amp;ref_src=twsrc%5Etfw\">#Madrid<\/a> se est\u00e1 ti\u00f1iendo de gris y huele a quemado. En <a href=\"https:\/\/twitter.com\/hashtag\/Salamanca?src=hash&amp;ref_src=twsrc%5Etfw\">#Salamanca<\/a> ya lo vieron ayer. No es neblina ni calima.<br>Se trata del humo procedente de un incendio activo en <a href=\"https:\/\/twitter.com\/hashtag\/Portugal?src=hash&amp;ref_src=twsrc%5Etfw\">#Portugal<\/a>. El viento que sopla desde el Atl\u00e1ntico lo arrastra hasta aqu\u00ed. <a href=\"https:\/\/t.co\/9NWDoiVNMG\">pic.twitter.com\/9NWDoiVNMG<\/a><\/p>&mdash; MeteoMadrid (@carlosweder_) <a href=\"https:\/\/twitter.com\/carlosweder_\/status\/1559520212453658627?ref_src=twsrc%5Etfw\">August 16, 2022<\/a><\/blockquote><script async src=\"https:\/\/platform.twitter.com\/widgets.js\" charset=\"utf-8\"><\/script>\n<\/div><\/figure>\n\n\n\n<figure class=\"wp-block-embed is-type-rich is-provider-twitter wp-block-embed-twitter\"><div class=\"wp-block-embed__wrapper\">\n<blockquote class=\"twitter-tweet\" data-width=\"550\" data-dnt=\"true\"><p lang=\"es\" dir=\"ltr\">estas en Madrid viendo el humo que hay y pregunt\u00e1ndote donde estar\u00e1 el incendio&#8230;&#8230; pues alucina \u00a1\u00a1\u00a1 est\u00e1 aqu\u00ed a 300Km.  en Portugal,  el viento nos est\u00e1 trayendo el humo de ese pedazo de incendio que tienen en el Pais vecino. <a href=\"https:\/\/t.co\/WRxU55N766\">pic.twitter.com\/WRxU55N766<\/a><\/p>&mdash; RadarSpain ???? (@RadarSpain) <a href=\"https:\/\/twitter.com\/RadarSpain\/status\/1559512827521630214?ref_src=twsrc%5Etfw\">August 16, 2022<\/a><\/blockquote><script async src=\"https:\/\/platform.twitter.com\/widgets.js\" charset=\"utf-8\"><\/script>\n<\/div><\/figure>\n\n\n\n<figure class=\"wp-block-embed is-type-rich is-provider-twitter wp-block-embed-twitter\"><div class=\"wp-block-embed__wrapper\">\n<blockquote class=\"twitter-tweet\" data-width=\"550\" data-dnt=\"true\"><p lang=\"es\" dir=\"ltr\">Humo muy denso que cubre parte de la Comunidad de Madrid del incendio de Covilh\u00e3 en <a href=\"https:\/\/twitter.com\/hashtag\/Portugal?src=hash&amp;ref_src=twsrc%5Etfw\">#Portugal<\/a> con casi la visibilidad nula de los rascacielos de <a href=\"https:\/\/twitter.com\/hashtag\/Madrid?src=hash&amp;ref_src=twsrc%5Etfw\">#Madrid<\/a>. <br><br>\u00a9Fernando Astasio \u00c1vila <a href=\"https:\/\/t.co\/Z9FkbsUD7n\">pic.twitter.com\/Z9FkbsUD7n<\/a><\/p>&mdash; Fernando Astasio \u00c1vila ? (@ferdel3399) <a href=\"https:\/\/twitter.com\/ferdel3399\/status\/1559524088984604672?ref_src=twsrc%5Etfw\">August 16, 2022<\/a><\/blockquote><script async src=\"https:\/\/platform.twitter.com\/widgets.js\" charset=\"utf-8\"><\/script>\n<\/div><\/figure>\n\n\n\n<figure class=\"wp-block-embed is-type-rich is-provider-twitter wp-block-embed-twitter\"><div class=\"wp-block-embed__wrapper\">\n<blockquote class=\"twitter-tweet\" data-width=\"550\" data-dnt=\"true\"><p lang=\"es\" dir=\"ltr\">El humo del incendio de Portugal llega a <a href=\"https:\/\/twitter.com\/hashtag\/Madrid?src=hash&amp;ref_src=twsrc%5Etfw\">#Madrid<\/a> <a href=\"https:\/\/t.co\/JCNdZDT9UM\">pic.twitter.com\/JCNdZDT9UM<\/a><\/p>&mdash; Alberto Cubo (@ACuboC) <a href=\"https:\/\/twitter.com\/ACuboC\/status\/1559514077239599105?ref_src=twsrc%5Etfw\">August 16, 2022<\/a><\/blockquote><script async src=\"https:\/\/platform.twitter.com\/widgets.js\" charset=\"utf-8\"><\/script>\n<\/div><\/figure>\n\n\n\n<figure class=\"wp-block-embed is-type-rich is-provider-twitter wp-block-embed-twitter\"><div class=\"wp-block-embed__wrapper\">\n<blockquote class=\"twitter-tweet\" data-width=\"550\" data-dnt=\"true\"><p lang=\"es\" dir=\"ltr\">No, lo q estamos viendo por la zona de la sierra de <a href=\"https:\/\/twitter.com\/hashtag\/Madrid?src=hash&amp;ref_src=twsrc%5Etfw\">#Madrid<\/a> no  es can\u00edcula. Se trata de humo proveniente del <a href=\"https:\/\/twitter.com\/hashtag\/ircovilh%C3%A3?src=hash&amp;ref_src=twsrc%5Etfw\">#ircovilh\u00e3<\/a> en <a href=\"https:\/\/twitter.com\/hashtag\/Portugal?src=hash&amp;ref_src=twsrc%5Etfw\">#Portugal<\/a> arrastrado por vientos q soplan del W y NW.<br>Mucho \u00e1nimo para los compa\u00f1eros portugueses.<a href=\"https:\/\/twitter.com\/hashtag\/IIFF?src=hash&amp;ref_src=twsrc%5Etfw\">#IIFF<\/a> <a href=\"https:\/\/t.co\/Qa5wL5m28E\">pic.twitter.com\/Qa5wL5m28E<\/a><\/p>&mdash; FIRET B.Forestales (@FIRETBF) <a href=\"https:\/\/twitter.com\/FIRETBF\/status\/1559467016116895747?ref_src=twsrc%5Etfw\">August 16, 2022<\/a><\/blockquote><script async src=\"https:\/\/platform.twitter.com\/widgets.js\" charset=\"utf-8\"><\/script>\n<\/div><\/figure>\n\n\n\n<figure class=\"wp-block-gallery columns-1 is-cropped wp-block-gallery-1 is-layout-flex wp-block-gallery-is-layout-flex\"><ul class=\"blocks-gallery-grid\"><li class=\"blocks-gallery-item\"><figure><a href=\"https:\/\/www.vidademadrid.com\/es\/wp-content\/uploads\/2022\/08\/humo-madrid-1.jpg\"><img loading=\"lazy\" decoding=\"async\" width=\"1024\" height=\"512\" src=\"https:\/\/www.vidademadrid.com\/es\/wp-content\/uploads\/2022\/08\/humo-madrid-1-1024x512.jpg\" alt=\"\" data-id=\"44321\" data-full-url=\"https:\/\/www.vidademadrid.com\/es\/wp-content\/uploads\/2022\/08\/humo-madrid-1.jpg\" data-link=\"https:\/\/www.vidademadrid.com\/es\/44319\/humo-olor-incendio-hoy-madrid-16-agosto-2022\/humo-madrid-2\/\" class=\"wp-image-44321\" srcset=\"https:\/\/www.vidademadrid.com\/es\/wp-content\/uploads\/2022\/08\/humo-madrid-1-1024x512.jpg 1024w, https:\/\/www.vidademadrid.com\/es\/wp-content\/uploads\/2022\/08\/humo-madrid-1-300x150.jpg 300w, https:\/\/www.vidademadrid.com\/es\/wp-content\/uploads\/2022\/08\/humo-madrid-1-768x384.jpg 768w, https:\/\/www.vidademadrid.com\/es\/wp-content\/uploads\/2022\/08\/humo-madrid-1-696x348.jpg 696w, https:\/\/www.vidademadrid.com\/es\/wp-content\/uploads\/2022\/08\/humo-madrid-1-1068x534.jpg 1068w, https:\/\/www.vidademadrid.com\/es\/wp-content\/uploads\/2022\/08\/humo-madrid-1-840x420.jpg 840w, https:\/\/www.vidademadrid.com\/es\/wp-content\/uploads\/2022\/08\/humo-madrid-1.jpg 1200w\" sizes=\"auto, (max-width: 1024px) 100vw, 1024px\" \/><\/a><figcaption class=\"blocks-gallery-item__caption\">Foto: Vida de Madrid<\/figcaption><\/figure><\/li><\/ul><\/figure>\n","protected":false},"excerpt":{"rendered":"<p>El viento est\u00e1 trayendo el humo de un enorme incendio que se est\u00e1 produciendo en Portugal.<\/p>\n","protected":false},"author":1,"featured_media":44325,"comment_status":"open","ping_status":"open","sticky":false,"template":"","format":"standard","meta":{"footnotes":""},"categories":[12],"tags":[],"class_list":{"0":"post-44319","1":"post","2":"type-post","3":"status-publish","4":"format-standard","5":"has-post-thumbnail","7":"category-actualidad-noticias-madrid"},"_links":{"self":[{"href":"https:\/\/www.vidademadrid.com\/es\/wp-json\/wp\/v2\/posts\/44319","targetHints":{"allow":["GET"]}}],"collection":[{"href":"https:\/\/www.vidademadrid.com\/es\/wp-json\/wp\/v2\/posts"}],"about":[{"href":"https:\/\/www.vidademadrid.com\/es\/wp-json\/wp\/v2\/types\/post"}],"author":[{"embeddable":true,"href":"https:\/\/www.vidademadrid.com\/es\/wp-json\/wp\/v2\/users\/1"}],"replies":[{"embeddable":true,"href":"https:\/\/www.vidademadrid.com\/es\/wp-json\/wp\/v2\/comments?post=44319"}],"version-history":[{"count":3,"href":"https:\/\/www.vidademadrid.com\/es\/wp-json\/wp\/v2\/posts\/44319\/revisions"}],"predecessor-version":[{"id":44328,"href":"https:\/\/www.vidademadrid.com\/es\/wp-json\/wp\/v2\/posts\/44319\/revisions\/44328"}],"wp:featuredmedia":[{"embeddable":true,"href":"https:\/\/www.vidademadrid.com\/es\/wp-json\/wp\/v2\/media\/44325"}],"wp:attachment":[{"href":"https:\/\/www.vidademadrid.com\/es\/wp-json\/wp\/v2\/media?parent=44319"}],"wp:term":[{"taxonomy":"category","embeddable":true,"href":"https:\/\/www.vidademadrid.com\/es\/wp-json\/wp\/v2\/categories?post=44319"},{"taxonomy":"post_tag","embeddable":true,"href":"https:\/\/www.vidademadrid.com\/es\/wp-json\/wp\/v2\/tags?post=44319"}],"curies":[{"name":"wp","href":"https:\/\/api.w.org\/{rel}","templated":true}]}}