{"id":44096,"date":"2022-08-02T12:35:27","date_gmt":"2022-08-02T10:35:27","guid":{"rendered":"https:\/\/www.vidademadrid.com\/es\/?p=44096"},"modified":"2022-08-02T12:35:33","modified_gmt":"2022-08-02T10:35:33","slug":"fiestas-de-la-paloma-2022-madrid-programa-conciertos","status":"publish","type":"post","link":"https:\/\/www.vidademadrid.com\/es\/44096\/fiestas-de-la-paloma-2022-madrid-programa-conciertos\/","title":{"rendered":"Fiestas de la Paloma 2022: programa y conciertos"},"content":{"rendered":"<p>Las&nbsp;<strong>fiestas de la Paloma&nbsp;<\/strong>vuelven a Madrid esta temporada estival tras dos a\u00f1os de par\u00f3n, por la pandemia provocada por el Covid-19. Son las \u00faltimas celebraciones del verano y tendr\u00e1n actividades para todos los p\u00fablicos. Sigue leyendo este art\u00edculo para conocer toda la informaci\u00f3n.&nbsp;<\/p>\n<h2>Fiestas de la Paloma 2022<\/h2>\n<p><script async=\"\" src=\"https:\/\/pagead2.googlesyndication.com\/pagead\/js\/adsbygoogle.js\"><\/script> <ins class=\"adsbygoogle\" style=\"display:block\" data-ad-format=\"fluid\" data-ad-layout-key=\"-7f+eo+1+2-5\" data-ad-client=\"ca-pub-7450064428034605\" data-ad-slot=\"7327027071\"><\/ins><script>(adsbygoogle = window.adsbygoogle || []).push({});<\/script>Los&nbsp;<strong>jardines de Las Vistillas&nbsp;<\/strong>vuelven a ser este a\u00f1o el escenario principal de las&nbsp;<strong>fiestas de la Paloma.&nbsp;<\/strong>Esta fiesta popular, en honor a la&nbsp;<strong>Virgen de La Paloma, <\/strong>vuelve al&nbsp;<strong>barrio de La Latina&nbsp;<\/strong>con actividades que se podr\u00e1n disfrutar por todos los p\u00fablicos.&nbsp;<\/p>\n<p>Entre las actividades estar\u00e1 la&nbsp;<strong>procesi\u00f3n&nbsp;<\/strong>con la&nbsp;<strong>Virgen de La Paloma,&nbsp;<\/strong>los concursos de&nbsp;<strong>chotis y pasodobles, <\/strong>disfrutar de las casetas de la&nbsp;<strong>Feria de La Paloma&nbsp;<\/strong>y actividades&nbsp;<strong>familiares&nbsp;<\/strong>as\u00ed como conciertos y presentaciones musicales de&nbsp;<strong>la Agrupaci\u00f3n de Madrile\u00f1os y Amigos Los Castizos,&nbsp;<\/strong><strong>Lyon Family Band, Ana Torroja&nbsp;<\/strong>y m\u00e1s.&nbsp;<\/p>\n<h2>Fiestas de la Paloma 2022: programa<\/h2>\n<p><script async=\"\" src=\"https:\/\/pagead2.googlesyndication.com\/pagead\/js\/adsbygoogle.js\"><\/script> <ins class=\"adsbygoogle\" style=\"display:block; text-align:center;\" data-ad-layout=\"in-article\" data-ad-format=\"fluid\" data-ad-client=\"ca-pub-7450064428034605\" data-ad-slot=\"5670045061\"><\/ins> <script>(adsbygoogle = window.adsbygoogle || []).push({});<\/script>Las&nbsp;<strong>fiestas de la Paloma 2022&nbsp;<\/strong>ser\u00e1n del&nbsp;<strong>13 al 15 de agosto. <\/strong>El&nbsp;<strong>s\u00e1bado 13 de agosto&nbsp;<\/strong>ser\u00e1 la actuaci\u00f3n payaso de&nbsp;<strong>Un Chiflado Irreverente.&nbsp;<\/strong>Al finalizar habr\u00e1 una actuaci\u00f3n castiza seguida por actuaciones musicales, de&nbsp;<strong>Lyon Family Band y Ana Torroja.&nbsp;<\/strong>Terminar\u00e1n con el canto de la Salve a la Virgen de la Paloma.<\/p>\n<p>El&nbsp;<strong>domingo 14 de agosto&nbsp;<\/strong>las actividades tendr\u00e1n lugar en los&nbsp;<strong>jardines de las Vistillas&nbsp;<\/strong>y <strong>plaza de la Paja&nbsp;<\/strong>a partir de las&nbsp;<strong>20 horas&nbsp;<\/strong>y terminar\u00e1 con el canto de la Salve a la Virgen de la Paloma a las&nbsp;<strong>24 horas.&nbsp;<\/strong>El&nbsp;<strong>lunes 15 de agosto&nbsp;<\/strong>se llevar\u00e1 a cabo la&nbsp;<strong>ofrenda floral a la Virgen de la Paloma, <\/strong>seguido por la misa solemne. A las&nbsp;<strong>20 horas&nbsp;<\/strong>ser\u00e1 la&nbsp;<strong>procesi\u00f3n de la Virgen de la Paloma&nbsp;<\/strong>seguido por el canto de la Salve a la Virgen de la Paloma.&nbsp;<\/p>\n<p>Puedes consultar el programa completo en este <a href=\"https:\/\/diario.madrid.es\/wp-content\/uploads\/2022\/07\/Programa-Fiestas-San-Cayetano-San-Lorenzo-La-Paloma-2022.pdf\">enlace<\/a>.&nbsp;<\/p>\n","protected":false},"excerpt":{"rendered":"<p>Habr\u00e1 muchas actuaciones musicales. <\/p>\n","protected":false},"author":15,"featured_media":44097,"comment_status":"open","ping_status":"open","sticky":false,"template":"","format":"standard","meta":{"footnotes":""},"categories":[101],"tags":[],"class_list":{"0":"post-44096","1":"post","2":"type-post","3":"status-publish","4":"format-standard","5":"has-post-thumbnail","7":"category-ferias-fiestas-mercados-madrid"},"_links":{"self":[{"href":"https:\/\/www.vidademadrid.com\/es\/wp-json\/wp\/v2\/posts\/44096","targetHints":{"allow":["GET"]}}],"collection":[{"href":"https:\/\/www.vidademadrid.com\/es\/wp-json\/wp\/v2\/posts"}],"about":[{"href":"https:\/\/www.vidademadrid.com\/es\/wp-json\/wp\/v2\/types\/post"}],"author":[{"embeddable":true,"href":"https:\/\/www.vidademadrid.com\/es\/wp-json\/wp\/v2\/users\/15"}],"replies":[{"embeddable":true,"href":"https:\/\/www.vidademadrid.com\/es\/wp-json\/wp\/v2\/comments?post=44096"}],"version-history":[{"count":2,"href":"https:\/\/www.vidademadrid.com\/es\/wp-json\/wp\/v2\/posts\/44096\/revisions"}],"predecessor-version":[{"id":44099,"href":"https:\/\/www.vidademadrid.com\/es\/wp-json\/wp\/v2\/posts\/44096\/revisions\/44099"}],"wp:featuredmedia":[{"embeddable":true,"href":"https:\/\/www.vidademadrid.com\/es\/wp-json\/wp\/v2\/media\/44097"}],"wp:attachment":[{"href":"https:\/\/www.vidademadrid.com\/es\/wp-json\/wp\/v2\/media?parent=44096"}],"wp:term":[{"taxonomy":"category","embeddable":true,"href":"https:\/\/www.vidademadrid.com\/es\/wp-json\/wp\/v2\/categories?post=44096"},{"taxonomy":"post_tag","embeddable":true,"href":"https:\/\/www.vidademadrid.com\/es\/wp-json\/wp\/v2\/tags?post=44096"}],"curies":[{"name":"wp","href":"https:\/\/api.w.org\/{rel}","templated":true}]}}