{"id":44088,"date":"2022-08-01T14:07:17","date_gmt":"2022-08-01T12:07:17","guid":{"rendered":"https:\/\/www.vidademadrid.com\/es\/?p=44088"},"modified":"2022-08-01T14:07:29","modified_gmt":"2022-08-01T12:07:29","slug":"cambio-nombre-tablao-villa-rosa-bases-concurso","status":"publish","type":"post","link":"https:\/\/www.vidademadrid.com\/es\/44088\/cambio-nombre-tablao-villa-rosa-bases-concurso\/","title":{"rendered":"El Tablao Villa Rosa tendr\u00e1 que cambiar su nombre"},"content":{"rendered":"<p>El <strong>Tablao Villa Rosa<\/strong>, la sala de flamenco m\u00e1s antigua del mundo, no termina de tener un final feliz y despu\u00e9s de su reapertura hace menos de 3 meses ahora se ve obligado a cambiar de nombre. Te lo contamos todo en este art\u00edculo.<\/p>\n<h2>El Tablao Villa Rosa cambia de nombre<\/h2>\n\n\n<script async src=\"https:\/\/pagead2.googlesyndication.com\/pagead\/js\/adsbygoogle.js\"><\/script> <ins class=\"adsbygoogle\"  style=\"display:block\" data-ad-format=\"fluid\" data-ad-layout-key=\"-7f+eo+1+2-5\" data-ad-client=\"ca-pub-7450064428034605\" data-ad-slot=\"7327027071\"><\/ins><script>(adsbygoogle = window.adsbygoogle || []).push({});<\/script>\n\n\n\n<p>El pasado mes de mayo anunciamos la<a href=\"https:\/\/www.vidademadrid.com\/es\/?s=villa+rosa\"> reapertura del Tablao Villa Rosa<\/a>, la sala de flamenco m\u00e1s antigua del mundo. Pero este lugar tambi\u00e9n conocido como la \u00abCatedral del Flamenco\u00bb no termina de tener un final feliz y los ahora inquilinos del espacio se han visto obligados a cambiarle de nombre.<\/p>\n<div class=\"page\" title=\"Page 1\">\n<div class=\"layoutArea\">\n<div class=\"column\">\n<p>Este acontecimiento de \u00faltima hora se debe a que durante m\u00e1s de un siglo se ha venido denominando Villa Rosa sin que ninguno de sus propietarios ni inquilinos registrara el nombre en la oficina de marcas. Esto fue as\u00ed hasta que uno de los arrendatarios del local decidi\u00f3 registrarlo a su nombre. Ahora, despu\u00e9s de 111 a\u00f1os de historia, los nuevos gestores han sido requeridos para restringirles el uso de la marca, oblig\u00e1ndoles a cambiar su nombre.<\/p>\n<\/div>\n<\/div>\n<\/div>\n\n\n<h2 class=\"wp-block-heading\">T\u00fa eliges el nuevo nombre de Villa Rosa<\/h2>\n\n\n\n<script async src=\"https:\/\/pagead2.googlesyndication.com\/pagead\/js\/adsbygoogle.js\"><\/script> <ins class=\"adsbygoogle\" style=\"display:block; text-align:center;\" data-ad-layout=\"in-article\" data-ad-format=\"fluid\" data-ad-client=\"ca-pub-7450064428034605\" data-ad-slot=\"5670045061\"><\/ins> <script>(adsbygoogle = window.adsbygoogle || []).push({});<\/script>\n\n\n\n<p>Villa Rosa es un nombre que forma parte de la historia de este tablao flamenco, pero el lado bueno es que ahora t\u00fa puedes elegir cu\u00e1l ser\u00e1 su pr\u00f3ximo nombre. Se va a hacer un concurso p\u00fablico y otorgar un premio \u00fanico de 6.000\u20ac para aquella persona que de con el nombre perfecto. Si quieres participar en el \u00abnuevo bautizo\u00bb de este templo del flamenco no dudes en consultar las bases del concurso en <a href=\"http:\/\/sebuscanombre.com\">sebuscanombre.com<\/a>.<\/p>\n","protected":false},"excerpt":{"rendered":"<p>Habr\u00e1 un premio de 6.000\u20ac para el que de con el nombre perfecto <\/p>\n","protected":false},"author":13,"featured_media":44090,"comment_status":"open","ping_status":"open","sticky":false,"template":"","format":"standard","meta":{"footnotes":""},"categories":[12],"tags":[],"class_list":{"0":"post-44088","1":"post","2":"type-post","3":"status-publish","4":"format-standard","5":"has-post-thumbnail","7":"category-actualidad-noticias-madrid"},"_links":{"self":[{"href":"https:\/\/www.vidademadrid.com\/es\/wp-json\/wp\/v2\/posts\/44088","targetHints":{"allow":["GET"]}}],"collection":[{"href":"https:\/\/www.vidademadrid.com\/es\/wp-json\/wp\/v2\/posts"}],"about":[{"href":"https:\/\/www.vidademadrid.com\/es\/wp-json\/wp\/v2\/types\/post"}],"author":[{"embeddable":true,"href":"https:\/\/www.vidademadrid.com\/es\/wp-json\/wp\/v2\/users\/13"}],"replies":[{"embeddable":true,"href":"https:\/\/www.vidademadrid.com\/es\/wp-json\/wp\/v2\/comments?post=44088"}],"version-history":[{"count":3,"href":"https:\/\/www.vidademadrid.com\/es\/wp-json\/wp\/v2\/posts\/44088\/revisions"}],"predecessor-version":[{"id":44092,"href":"https:\/\/www.vidademadrid.com\/es\/wp-json\/wp\/v2\/posts\/44088\/revisions\/44092"}],"wp:featuredmedia":[{"embeddable":true,"href":"https:\/\/www.vidademadrid.com\/es\/wp-json\/wp\/v2\/media\/44090"}],"wp:attachment":[{"href":"https:\/\/www.vidademadrid.com\/es\/wp-json\/wp\/v2\/media?parent=44088"}],"wp:term":[{"taxonomy":"category","embeddable":true,"href":"https:\/\/www.vidademadrid.com\/es\/wp-json\/wp\/v2\/categories?post=44088"},{"taxonomy":"post_tag","embeddable":true,"href":"https:\/\/www.vidademadrid.com\/es\/wp-json\/wp\/v2\/tags?post=44088"}],"curies":[{"name":"wp","href":"https:\/\/api.w.org\/{rel}","templated":true}]}}