{"id":440,"date":"2015-10-22T22:46:32","date_gmt":"2015-10-22T20:46:32","guid":{"rendered":"http:\/\/www.vidademadrid.com\/es\/?p=440"},"modified":"2016-10-19T15:41:12","modified_gmt":"2016-10-19T13:41:12","slug":"mercado-de-sabores-2015-madrid","status":"publish","type":"post","link":"https:\/\/www.vidademadrid.com\/es\/440\/mercado-de-sabores-2015-madrid\/","title":{"rendered":"Mercado de Sabores 2015: en Madrid las tapas de los top chefs. Fotos de la primera noche"},"content":{"rendered":"<h2><a style=\"color:red\" href=\"http:\/\/www.vidademadrid.com\/es\/5153\/mercado-sabores-madrid-2016\/\">Pincha aqu\u00ed para Mercado de Sabores <strong>2016<\/strong><\/a><\/h2>\n<p><a href=\"#fotos\">Fotos<\/a> &#8211; <a href=\"#info\">Info<\/a><\/p>\n<p>\u00a1Ya hemos estado en el <strong>Mercado de Sabores 2015<\/strong>, y os ense\u00f1amos las fotos! <em>(S\u00ed, Vida de Madrid quiere ser el primero en presentaros todo)<\/em><\/p>\n<p><strong>Nada puede ser m\u00e1s espa\u00f1ol y madrile\u00f1o en este mix<\/strong>: tapas, los top chefs del pa\u00eds, cerveza Mahou y el Palacio de Cibeles!<\/p>\n<p>El evento, en la espectacular <strong>Galer\u00eda de Cristal de Cibeles<\/strong>, cuenta con la presencia de 20 de los mejores chefs y sus restaurantes (Alberto Chicote, Paco Roncero, Mar\u00eda Mart\u00e9&#8230;): cada chef propone una tapa super. Cada tapa cuesta 3\u20ac, todo acompa\u00f1ado &#8211; claro &#8211; con las cervezas Mahou (una ca\u00f1a cuesta 1\u20ac).<\/p>\n<p>Y mientras disfrut\u00e1is de las tapas en las (muchas) mesas altas, en el escenario habr\u00e1\u00a0<a href=\"http:\/\/www.mahoudrid.com\/actividades-mercado-de-sabores.png\" target=\"_blank\">actividades<\/a> gastron\u00f3micas: exhibiciones de tiraje de cerveza, presentaci\u00f3n de tapas y mucho m\u00e1s.<\/p>\n<p>El Mercado de Sabores 2015 estar\u00e1 hasta el domingo 25 de octubre. La entrada es gratuita, se paga solo lo que se come y bebe. En el final del post est\u00e1n todos los horarios y m\u00e1s info.<\/p>\n<p>Os dejo las fotos de la primera noche del Mercado de Sabores 2015: un ambiente \u00fanico que no hay que perderse estos d\u00edas.<\/p>\n<h2 id=\"fotos\">Las fotos del Mercado de Sabores 2015 en Madrid<\/h2>\n<div id='gallery-1' class='gallery galleryid-440 gallery-columns-1 gallery-size-full'><figure class='gallery-item'>\n\t\t\t<div class='gallery-icon landscape'>\n\t\t\t\t<img loading=\"lazy\" decoding=\"async\" width=\"715\" height=\"529\" src=\"https:\/\/www.vidademadrid.com\/es\/wp-content\/uploads\/2015\/10\/mercado-de-sabores-mahou-03.jpg\" class=\"attachment-full size-full\" alt=\"\" srcset=\"https:\/\/www.vidademadrid.com\/es\/wp-content\/uploads\/2015\/10\/mercado-de-sabores-mahou-03.jpg 715w, https:\/\/www.vidademadrid.com\/es\/wp-content\/uploads\/2015\/10\/mercado-de-sabores-mahou-03-300x222.jpg 300w\" sizes=\"auto, (max-width: 715px) 100vw, 715px\" \/>\n\t\t\t<\/div><\/figure><figure class='gallery-item'>\n\t\t\t<div class='gallery-icon landscape'>\n\t\t\t\t<img loading=\"lazy\" decoding=\"async\" width=\"715\" height=\"529\" src=\"https:\/\/www.vidademadrid.com\/es\/wp-content\/uploads\/2015\/10\/mercado-de-sabores-mahou-05.jpg\" class=\"attachment-full size-full\" alt=\"\" srcset=\"https:\/\/www.vidademadrid.com\/es\/wp-content\/uploads\/2015\/10\/mercado-de-sabores-mahou-05.jpg 715w, https:\/\/www.vidademadrid.com\/es\/wp-content\/uploads\/2015\/10\/mercado-de-sabores-mahou-05-300x222.jpg 300w\" sizes=\"auto, (max-width: 715px) 100vw, 715px\" \/>\n\t\t\t<\/div><\/figure><figure class='gallery-item'>\n\t\t\t<div class='gallery-icon landscape'>\n\t\t\t\t<img loading=\"lazy\" decoding=\"async\" width=\"715\" height=\"529\" src=\"https:\/\/www.vidademadrid.com\/es\/wp-content\/uploads\/2015\/10\/mercado-de-sabores-mahou-07.jpg\" class=\"attachment-full size-full\" alt=\"\" srcset=\"https:\/\/www.vidademadrid.com\/es\/wp-content\/uploads\/2015\/10\/mercado-de-sabores-mahou-07.jpg 715w, https:\/\/www.vidademadrid.com\/es\/wp-content\/uploads\/2015\/10\/mercado-de-sabores-mahou-07-300x222.jpg 300w\" sizes=\"auto, (max-width: 715px) 100vw, 715px\" \/>\n\t\t\t<\/div><\/figure><figure class='gallery-item'>\n\t\t\t<div class='gallery-icon landscape'>\n\t\t\t\t<img loading=\"lazy\" decoding=\"async\" width=\"715\" height=\"529\" src=\"https:\/\/www.vidademadrid.com\/es\/wp-content\/uploads\/2015\/10\/mercado-de-sabores-mahou-08.jpg\" class=\"attachment-full size-full\" alt=\"\" srcset=\"https:\/\/www.vidademadrid.com\/es\/wp-content\/uploads\/2015\/10\/mercado-de-sabores-mahou-08.jpg 715w, https:\/\/www.vidademadrid.com\/es\/wp-content\/uploads\/2015\/10\/mercado-de-sabores-mahou-08-300x222.jpg 300w\" sizes=\"auto, (max-width: 715px) 100vw, 715px\" \/>\n\t\t\t<\/div><\/figure><figure class='gallery-item'>\n\t\t\t<div class='gallery-icon landscape'>\n\t\t\t\t<img loading=\"lazy\" decoding=\"async\" width=\"715\" height=\"529\" src=\"https:\/\/www.vidademadrid.com\/es\/wp-content\/uploads\/2015\/10\/mercado-de-sabores-mahou-09.jpg\" class=\"attachment-full size-full\" alt=\"\" srcset=\"https:\/\/www.vidademadrid.com\/es\/wp-content\/uploads\/2015\/10\/mercado-de-sabores-mahou-09.jpg 715w, https:\/\/www.vidademadrid.com\/es\/wp-content\/uploads\/2015\/10\/mercado-de-sabores-mahou-09-300x222.jpg 300w\" sizes=\"auto, (max-width: 715px) 100vw, 715px\" \/>\n\t\t\t<\/div><\/figure><figure class='gallery-item'>\n\t\t\t<div class='gallery-icon landscape'>\n\t\t\t\t<img loading=\"lazy\" decoding=\"async\" width=\"715\" height=\"529\" src=\"https:\/\/www.vidademadrid.com\/es\/wp-content\/uploads\/2015\/10\/mercado-de-sabores-mahou-10.jpg\" class=\"attachment-full size-full\" alt=\"\" srcset=\"https:\/\/www.vidademadrid.com\/es\/wp-content\/uploads\/2015\/10\/mercado-de-sabores-mahou-10.jpg 715w, https:\/\/www.vidademadrid.com\/es\/wp-content\/uploads\/2015\/10\/mercado-de-sabores-mahou-10-300x222.jpg 300w\" sizes=\"auto, (max-width: 715px) 100vw, 715px\" \/>\n\t\t\t<\/div><\/figure><figure class='gallery-item'>\n\t\t\t<div class='gallery-icon landscape'>\n\t\t\t\t<img loading=\"lazy\" decoding=\"async\" width=\"715\" height=\"529\" src=\"https:\/\/www.vidademadrid.com\/es\/wp-content\/uploads\/2015\/10\/mercado-de-sabores-mahou-13.jpg\" class=\"attachment-full size-full\" alt=\"\" srcset=\"https:\/\/www.vidademadrid.com\/es\/wp-content\/uploads\/2015\/10\/mercado-de-sabores-mahou-13.jpg 715w, https:\/\/www.vidademadrid.com\/es\/wp-content\/uploads\/2015\/10\/mercado-de-sabores-mahou-13-300x222.jpg 300w\" sizes=\"auto, (max-width: 715px) 100vw, 715px\" \/>\n\t\t\t<\/div><\/figure><figure class='gallery-item'>\n\t\t\t<div class='gallery-icon landscape'>\n\t\t\t\t<img loading=\"lazy\" decoding=\"async\" width=\"715\" height=\"409\" src=\"https:\/\/www.vidademadrid.com\/es\/wp-content\/uploads\/2015\/10\/mercado-de-sabores-mahou-16.jpg\" class=\"attachment-full size-full\" alt=\"\" srcset=\"https:\/\/www.vidademadrid.com\/es\/wp-content\/uploads\/2015\/10\/mercado-de-sabores-mahou-16.jpg 715w, https:\/\/www.vidademadrid.com\/es\/wp-content\/uploads\/2015\/10\/mercado-de-sabores-mahou-16-300x172.jpg 300w\" sizes=\"auto, (max-width: 715px) 100vw, 715px\" \/>\n\t\t\t<\/div><\/figure><figure class='gallery-item'>\n\t\t\t<div class='gallery-icon landscape'>\n\t\t\t\t<img loading=\"lazy\" decoding=\"async\" width=\"715\" height=\"529\" src=\"https:\/\/www.vidademadrid.com\/es\/wp-content\/uploads\/2015\/10\/mercado-de-sabores-mahou-18.jpg\" class=\"attachment-full size-full\" alt=\"\" srcset=\"https:\/\/www.vidademadrid.com\/es\/wp-content\/uploads\/2015\/10\/mercado-de-sabores-mahou-18.jpg 715w, https:\/\/www.vidademadrid.com\/es\/wp-content\/uploads\/2015\/10\/mercado-de-sabores-mahou-18-300x222.jpg 300w\" sizes=\"auto, (max-width: 715px) 100vw, 715px\" \/>\n\t\t\t<\/div><\/figure><figure class='gallery-item'>\n\t\t\t<div class='gallery-icon landscape'>\n\t\t\t\t<img loading=\"lazy\" decoding=\"async\" width=\"715\" height=\"529\" src=\"https:\/\/www.vidademadrid.com\/es\/wp-content\/uploads\/2015\/10\/mercado-de-sabores-mahou-19.jpg\" class=\"attachment-full size-full\" alt=\"\" srcset=\"https:\/\/www.vidademadrid.com\/es\/wp-content\/uploads\/2015\/10\/mercado-de-sabores-mahou-19.jpg 715w, https:\/\/www.vidademadrid.com\/es\/wp-content\/uploads\/2015\/10\/mercado-de-sabores-mahou-19-300x222.jpg 300w\" sizes=\"auto, (max-width: 715px) 100vw, 715px\" \/>\n\t\t\t<\/div><\/figure><figure class='gallery-item'>\n\t\t\t<div class='gallery-icon landscape'>\n\t\t\t\t<img loading=\"lazy\" decoding=\"async\" width=\"715\" height=\"529\" src=\"https:\/\/www.vidademadrid.com\/es\/wp-content\/uploads\/2015\/10\/mercado-de-sabores-mahou-20.jpg\" class=\"attachment-full size-full\" alt=\"\" srcset=\"https:\/\/www.vidademadrid.com\/es\/wp-content\/uploads\/2015\/10\/mercado-de-sabores-mahou-20.jpg 715w, https:\/\/www.vidademadrid.com\/es\/wp-content\/uploads\/2015\/10\/mercado-de-sabores-mahou-20-300x222.jpg 300w\" sizes=\"auto, (max-width: 715px) 100vw, 715px\" \/>\n\t\t\t<\/div><\/figure><figure class='gallery-item'>\n\t\t\t<div class='gallery-icon landscape'>\n\t\t\t\t<img loading=\"lazy\" decoding=\"async\" width=\"715\" height=\"529\" src=\"https:\/\/www.vidademadrid.com\/es\/wp-content\/uploads\/2015\/10\/mercado-de-sabores-mahou-21.jpg\" class=\"attachment-full size-full\" alt=\"\" srcset=\"https:\/\/www.vidademadrid.com\/es\/wp-content\/uploads\/2015\/10\/mercado-de-sabores-mahou-21.jpg 715w, https:\/\/www.vidademadrid.com\/es\/wp-content\/uploads\/2015\/10\/mercado-de-sabores-mahou-21-300x222.jpg 300w\" sizes=\"auto, (max-width: 715px) 100vw, 715px\" \/>\n\t\t\t<\/div><\/figure><figure class='gallery-item'>\n\t\t\t<div class='gallery-icon landscape'>\n\t\t\t\t<img loading=\"lazy\" decoding=\"async\" width=\"715\" height=\"529\" src=\"https:\/\/www.vidademadrid.com\/es\/wp-content\/uploads\/2015\/10\/mercado-de-sabores-mahou-22.jpg\" class=\"attachment-full size-full\" alt=\"\" srcset=\"https:\/\/www.vidademadrid.com\/es\/wp-content\/uploads\/2015\/10\/mercado-de-sabores-mahou-22.jpg 715w, https:\/\/www.vidademadrid.com\/es\/wp-content\/uploads\/2015\/10\/mercado-de-sabores-mahou-22-300x222.jpg 300w\" sizes=\"auto, (max-width: 715px) 100vw, 715px\" \/>\n\t\t\t<\/div><\/figure><figure class='gallery-item'>\n\t\t\t<div class='gallery-icon landscape'>\n\t\t\t\t<img loading=\"lazy\" decoding=\"async\" width=\"715\" height=\"529\" src=\"https:\/\/www.vidademadrid.com\/es\/wp-content\/uploads\/2015\/10\/mercado-de-sabores-mahou-23.jpg\" class=\"attachment-full size-full\" alt=\"\" srcset=\"https:\/\/www.vidademadrid.com\/es\/wp-content\/uploads\/2015\/10\/mercado-de-sabores-mahou-23.jpg 715w, https:\/\/www.vidademadrid.com\/es\/wp-content\/uploads\/2015\/10\/mercado-de-sabores-mahou-23-300x222.jpg 300w\" sizes=\"auto, (max-width: 715px) 100vw, 715px\" \/>\n\t\t\t<\/div><\/figure><figure class='gallery-item'>\n\t\t\t<div class='gallery-icon landscape'>\n\t\t\t\t<img loading=\"lazy\" decoding=\"async\" width=\"715\" height=\"529\" src=\"https:\/\/www.vidademadrid.com\/es\/wp-content\/uploads\/2015\/10\/mercado-de-sabores-mahou-24.jpg\" class=\"attachment-full size-full\" alt=\"\" srcset=\"https:\/\/www.vidademadrid.com\/es\/wp-content\/uploads\/2015\/10\/mercado-de-sabores-mahou-24.jpg 715w, https:\/\/www.vidademadrid.com\/es\/wp-content\/uploads\/2015\/10\/mercado-de-sabores-mahou-24-300x222.jpg 300w\" sizes=\"auto, (max-width: 715px) 100vw, 715px\" \/>\n\t\t\t<\/div><\/figure><figure class='gallery-item'>\n\t\t\t<div class='gallery-icon landscape'>\n\t\t\t\t<img loading=\"lazy\" decoding=\"async\" width=\"715\" height=\"529\" src=\"https:\/\/www.vidademadrid.com\/es\/wp-content\/uploads\/2015\/10\/mercado-de-sabores-mahou-27.jpg\" class=\"attachment-full size-full\" alt=\"\" srcset=\"https:\/\/www.vidademadrid.com\/es\/wp-content\/uploads\/2015\/10\/mercado-de-sabores-mahou-27.jpg 715w, https:\/\/www.vidademadrid.com\/es\/wp-content\/uploads\/2015\/10\/mercado-de-sabores-mahou-27-300x222.jpg 300w\" sizes=\"auto, (max-width: 715px) 100vw, 715px\" \/>\n\t\t\t<\/div><\/figure><figure class='gallery-item'>\n\t\t\t<div class='gallery-icon landscape'>\n\t\t\t\t<img loading=\"lazy\" decoding=\"async\" width=\"715\" height=\"529\" src=\"https:\/\/www.vidademadrid.com\/es\/wp-content\/uploads\/2015\/10\/mercado-de-sabores-mahou-30.jpg\" class=\"attachment-full size-full\" alt=\"\" srcset=\"https:\/\/www.vidademadrid.com\/es\/wp-content\/uploads\/2015\/10\/mercado-de-sabores-mahou-30.jpg 715w, https:\/\/www.vidademadrid.com\/es\/wp-content\/uploads\/2015\/10\/mercado-de-sabores-mahou-30-300x222.jpg 300w\" sizes=\"auto, (max-width: 715px) 100vw, 715px\" \/>\n\t\t\t<\/div><\/figure><figure class='gallery-item'>\n\t\t\t<div class='gallery-icon landscape'>\n\t\t\t\t<img loading=\"lazy\" decoding=\"async\" width=\"715\" height=\"529\" src=\"https:\/\/www.vidademadrid.com\/es\/wp-content\/uploads\/2015\/10\/mercado-de-sabores-mahou-42.jpg\" class=\"attachment-full size-full\" alt=\"\" srcset=\"https:\/\/www.vidademadrid.com\/es\/wp-content\/uploads\/2015\/10\/mercado-de-sabores-mahou-42.jpg 715w, https:\/\/www.vidademadrid.com\/es\/wp-content\/uploads\/2015\/10\/mercado-de-sabores-mahou-42-300x222.jpg 300w\" sizes=\"auto, (max-width: 715px) 100vw, 715px\" \/>\n\t\t\t<\/div><\/figure><figure class='gallery-item'>\n\t\t\t<div class='gallery-icon portrait'>\n\t\t\t\t<img loading=\"lazy\" decoding=\"async\" width=\"715\" height=\"966\" src=\"https:\/\/www.vidademadrid.com\/es\/wp-content\/uploads\/2015\/10\/mercado-de-sabores-mahou-36.jpg\" class=\"attachment-full size-full\" alt=\"\" srcset=\"https:\/\/www.vidademadrid.com\/es\/wp-content\/uploads\/2015\/10\/mercado-de-sabores-mahou-36.jpg 715w, https:\/\/www.vidademadrid.com\/es\/wp-content\/uploads\/2015\/10\/mercado-de-sabores-mahou-36-222x300.jpg 222w\" sizes=\"auto, (max-width: 715px) 100vw, 715px\" \/>\n\t\t\t<\/div><\/figure><figure class='gallery-item'>\n\t\t\t<div class='gallery-icon landscape'>\n\t\t\t\t<img loading=\"lazy\" decoding=\"async\" width=\"715\" height=\"529\" src=\"https:\/\/www.vidademadrid.com\/es\/wp-content\/uploads\/2015\/10\/mercado-de-sabores-mahou-38.jpg\" class=\"attachment-full size-full\" alt=\"\" srcset=\"https:\/\/www.vidademadrid.com\/es\/wp-content\/uploads\/2015\/10\/mercado-de-sabores-mahou-38.jpg 715w, https:\/\/www.vidademadrid.com\/es\/wp-content\/uploads\/2015\/10\/mercado-de-sabores-mahou-38-300x222.jpg 300w\" sizes=\"auto, (max-width: 715px) 100vw, 715px\" \/>\n\t\t\t<\/div><\/figure><figure class='gallery-item'>\n\t\t\t<div class='gallery-icon landscape'>\n\t\t\t\t<img loading=\"lazy\" decoding=\"async\" width=\"715\" height=\"529\" src=\"https:\/\/www.vidademadrid.com\/es\/wp-content\/uploads\/2015\/10\/mercado-de-sabores-mahou-39.jpg\" class=\"attachment-full size-full\" alt=\"\" srcset=\"https:\/\/www.vidademadrid.com\/es\/wp-content\/uploads\/2015\/10\/mercado-de-sabores-mahou-39.jpg 715w, https:\/\/www.vidademadrid.com\/es\/wp-content\/uploads\/2015\/10\/mercado-de-sabores-mahou-39-300x222.jpg 300w\" sizes=\"auto, (max-width: 715px) 100vw, 715px\" \/>\n\t\t\t<\/div><\/figure><figure class='gallery-item'>\n\t\t\t<div class='gallery-icon landscape'>\n\t\t\t\t<img loading=\"lazy\" decoding=\"async\" width=\"715\" height=\"311\" src=\"https:\/\/www.vidademadrid.com\/es\/wp-content\/uploads\/2015\/10\/mercado-de-sabores-mahou-40.jpg\" class=\"attachment-full size-full\" alt=\"\" srcset=\"https:\/\/www.vidademadrid.com\/es\/wp-content\/uploads\/2015\/10\/mercado-de-sabores-mahou-40.jpg 715w, https:\/\/www.vidademadrid.com\/es\/wp-content\/uploads\/2015\/10\/mercado-de-sabores-mahou-40-300x130.jpg 300w\" sizes=\"auto, (max-width: 715px) 100vw, 715px\" \/>\n\t\t\t<\/div><\/figure><figure class='gallery-item'>\n\t\t\t<div class='gallery-icon landscape'>\n\t\t\t\t<img loading=\"lazy\" decoding=\"async\" width=\"715\" height=\"295\" src=\"https:\/\/www.vidademadrid.com\/es\/wp-content\/uploads\/2015\/10\/mercado-de-sabores-mahou-41.jpg\" class=\"attachment-full size-full\" alt=\"\" srcset=\"https:\/\/www.vidademadrid.com\/es\/wp-content\/uploads\/2015\/10\/mercado-de-sabores-mahou-41.jpg 715w, https:\/\/www.vidademadrid.com\/es\/wp-content\/uploads\/2015\/10\/mercado-de-sabores-mahou-41-300x124.jpg 300w\" sizes=\"auto, (max-width: 715px) 100vw, 715px\" \/>\n\t\t\t<\/div><\/figure><figure class='gallery-item'>\n\t\t\t<div class='gallery-icon landscape'>\n\t\t\t\t<img loading=\"lazy\" decoding=\"async\" width=\"715\" height=\"427\" src=\"https:\/\/www.vidademadrid.com\/es\/wp-content\/uploads\/2015\/10\/mercado-de-sabores-mahou-32.jpg\" class=\"attachment-full size-full\" alt=\"\" aria-describedby=\"gallery-1-459\" srcset=\"https:\/\/www.vidademadrid.com\/es\/wp-content\/uploads\/2015\/10\/mercado-de-sabores-mahou-32.jpg 715w, https:\/\/www.vidademadrid.com\/es\/wp-content\/uploads\/2015\/10\/mercado-de-sabores-mahou-32-300x179.jpg 300w\" sizes=\"auto, (max-width: 715px) 100vw, 715px\" \/>\n\t\t\t<\/div>\n\t\t\t\t<figcaption class='wp-caption-text gallery-caption' id='gallery-1-459'>\n\t\t\t\t\u00a1Vida de Madrid en Mercado de Sabores!\n\t\t\t\t<\/figcaption><\/figure>\n\t\t<\/div>\n\n<h2>S\u00edgueme en Twitter&#8230;<\/h2>\n<blockquote class=\"twitter-tweet\" lang=\"es\">\n<p dir=\"ltr\" lang=\"und\"><a href=\"https:\/\/twitter.com\/hashtag\/Mercadodesabores?src=hash\">#Mercadodesabores<\/a> <a href=\"https:\/\/twitter.com\/hashtag\/mahou?src=hash\">#mahou<\/a> <a href=\"https:\/\/twitter.com\/hashtag\/cibeles?src=hash\">#cibeles<\/a> <a href=\"https:\/\/t.co\/pQEJYiQ3bo\">pic.twitter.com\/pQEJYiQ3bo<\/a><\/p>\n<p>\u2014 Vida de Madrid (@VidaDeMadrid) <a href=\"https:\/\/twitter.com\/VidaDeMadrid\/status\/657265600478232577\">octubre 22, 2015<\/a><\/p><\/blockquote>\n<p><script src=\"\/\/platform.twitter.com\/widgets.js\" async=\"\" charset=\"utf-8\"><\/script><\/p>\n<h2>&#8230; y en Instagram<\/h2>\n<p>&nbsp;<\/p>\n<blockquote class=\"instagram-media\" style=\"background: #FFF; border: 0; border-radius: 3px; box-shadow: 0 0 1px 0 rgba(0,0,0,0.5),0 1px 10px 0 rgba(0,0,0,0.15); margin: 1px; max-width: 658px; padding: 0; width: calc(100% - 2px);\" data-instgrm-captioned=\"\" data-instgrm-version=\"5\">\n<div style=\"padding: 8px;\">\n<div style=\"background: #F8F8F8; line-height: 0; margin-top: 40px; padding: 50.0% 0; text-align: center; width: 100%;\"><\/div>\n<p><a style=\"color: #000; font-family: Arial,sans-serif; font-size: 14px; font-style: normal; font-weight: normal; line-height: 17px; text-decoration: none; word-wrap: break-word;\" href=\"https:\/\/instagram.com\/p\/9JpTBmL_N6\/\" target=\"_blank\">Ambientazo en Cibeles.. Es el #mercadodesabores ! #madrid #espa\u00f1a #spain #spagna #mahou #cerveza #beer #birra #ca\u00f1a #event #picofthenight #tapa #tapas #instafood #foodie #instafood #people #lights #light #cristal #galeriadecristal #madridmemola<\/a><\/p>\n<p>Una foto pubblicata da Vida de Madrid (@vidademadrid) in data: <time style=\"font-family: Arial,sans-serif; font-size: 14px; line-height: 17px;\" datetime=\"2015-10-22T18:56:05+00:00\">22 Ott 2015 alle ore 11:56 PDT<\/time>\n<\/div>\n<\/blockquote>\n<p><script src=\"\/\/platform.instagram.com\/en_US\/embeds.js\" async=\"\" defer=\"defer\"><\/script><\/p>\n<div id=\"info\"><strong>Mercado de Sabores 2015 Mahou<\/strong><\/p>\n<ul>\n<li>Fechas-horarios: 22-23-24-25 octubre 2015, de 12 a 16.30 y de 20 a 24<\/li>\n<li>Direcci\u00f3n: Galer\u00eda de Cristal del Palacio de Cibeles &#8211; Calle de Montalb\u00e1n, 1, Madrid<\/li>\n<li>Metro: Banco de Espa\u00f1a<\/li>\n<li>Entrada: gratis<\/li>\n<li>Precio tapa: 3\u20ac. Precio ca\u00f1a: 1\u20ac<\/li>\n<li><a href=\"http:\/\/www.mahoudrid.com\/mercado-de-sabores\/\" target=\"_blank\" rel=\"nofollow\">Web<\/a> &#8211; <a href=\"https:\/\/www.facebook.com\/mahoudrid\" target=\"_blank\">Facebook<\/a> &#8211; <a href=\"https:\/\/twitter.com\/Mahoudrid_\" target=\"_blank\">Twitter<\/a> &#8211; <a target=\"_blank\" href=\"https:\/\/twitter.com\/hashtag\/MercadoDeSabores?src=hash\">Hashtag: #Mercadodesabores<\/a><\/li>\n<\/ul>\n<p>Mapa<br \/>\n<iframe loading=\"lazy\" style=\"border: 0;\" src=\"https:\/\/www.google.com\/maps\/embed?pb=!1m18!1m12!1m3!1d3037.562069265216!2d-3.6947682707250578!3d40.418551362622495!2m3!1f0!2f0!3f0!3m2!1i1024!2i768!4f13.1!3m3!1m2!1s0xd42289b546083b7%3A0x1b95f08d63044f03!2sCalle+de+Montalb%C3%A1n%2C+1%2C+28014+Madrid!5e0!3m2!1ses!2ses!4v1445544643876\" width=\"715\" height=\"350\" frameborder=\"0\" allowfullscreen=\"allowfullscreen\"><\/iframe>\n<\/div>\n","protected":false},"excerpt":{"rendered":"<p>Ya hemos estado en el evento de tapas \u00abtop\u00bb en la Galer\u00eda de Cristal de Cibeles! Aqu\u00ed las fotos de la primera noche.<\/p>\n","protected":false},"author":1,"featured_media":441,"comment_status":"open","ping_status":"open","sticky":false,"template":"","format":"standard","meta":{"footnotes":""},"categories":[11,5],"tags":[8],"class_list":{"0":"post-440","1":"post","2":"type-post","3":"status-publish","4":"format-standard","5":"has-post-thumbnail","7":"category-eventos-madrid","8":"category-vida-madrilena","9":"tag-centro-de-madrid"},"_links":{"self":[{"href":"https:\/\/www.vidademadrid.com\/es\/wp-json\/wp\/v2\/posts\/440","targetHints":{"allow":["GET"]}}],"collection":[{"href":"https:\/\/www.vidademadrid.com\/es\/wp-json\/wp\/v2\/posts"}],"about":[{"href":"https:\/\/www.vidademadrid.com\/es\/wp-json\/wp\/v2\/types\/post"}],"author":[{"embeddable":true,"href":"https:\/\/www.vidademadrid.com\/es\/wp-json\/wp\/v2\/users\/1"}],"replies":[{"embeddable":true,"href":"https:\/\/www.vidademadrid.com\/es\/wp-json\/wp\/v2\/comments?post=440"}],"version-history":[{"count":18,"href":"https:\/\/www.vidademadrid.com\/es\/wp-json\/wp\/v2\/posts\/440\/revisions"}],"predecessor-version":[{"id":5160,"href":"https:\/\/www.vidademadrid.com\/es\/wp-json\/wp\/v2\/posts\/440\/revisions\/5160"}],"wp:featuredmedia":[{"embeddable":true,"href":"https:\/\/www.vidademadrid.com\/es\/wp-json\/wp\/v2\/media\/441"}],"wp:attachment":[{"href":"https:\/\/www.vidademadrid.com\/es\/wp-json\/wp\/v2\/media?parent=440"}],"wp:term":[{"taxonomy":"category","embeddable":true,"href":"https:\/\/www.vidademadrid.com\/es\/wp-json\/wp\/v2\/categories?post=440"},{"taxonomy":"post_tag","embeddable":true,"href":"https:\/\/www.vidademadrid.com\/es\/wp-json\/wp\/v2\/tags?post=440"}],"curies":[{"name":"wp","href":"https:\/\/api.w.org\/{rel}","templated":true}]}}