{"id":43771,"date":"2022-07-20T23:35:11","date_gmt":"2022-07-20T21:35:11","guid":{"rendered":"https:\/\/www.vidademadrid.com\/es\/?p=43771"},"modified":"2022-07-20T23:36:21","modified_gmt":"2022-07-20T21:36:21","slug":"obras-plaza-carmen-parking-fecha-reapertura","status":"publish","type":"post","link":"https:\/\/www.vidademadrid.com\/es\/43771\/obras-plaza-carmen-parking-fecha-reapertura\/","title":{"rendered":"Comienzan las obras de la nueva Plaza del Carmen"},"content":{"rendered":"\n<p>Ya han empezado las <strong>obras de remodelaci\u00f3n de la Plaza del Carmen<\/strong>&nbsp;y su parking que lleva en desuso dos a\u00f1os. No te pierdas el v\u00eddeo del proyecto y c\u00f3mo quedar\u00e1 tras las obras.<\/p>\n\n\n\n<h2 class=\"wp-block-heading\">Obras de remodelaci\u00f3n de la Plaza del Carmen y parking&nbsp;<\/h2>\n\n\n\n<script async src=\"https:\/\/pagead2.googlesyndication.com\/pagead\/js\/adsbygoogle.js\"><\/script> <ins class=\"adsbygoogle\"  style=\"display:block\" data-ad-format=\"fluid\" data-ad-layout-key=\"-7f+eo+1+2-5\" data-ad-client=\"ca-pub-7450064428034605\" data-ad-slot=\"7327027071\"><\/ins><script>(adsbygoogle = window.adsbygoogle || []).push({});<\/script>\n\n\n\n<p>La <strong>Plaza del Carmen<\/strong>, una plaza con m\u00e1s de 60 a\u00f1os de historia situada en pleno centro de Madrid muy cerca de la Puerta del Sol, tendr\u00e1 una nueva imagen. Lo mismo le ocurrir\u00e1 a su parking que, tras dos a\u00f1os en desuso por unas humedades descubiertas en 2019, se someter\u00e1 a obras de subsanaci\u00f3n. Durar\u00e1n 15 meses y se espera que est\u00e9n terminadas para octubre del pr\u00f3ximo a\u00f1o 2023.\u00a0<\/p>\n\n\n\n<h2 class=\"wp-block-heading\">As\u00ed ser\u00e1 la nueva Plaza del Carmen y su parking&nbsp;<\/h2>\n\n\n\n<script async src=\"https:\/\/pagead2.googlesyndication.com\/pagead\/js\/adsbygoogle.js\"><\/script> <ins class=\"adsbygoogle\" style=\"display:block; text-align:center;\" data-ad-layout=\"in-article\" data-ad-format=\"fluid\" data-ad-client=\"ca-pub-7450064428034605\" data-ad-slot=\"5670045061\"><\/ins> <script>(adsbygoogle = window.adsbygoogle || []).push({});<\/script>\n\n\n\n<p>Una vez finalizadas las obras&#8230;<\/p>\n\n\n\n<ul class=\"wp-block-list\"><li>La <strong>nueva Plaza del Carmen<\/strong> tendr\u00e1 un mejor acceso para peatones, nuevos elementos como bancos o papeleras, jardines y arbolado y una escultura monumental. Tal y como ha informado Borja Carabante, delegado de Medio Ambiente y Movilidad<strong>, <\/strong>la idea es convertir a la actual plaza de dimensiones reducidas y dif\u00edcil acceso en un espacio abierto y m\u00e1s agradable para visitantes y vecinos.<\/li><li>\n<p>El <strong>parking<\/strong> dispondr\u00e1 de 120 plazas que podr\u00e1n ser reservadas por residentes y comerciantes. Adem\u00e1s, incluir\u00e1 plazas habilitadas para veh\u00edculos el\u00e9ctricos, bicicletas y patinetes. Los vecinos podr\u00e1n empezar a solicitar plaza a partir de mayo de 2023.&nbsp;<\/p>\n<\/li><\/ul>\n\n\n\n<figure class=\"wp-block-embed is-type-rich is-provider-twitter wp-block-embed-twitter\"><div class=\"wp-block-embed__wrapper\">\n<blockquote class=\"twitter-tweet\" data-width=\"550\" data-dnt=\"true\"><p lang=\"es\" dir=\"ltr\">Comenzamos las obras para la remodelaci\u00f3n de la plaza del Carmen y del aparcamiento subterr\u00e1neo. <br>Mira el video \u2b07\ufe0f<a href=\"https:\/\/t.co\/JcEKwa4niK\">https:\/\/t.co\/JcEKwa4niK<\/a> <a href=\"https:\/\/t.co\/ZWLWsCLUge\">pic.twitter.com\/ZWLWsCLUge<\/a><\/p>&mdash; Borja Carabante (@bcarabante) <a href=\"https:\/\/twitter.com\/bcarabante\/status\/1549372213568086018?ref_src=twsrc%5Etfw\">July 19, 2022<\/a><\/blockquote><script async src=\"https:\/\/platform.twitter.com\/widgets.js\" charset=\"utf-8\"><\/script>\n<\/div><\/figure>\n","protected":false},"excerpt":{"rendered":"<p>Y de su parking subterr\u00e1neo cerrado desde 2020 <\/p>\n","protected":false},"author":13,"featured_media":43787,"comment_status":"open","ping_status":"open","sticky":false,"template":"","format":"standard","meta":{"footnotes":""},"categories":[12],"tags":[],"class_list":{"0":"post-43771","1":"post","2":"type-post","3":"status-publish","4":"format-standard","5":"has-post-thumbnail","7":"category-actualidad-noticias-madrid"},"_links":{"self":[{"href":"https:\/\/www.vidademadrid.com\/es\/wp-json\/wp\/v2\/posts\/43771","targetHints":{"allow":["GET"]}}],"collection":[{"href":"https:\/\/www.vidademadrid.com\/es\/wp-json\/wp\/v2\/posts"}],"about":[{"href":"https:\/\/www.vidademadrid.com\/es\/wp-json\/wp\/v2\/types\/post"}],"author":[{"embeddable":true,"href":"https:\/\/www.vidademadrid.com\/es\/wp-json\/wp\/v2\/users\/13"}],"replies":[{"embeddable":true,"href":"https:\/\/www.vidademadrid.com\/es\/wp-json\/wp\/v2\/comments?post=43771"}],"version-history":[{"count":8,"href":"https:\/\/www.vidademadrid.com\/es\/wp-json\/wp\/v2\/posts\/43771\/revisions"}],"predecessor-version":[{"id":43791,"href":"https:\/\/www.vidademadrid.com\/es\/wp-json\/wp\/v2\/posts\/43771\/revisions\/43791"}],"wp:featuredmedia":[{"embeddable":true,"href":"https:\/\/www.vidademadrid.com\/es\/wp-json\/wp\/v2\/media\/43787"}],"wp:attachment":[{"href":"https:\/\/www.vidademadrid.com\/es\/wp-json\/wp\/v2\/media?parent=43771"}],"wp:term":[{"taxonomy":"category","embeddable":true,"href":"https:\/\/www.vidademadrid.com\/es\/wp-json\/wp\/v2\/categories?post=43771"},{"taxonomy":"post_tag","embeddable":true,"href":"https:\/\/www.vidademadrid.com\/es\/wp-json\/wp\/v2\/tags?post=43771"}],"curies":[{"name":"wp","href":"https:\/\/api.w.org\/{rel}","templated":true}]}}