{"id":43414,"date":"2022-07-05T10:57:26","date_gmt":"2022-07-05T08:57:26","guid":{"rendered":"https:\/\/www.vidademadrid.com\/es\/?p=43414"},"modified":"2022-07-05T12:02:57","modified_gmt":"2022-07-05T10:02:57","slug":"wifi-gratuito-alcala-de-henares-casco-historico-2022","status":"publish","type":"post","link":"https:\/\/www.vidademadrid.com\/es\/43414\/wifi-gratuito-alcala-de-henares-casco-historico-2022\/","title":{"rendered":"El casco hist\u00f3rico de Alcal\u00e1 de Henares ya cuenta con WiFi gratuito"},"content":{"rendered":"<p>El&nbsp;<strong>casco hist\u00f3rico de Alcal\u00e1 de Henares&nbsp;<\/strong>ahora cuenta con un servicio de WiFi&nbsp;<strong>gratuito&nbsp;<\/strong>al que se podr\u00e1 acceder desde cualquier punto de la zona tras hacer un simple&nbsp;<strong>registro.&nbsp;<\/strong>Conoce toda la informaci\u00f3n en este art\u00edculo.&nbsp;<\/p>\n<h2>Alcal\u00e1Wifi<\/h2>\n\n<script async=\"\" src=\"https:\/\/pagead2.googlesyndication.com\/pagead\/js\/adsbygoogle.js\"><\/script> <ins class=\"adsbygoogle\" style=\"display:block\" data-ad-format=\"fluid\" data-ad-layout-key=\"-7f+eo+1+2-5\" data-ad-client=\"ca-pub-7450064428034605\" data-ad-slot=\"7327027071\"><\/ins><script>(adsbygoogle = window.adsbygoogle || []).push({});<\/script>\n\n\n<p><strong>Alcal\u00e1Wifi&nbsp;<\/strong>es el nombre que recibe este proyecto en el que se podr\u00e1 acceder a internet de forma&nbsp;<strong>gratuita&nbsp;<\/strong>en todo el&nbsp;<strong>casco hist\u00f3rico&nbsp;<\/strong>de la ciudad de&nbsp;<strong>Alcal\u00e1 de Henares.&nbsp;<\/strong>Su ejecuci\u00f3n se extender\u00e1&nbsp;hasta&nbsp;<strong>finales del 2022 <\/strong>y cuenta con una inversi\u00f3n de&nbsp;<strong>3,3 millones de euros.&nbsp;<\/strong><\/p>\n<p>Este servicio beneficiar\u00e1 a os visitantes de las&nbsp;<strong>plazas de Cervantes, San Diego, Santos Ni\u00f1os, Palacio y Santa Mar\u00eda la Rica.&nbsp;<\/strong>As\u00ed como las arterias que conectan con el&nbsp;<strong>casco hist\u00f3rico.&nbsp;<\/strong>As\u00ed mismo, se facilitar\u00e1 el acceso libre a todas las aplicaciones tur\u00edsticas que se implantar\u00e1n en los pr\u00f3ximos meses.&nbsp;<\/p>\n<h2>Plan de Sostenibilidad Tur\u00edstica de Alcal\u00e1&nbsp;<\/h2>\n\n<script async=\"\" src=\"https:\/\/pagead2.googlesyndication.com\/pagead\/js\/adsbygoogle.js\"><\/script> <ins class=\"adsbygoogle\" style=\"display:block; text-align:center;\" data-ad-layout=\"in-article\" data-ad-format=\"fluid\" data-ad-client=\"ca-pub-7450064428034605\" data-ad-slot=\"5670045061\"><\/ins> <script>(adsbygoogle = window.adsbygoogle || []).push({});<\/script>\n\n\n<p>Este servicio de&nbsp;<strong>acceso a internet gratuito&nbsp;<\/strong>est\u00e1 ya en funcionamiento en el&nbsp;<strong>casco hist\u00f3rico&nbsp;<\/strong>de <strong>Alcal\u00e1 de Henares,&nbsp;<\/strong>y forma parte del&nbsp;<strong>Plan de Sostenibilidad Tur\u00edstica&nbsp;<\/strong>de la Secretar\u00eda de Estado de Turismo del Gobierno de Espa\u00f1a, la Comunidad de Madrid y el Ayuntamiento de Alcal\u00e1.&nbsp;<\/p>\n<p>Este plan incluye distintas acciones para mejor y recuperar la actividad de uno de los sectores m\u00e1s castigados por la crisis provocada por el Covid-19 que son el&nbsp;<strong>tur\u00edstico, cultural y gastron\u00f3mico.&nbsp;<\/strong><\/p>\n<p>Entre los proyectos que ver\u00e1n la luz ser\u00e1 la creaci\u00f3n de&nbsp;<strong>una plataforma Smart City,&nbsp;<\/strong><strong>Alcal\u00e1Wifi, la Oficina de Transformaci\u00f3n Digital, el Punto de Informaci\u00f3n Virtual y el mobiliario urbano inteligente.&nbsp;<\/strong><\/p>\n\n\n<p><\/p>\n","protected":false},"excerpt":{"rendered":"<p>Su ejecuci\u00f3n se extender\u00e1 hasta finales de a\u00f1o. <\/p>\n","protected":false},"author":15,"featured_media":43415,"comment_status":"open","ping_status":"open","sticky":false,"template":"","format":"standard","meta":{"footnotes":""},"categories":[12],"tags":[],"class_list":{"0":"post-43414","1":"post","2":"type-post","3":"status-publish","4":"format-standard","5":"has-post-thumbnail","7":"category-actualidad-noticias-madrid"},"_links":{"self":[{"href":"https:\/\/www.vidademadrid.com\/es\/wp-json\/wp\/v2\/posts\/43414","targetHints":{"allow":["GET"]}}],"collection":[{"href":"https:\/\/www.vidademadrid.com\/es\/wp-json\/wp\/v2\/posts"}],"about":[{"href":"https:\/\/www.vidademadrid.com\/es\/wp-json\/wp\/v2\/types\/post"}],"author":[{"embeddable":true,"href":"https:\/\/www.vidademadrid.com\/es\/wp-json\/wp\/v2\/users\/15"}],"replies":[{"embeddable":true,"href":"https:\/\/www.vidademadrid.com\/es\/wp-json\/wp\/v2\/comments?post=43414"}],"version-history":[{"count":1,"href":"https:\/\/www.vidademadrid.com\/es\/wp-json\/wp\/v2\/posts\/43414\/revisions"}],"predecessor-version":[{"id":43417,"href":"https:\/\/www.vidademadrid.com\/es\/wp-json\/wp\/v2\/posts\/43414\/revisions\/43417"}],"wp:featuredmedia":[{"embeddable":true,"href":"https:\/\/www.vidademadrid.com\/es\/wp-json\/wp\/v2\/media\/43415"}],"wp:attachment":[{"href":"https:\/\/www.vidademadrid.com\/es\/wp-json\/wp\/v2\/media?parent=43414"}],"wp:term":[{"taxonomy":"category","embeddable":true,"href":"https:\/\/www.vidademadrid.com\/es\/wp-json\/wp\/v2\/categories?post=43414"},{"taxonomy":"post_tag","embeddable":true,"href":"https:\/\/www.vidademadrid.com\/es\/wp-json\/wp\/v2\/tags?post=43414"}],"curies":[{"name":"wp","href":"https:\/\/api.w.org\/{rel}","templated":true}]}}