{"id":43369,"date":"2022-07-04T13:17:20","date_gmt":"2022-07-04T11:17:20","guid":{"rendered":"https:\/\/www.vidademadrid.com\/es\/?p=43369"},"modified":"2022-07-04T13:40:57","modified_gmt":"2022-07-04T11:40:57","slug":"tunel-chamartin-atocha-nuevo-acceso-sur-madrid-ventajas","status":"publish","type":"post","link":"https:\/\/www.vidademadrid.com\/es\/43369\/tunel-chamartin-atocha-nuevo-acceso-sur-madrid-ventajas\/","title":{"rendered":"El t\u00fanel que conecta Atocha y Chamart\u00edn ya est\u00e1 en funcionamiento"},"content":{"rendered":"\n<p>El pasado 1 de julio se inaugur\u00f3 el t\u00fanel que une la <strong>estaci\u00f3n de Chamart\u00edn con la Puerta de Atocha<\/strong>. Un proyecto de ingenier\u00eda que tambi\u00e9n ha habilitado un <strong>nuevo acceso sur a Madrid de alta velocidad<\/strong>. Sigue leyendo y descubre toda la informaci\u00f3n sobre este nuevo servicio.&nbsp;<\/p>\n\n\n\n<h2 class=\"wp-block-heading\">Inauguraci\u00f3n del t\u00fanel Atocha &#8211; Chamart\u00edn&nbsp;<\/h2>\n\n\n\n<script async=\"\" src=\"https:\/\/pagead2.googlesyndication.com\/pagead\/js\/adsbygoogle.js\"><\/script> <ins class=\"adsbygoogle\" style=\"display:block\" data-ad-format=\"fluid\" data-ad-layout-key=\"-7f+eo+1+2-5\" data-ad-client=\"ca-pub-7450064428034605\" data-ad-slot=\"7327027071\"><\/ins><script>(adsbygoogle = window.adsbygoogle || []).push({});<\/script>\n\n\n\n<p>Este proyecto se inaugur\u00f3 el pasado 1 de julio. Se trata de un <strong>t\u00fanel que conecta Chamart\u00edn Clara Campoamor y Puerta de Atocha<\/strong> y que incluye un <strong>nuevo acceso sur a Madrid de alta velocidad <\/strong>(las v\u00edas que han duplicado el tramo de 28 km entre Atocha y Torrej\u00f3n de Velasco).&nbsp;<\/p>\n\n\n\n<p>El t\u00fanel se ha construido a 45 metros de profundidad, cruza el coraz\u00f3n de Madrid y atraviesa la Puerta de Alcala y el Jard\u00edn Bot\u00e1nico. Tiene una extensi\u00f3n de 7,3 km que se han excavado en tan solo 9 meses.&nbsp;<\/p>\n\n\n\n<div class=\"wp-block-image\"><figure class=\"aligncenter\"><a href=\"https:\/\/www.vidademadrid.com\/es\/wp-content\/uploads\/2022\/07\/Captura-de-pantalla-2022-07-04-a-las-12.53.10.png\"><img loading=\"lazy\" decoding=\"async\" width=\"784\" height=\"424\" src=\"https:\/\/www.vidademadrid.com\/es\/wp-content\/uploads\/2022\/07\/Captura-de-pantalla-2022-07-04-a-las-12.53.10.png\" alt=\"\" class=\"wp-image-43371\" srcset=\"https:\/\/www.vidademadrid.com\/es\/wp-content\/uploads\/2022\/07\/Captura-de-pantalla-2022-07-04-a-las-12.53.10.png 784w, https:\/\/www.vidademadrid.com\/es\/wp-content\/uploads\/2022\/07\/Captura-de-pantalla-2022-07-04-a-las-12.53.10-300x162.png 300w, https:\/\/www.vidademadrid.com\/es\/wp-content\/uploads\/2022\/07\/Captura-de-pantalla-2022-07-04-a-las-12.53.10-768x415.png 768w, https:\/\/www.vidademadrid.com\/es\/wp-content\/uploads\/2022\/07\/Captura-de-pantalla-2022-07-04-a-las-12.53.10-696x376.png 696w, https:\/\/www.vidademadrid.com\/es\/wp-content\/uploads\/2022\/07\/Captura-de-pantalla-2022-07-04-a-las-12.53.10-777x420.png 777w\" sizes=\"auto, (max-width: 784px) 100vw, 784px\" \/><\/a><figcaption>Plano T\u00fanel Chamart\u00edn &#8211; Puerta de Atocha. Foto: A.G. Calzado p\u00e1gina web adif.es <\/figcaption><\/figure><\/div>\n\n\n\n<h2 class=\"wp-block-heading\">Ventajas del t\u00fanel Atocha &#8211; Chamart\u00edn<\/h2>\n\n\n\n<script async=\"\" src=\"https:\/\/pagead2.googlesyndication.com\/pagead\/js\/adsbygoogle.js\"><\/script> <ins class=\"adsbygoogle\" style=\"display:block; text-align:center;\" data-ad-layout=\"in-article\" data-ad-format=\"fluid\" data-ad-client=\"ca-pub-7450064428034605\" data-ad-slot=\"5670045061\"><\/ins> <script>(adsbygoogle = window.adsbygoogle || []).push({});<\/script>\n\n\n\n<p>Este reto de la ingenier\u00eda ha supuesto <strong>unificar la red de alta velocidad de Espa\u00f1a<\/strong>. Entre las ventajas de este proyecto de unificaci\u00f3n se encuentran:<\/p>\n\n\n\n<ul class=\"wp-block-list\"><li>Una Red de Alta Velocidad \u00fanica, vertebradora y transversal.<\/li><li>La posibilidad de conectar norte y noroeste del pa\u00eds con el sur y levante, sin necesidad de realizar transbordo o parada en Madrid.<\/li><li>La ampliaci\u00f3n de la capacidad de circulaci\u00f3n. Esta obra permitir\u00e1 ofrecer m\u00e1s servicios.<\/li><\/ul>\n\n\n\n<p>Adem\u00e1s el <strong>nuevo acceso sur a Madrid<\/strong> permitir\u00e1 descongestionar el tr\u00e1fico de entrada y salida a la capital.&nbsp;<\/p>\n","protected":false},"excerpt":{"rendered":"<p>Despu\u00e9s de 9 meses de construcci\u00f3n <\/p>\n","protected":false},"author":13,"featured_media":43372,"comment_status":"open","ping_status":"open","sticky":false,"template":"","format":"standard","meta":{"footnotes":""},"categories":[12,23],"tags":[],"class_list":{"0":"post-43369","1":"post","2":"type-post","3":"status-publish","4":"format-standard","5":"has-post-thumbnail","7":"category-actualidad-noticias-madrid","8":"category-transportes-huelgas-madrid"},"_links":{"self":[{"href":"https:\/\/www.vidademadrid.com\/es\/wp-json\/wp\/v2\/posts\/43369","targetHints":{"allow":["GET"]}}],"collection":[{"href":"https:\/\/www.vidademadrid.com\/es\/wp-json\/wp\/v2\/posts"}],"about":[{"href":"https:\/\/www.vidademadrid.com\/es\/wp-json\/wp\/v2\/types\/post"}],"author":[{"embeddable":true,"href":"https:\/\/www.vidademadrid.com\/es\/wp-json\/wp\/v2\/users\/13"}],"replies":[{"embeddable":true,"href":"https:\/\/www.vidademadrid.com\/es\/wp-json\/wp\/v2\/comments?post=43369"}],"version-history":[{"count":3,"href":"https:\/\/www.vidademadrid.com\/es\/wp-json\/wp\/v2\/posts\/43369\/revisions"}],"predecessor-version":[{"id":43375,"href":"https:\/\/www.vidademadrid.com\/es\/wp-json\/wp\/v2\/posts\/43369\/revisions\/43375"}],"wp:featuredmedia":[{"embeddable":true,"href":"https:\/\/www.vidademadrid.com\/es\/wp-json\/wp\/v2\/media\/43372"}],"wp:attachment":[{"href":"https:\/\/www.vidademadrid.com\/es\/wp-json\/wp\/v2\/media?parent=43369"}],"wp:term":[{"taxonomy":"category","embeddable":true,"href":"https:\/\/www.vidademadrid.com\/es\/wp-json\/wp\/v2\/categories?post=43369"},{"taxonomy":"post_tag","embeddable":true,"href":"https:\/\/www.vidademadrid.com\/es\/wp-json\/wp\/v2\/tags?post=43369"}],"curies":[{"name":"wp","href":"https:\/\/api.w.org\/{rel}","templated":true}]}}