{"id":43346,"date":"2022-08-25T11:00:49","date_gmt":"2022-08-25T09:00:49","guid":{"rendered":"https:\/\/www.vidademadrid.com\/es\/?p=43346"},"modified":"2022-08-26T16:41:08","modified_gmt":"2022-08-26T14:41:08","slug":"fiestas-encierros-san-sebastian-de-los-reyes-2022-fechas","status":"publish","type":"post","link":"https:\/\/www.vidademadrid.com\/es\/43346\/fiestas-encierros-san-sebastian-de-los-reyes-2022-fechas\/","title":{"rendered":"Fuegos artificiales, encierros, verbenas y m\u00e1s en las fiestas de San Sebasti\u00e1n de los Reyes 2022"},"content":{"rendered":"<p>Las\u00a0<strong>fiestas populares de San Sebasti\u00e1n de los Reyes\u00a0<\/strong>vuelven este verano para celebrarse con sus tradicionales actividades como los\u00a0<strong>fuegos artificiales, actos religiosos, festejos taurinos,\u00a0<\/strong>y m\u00e1s. Conoce toda la informaci\u00f3n en este art\u00edculo.<\/p>\n<h1>Actualizaci\u00f3n 25 de agosto del 2022\u00a0<\/h1>\n<h2>Fiestas de San Sebasti\u00e1n de los Reyes 2022<\/h2>\n<p><script async=\"\" src=\"https:\/\/pagead2.googlesyndication.com\/pagead\/js\/adsbygoogle.js\"><\/script> <ins class=\"adsbygoogle\" style=\"display: block;\" data-ad-format=\"fluid\" data-ad-layout-key=\"-7f+eo+1+2-5\" data-ad-client=\"ca-pub-7450064428034605\" data-ad-slot=\"7327027071\"><\/ins><script>(adsbygoogle = window.adsbygoogle || []).push({});<\/script><\/p>\n<p>Las\u00a0<strong>tradicionales fiestas de San Sebastian de los Reyes,\u00a0<\/strong>en honor al\u00a0<strong>Sant\u00edsimo Cristo de los Remedios,\u00a0<\/strong>fue declarada de <strong>Inter\u00e9s Tur\u00edstico desde 1985\u00a0<\/strong>y este 2022 se celebrar\u00e1n del\u00a0<strong>27 de agosto al 4 de septiembre\u00a0<\/strong>con un programa lleno de actividades para todos los p\u00fablicos. Entre sus actividades se celebrar\u00e1n los\u00a0<strong>encierros tradicionales,<\/strong> que se celebran desde 1525 y correr\u00e1n por las calles del casco hist\u00f3rico.\u00a0<\/p>\n<p>Habr\u00e1 actividades deportivas, religiosas, musicales, conciertos y presentaciones de DJs. As\u00ed como muchas actividades m\u00e1s para todos los p\u00fablicos.\u00a0<\/p>\n<h2>Fiestas de San Sebasti\u00e1n de los Reyes 2022: programa<\/h2>\n<p><script async=\"\" src=\"https:\/\/pagead2.googlesyndication.com\/pagead\/js\/adsbygoogle.js\"><\/script> <ins class=\"adsbygoogle\" style=\"display: block; text-align: center;\" data-ad-layout=\"in-article\" data-ad-format=\"fluid\" data-ad-client=\"ca-pub-7450064428034605\" data-ad-slot=\"5670045061\"><\/ins> <script>(adsbygoogle = window.adsbygoogle || []).push({});<\/script><\/p>\n<p>El<strong>\u00a0<\/strong><strong>viernes 26 de agosto\u00a0<\/strong>comenzar\u00e1n las fiestas de\u00a0<strong>San Sebasti\u00e1n de los Reyes\u00a0<\/strong>con un baile con la charanga y el solemne triduo en honor al Sant\u00edsimo Cristo de los Remedios. El\u00a0<strong>s\u00e1bado 27 de agosto\u00a0<\/strong>ser\u00e1 el torneo de v\u00f3ley playa as\u00ed como el preg\u00f3n oficial de Fiestas, pasacalles y actuaciones de DJs.\u00a0<\/p>\n<p>El\u00a0<strong>domingo 28 de agosto <\/strong>ser\u00e1 la Santa Misa y el Ralley Fotogr\u00e1fico as\u00ed como el encierro con novillos, presentaci\u00f3n de DJs y e trofeo F\u00fatbol. Ese mismo d\u00eda ser\u00e1 la actuaci\u00f3n de <strong>Palo Santo <\/strong>en la plaza de la Constituci\u00f3n y la Discoteca Joven con animaci\u00f3n de DJs. El <strong>lunes 29 de agosto <\/strong>ser\u00e1 el pasacalles, clase de zumba, encierros\u00a0 suelta de reses as\u00ed como la batucada desfile de Gigantes y Cabezudos, este d\u00eda tambi\u00e9n habr\u00e1\u00a0 el <strong>concierto de India Mart\u00ednez<\/strong> y un <strong>tributo a Joaqu\u00edn Sabina. <\/strong><\/p>\n<p>El\u00a0<strong>martes 30 de agosto <\/strong>seguir\u00e1n las actividades como la <strong>paella con sangr\u00eda, <\/strong>el encierro y suelta de reses as\u00ed como el <strong>espect\u00e1culo<\/strong> <strong>infantil<\/strong>, y las 22.30 h el concierto de <strong>Omar Montes<\/strong>. El <strong>mi\u00e9rcoles 31 de agosto <\/strong>actuar\u00e1 <strong>Javi Moya, <\/strong>habr\u00e1 hinchables en la plaza de la Iglesia y habr\u00e1 un espect\u00e1culo infantil as\u00ed como actuaciones de DJs.\u00a0<\/p>\n<p>Durante los primeros d\u00edas de septiembre seguir\u00e1n las\u00a0<strong>fiestas de San Sebasti\u00e1n de los Reyes\u00a0<\/strong>con -el <strong>1 de septiembre<\/strong>&#8211; el concierto de <strong>Danceter\u00eda<\/strong> (Miss Cafe\u00edna y Varry Brava), un tributo a <strong>Michael Jackson,\u00a0<\/strong>atracciones, espect\u00e1culos infantiles y m\u00e1s. El\u00a0<strong>viernes 2 de septiembre\u00a0<\/strong>ser\u00e1 la\u00a0<strong>fiesta disco de los 60s y 70s.<\/strong><\/p>\n<p>Al d\u00eda siguiente &#8211;<strong>3 de septiembre<\/strong>&#8211; ser\u00e1 la presentaci\u00f3n de <strong>DECAI<\/strong>, la carrera <strong>Toro Style Run<\/strong> <strong>2022<\/strong>, y el concierto de <strong>Ana Mena<\/strong>. Estas fiestas terminar\u00e1n el <strong>domingo 4<\/strong> con la actuaci\u00f3n de <strong>Mikel Erentxun, David Otero\u00a0<\/strong>y DJs.\u00a0<\/p>\n<p>Conoce el programa completo en este <a href=\"https:\/\/laplazadesanse.es\/wp-content\/uploads\/2022\/08\/Programa-fiestas_1Septiembre2022-SALUDASY-PROGRAMA.pdf\">enlace<\/a>.\u00a0<\/p>\n<h1>Art\u00edculo 4 de julio del 2022<\/h1>\n<h2>Fiestas de San Sebasti\u00e1n de los Reyes 2022\u00a0<\/h2>\n<p>Las fiestas estivales de\u00a0<strong>San Sebasti\u00e1n de los Reyes,<\/strong> en honor al <strong>Sant\u00edsimo Cristo de los Remedios, <\/strong>vuelven este 2022 con un programa de actividades que durar\u00e1 una semana. Estas fiestas, que han sido <strong>declaradas de Inter\u00e9s Tur\u00edstico desde 1985,\u00a0<\/strong>tienen un acto muy singular entre sus actividades: <strong>encierros tradicionales<\/strong> que se corren por las calles del casco hist\u00f3rico al menos desde 1525.\u00a0<\/p>\n<p>A lo largo de\u00a0<strong>julio y agosto\u00a0<\/strong>se va dando a conocer el programa de actividades para las fiestas, amenizada por el\u00a0<strong>colorido de las pe\u00f1as, el recinto ferial, las charangas,\u00a0<\/strong>entre otras. Las actividades est\u00e1n dirigidas a <strong>p\u00fablicos de todas las edades. <\/strong>Entre las actividades que se realizan incluyen\u00a0<strong>actuaciones\u00a0<\/strong>en el anfiteatro municipal y la\u00a0<strong>Plaza de la Constituci\u00f3n,\u00a0<\/strong>la\u00a0<strong>programaci\u00f3n infantil, los festejos taurinos, fuegos artificiales, actos religiosos,\u00a0<\/strong>y m\u00e1s.\u00a0<\/p>\n<h2>Encierros de San Sebasti\u00e1n de los Reyes 2022<\/h2>\n<p>Los\u00a0<strong>tradicionales encierros\u00a0<\/strong>son seis y se corren por la\u00a0<strong>manga habitual del casco antiguo,\u00a0<\/strong>hasta concluir en la\u00a0<strong>plaza de toros\u00a0<\/strong>a las\u00a0<strong>11 horas.\u00a0<\/strong>Para favorecer la participaci\u00f3n de p\u00fablico de todas las edades, desde 2016 se han instalado gradas para el recorrido.\u00a0<\/p>\n<p>Las\u00a0<strong>Fiestas de San Sebasti\u00e1n de los Reyes,\u00a0<\/strong>en honor del Sant\u00edsimo Cristo de los Remedios, ser\u00e1n del\u00a0<strong>27 de agosto al 4 de septiembre.\u00a0<\/strong><\/p>\n<figure id=\"attachment_43348\" aria-describedby=\"caption-attachment-43348\" style=\"width: 413px\" class=\"wp-caption alignnone\"><a href=\"https:\/\/www.vidademadrid.com\/es\/wp-content\/uploads\/2022\/07\/799197039_2352022111840.jpeg\"><img loading=\"lazy\" decoding=\"async\" class=\"size-full wp-image-43348\" src=\"https:\/\/www.vidademadrid.com\/es\/wp-content\/uploads\/2022\/07\/799197039_2352022111840.jpeg\" alt=\"\" width=\"413\" height=\"590\" srcset=\"https:\/\/www.vidademadrid.com\/es\/wp-content\/uploads\/2022\/07\/799197039_2352022111840.jpeg 413w, https:\/\/www.vidademadrid.com\/es\/wp-content\/uploads\/2022\/07\/799197039_2352022111840-210x300.jpeg 210w, https:\/\/www.vidademadrid.com\/es\/wp-content\/uploads\/2022\/07\/799197039_2352022111840-294x420.jpeg 294w\" sizes=\"auto, (max-width: 413px) 100vw, 413px\" \/><\/a><figcaption id=\"caption-attachment-43348\" class=\"wp-caption-text\">Foto: Ayuntamiento de San Sebasti\u00e1n de los Reyes<\/figcaption><\/figure>\n\n\n<p><\/p>\n","protected":false},"excerpt":{"rendered":"<p>Estas fiestas est\u00e1n declaradas de Inter\u00e9s Tur\u00edsticos. <\/p>\n","protected":false},"author":15,"featured_media":43347,"comment_status":"open","ping_status":"open","sticky":false,"template":"","format":"standard","meta":{"footnotes":""},"categories":[101,115],"tags":[],"class_list":{"0":"post-43346","1":"post","2":"type-post","3":"status-publish","4":"format-standard","5":"has-post-thumbnail","7":"category-ferias-fiestas-mercados-madrid","8":"category-planes-del-momento-madrid"},"_links":{"self":[{"href":"https:\/\/www.vidademadrid.com\/es\/wp-json\/wp\/v2\/posts\/43346","targetHints":{"allow":["GET"]}}],"collection":[{"href":"https:\/\/www.vidademadrid.com\/es\/wp-json\/wp\/v2\/posts"}],"about":[{"href":"https:\/\/www.vidademadrid.com\/es\/wp-json\/wp\/v2\/types\/post"}],"author":[{"embeddable":true,"href":"https:\/\/www.vidademadrid.com\/es\/wp-json\/wp\/v2\/users\/15"}],"replies":[{"embeddable":true,"href":"https:\/\/www.vidademadrid.com\/es\/wp-json\/wp\/v2\/comments?post=43346"}],"version-history":[{"count":4,"href":"https:\/\/www.vidademadrid.com\/es\/wp-json\/wp\/v2\/posts\/43346\/revisions"}],"predecessor-version":[{"id":44453,"href":"https:\/\/www.vidademadrid.com\/es\/wp-json\/wp\/v2\/posts\/43346\/revisions\/44453"}],"wp:featuredmedia":[{"embeddable":true,"href":"https:\/\/www.vidademadrid.com\/es\/wp-json\/wp\/v2\/media\/43347"}],"wp:attachment":[{"href":"https:\/\/www.vidademadrid.com\/es\/wp-json\/wp\/v2\/media?parent=43346"}],"wp:term":[{"taxonomy":"category","embeddable":true,"href":"https:\/\/www.vidademadrid.com\/es\/wp-json\/wp\/v2\/categories?post=43346"},{"taxonomy":"post_tag","embeddable":true,"href":"https:\/\/www.vidademadrid.com\/es\/wp-json\/wp\/v2\/tags?post=43346"}],"curies":[{"name":"wp","href":"https:\/\/api.w.org\/{rel}","templated":true}]}}