{"id":43208,"date":"2022-06-28T11:44:09","date_gmt":"2022-06-28T09:44:09","guid":{"rendered":"https:\/\/www.vidademadrid.com\/es\/?p=43208"},"modified":"2022-06-28T11:44:37","modified_gmt":"2022-06-28T09:44:37","slug":"sonorama-resistencia-analogica-exposicion-entradas-serreria-belga","status":"publish","type":"post","link":"https:\/\/www.vidademadrid.com\/es\/43208\/sonorama-resistencia-analogica-exposicion-entradas-serreria-belga\/","title":{"rendered":"\u00abSonorama: resistencia anal\u00f3gica\u00bb, la nueva exposici\u00f3n sobre la historia de los instrumentos musicales"},"content":{"rendered":"<p>Una nueva exposici\u00f3n, en la que podr\u00e1s realizar un viaje por la histor\u00eda de objetos e instrumentos de m\u00fasica, llega al <strong>Espacio Cultural Serrer\u00eda Belga.&nbsp;<\/strong>Sigue leyendo este art\u00edculo para conocer toda la informaci\u00f3n sobre&nbsp;<em><strong>\u00abSonorama: resistencia anal\u00f3gica\u00bb.&nbsp;<\/strong><\/em><\/p>\n<h2>\u00abSonorama: resistencia anal\u00f3gica\u00bb<\/h2>\n<p><script async=\"\" src=\"https:\/\/pagead2.googlesyndication.com\/pagead\/js\/adsbygoogle.js\"><\/script> <ins class=\"adsbygoogle\" style=\"display:block\" data-ad-format=\"fluid\" data-ad-layout-key=\"-7f+eo+1+2-5\" data-ad-client=\"ca-pub-7450064428034605\" data-ad-slot=\"7327027071\"><\/ins><script>(adsbygoogle = window.adsbygoogle || []).push({});<\/script>La exposici\u00f3n&nbsp;<em><strong>\u00abSonorama: resistencia anal\u00f3gica\u00bb<\/strong><\/em> muestra vinilos, radiocasetes, cintas de casete, y muchos m\u00e1s objetos que permiten recordar c\u00f3mo y d\u00f3nde sonaba la m\u00fasica hace a\u00f1os. A trav\u00e9s de la historia de&nbsp;<strong>objetos e instrumentos de la m\u00fasica y de las pistas de baile,&nbsp;<\/strong>el visitante podr\u00e1 conocer el resultado del proyecto sobre arqueolog\u00eda anal\u00f3gica que ha llevado a cabo el artista&nbsp;<strong>Eduardo Balanza.&nbsp;<\/strong><\/p>\n<p>El visitante se adentrar\u00e1 en un montaje retrospectivo, con instrumentos nuevos que transforman al espectador en solista o en compositor improvisado, con reinterpretaciones de piezas anal\u00f3gicas representativas de la expansi\u00f3n de la tecnolog\u00eda y la difusi\u00f3n de la m\u00fasica popular.&nbsp;<\/p>\n<p>En esta exposici\u00f3n, tambi\u00e9n se muestra una serie de esculturas desarrolladas con el apoyo del&nbsp;<strong>Museo de Arte Contempor\u00e1neo de Barcelona,&nbsp;<\/strong>el&nbsp;<strong>Museo de arte contempor\u00e1neo de Helsinki&nbsp;<\/strong>y el&nbsp;<strong>Instituto de Arte Contempor\u00e1neo de Boston.&nbsp;<\/strong><\/p>\n<h2>Visita la exposici\u00f3n&nbsp;<\/h2>\n<p><script async=\"\" src=\"https:\/\/pagead2.googlesyndication.com\/pagead\/js\/adsbygoogle.js\"><\/script> <ins class=\"adsbygoogle\" style=\"display:block; text-align:center;\" data-ad-layout=\"in-article\" data-ad-format=\"fluid\" data-ad-client=\"ca-pub-7450064428034605\" data-ad-slot=\"5670045061\"><\/ins> <script>(adsbygoogle = window.adsbygoogle || []).push({});<\/script>Se podr\u00e1 visitar <em><strong>\u00abSonorama: resistencia anal\u00f3gica\u00bb<\/strong>&nbsp;<\/em>en el <strong>Espacio Cultural Serrer\u00eda Belga <\/strong>(Metro Estaci\u00f3n del Arte) hasta el&nbsp;<strong>17 de julio del 2022.&nbsp;<\/strong>El horario de visita es de <strong>martes a s\u00e1bado&nbsp;<\/strong>de <strong>11 a 20 horas&nbsp;<\/strong>y los&nbsp;<strong>domingos&nbsp;<\/strong>de&nbsp;<strong>11 a 18 horas.&nbsp;<\/strong>Los lunes la exposici\u00f3n permanece cerrada.&nbsp;<\/p>\n<p>El&nbsp;<strong>acceso&nbsp;<\/strong>es&nbsp;<strong>gratuito&nbsp;<\/strong>mediante entrada por franja horaria de 60 minutos. Las entradas se pueden descargar en este <a href=\"https:\/\/tienda.madrid-destino.com\/es\/serreria-belga\/\">enlace<\/a>.&nbsp;<\/p>\n","protected":false},"excerpt":{"rendered":"<p>El acceso ser\u00e1 gratuita. <\/p>\n","protected":false},"author":15,"featured_media":43209,"comment_status":"open","ping_status":"open","sticky":false,"template":"","format":"standard","meta":{"footnotes":""},"categories":[111],"tags":[],"class_list":{"0":"post-43208","1":"post","2":"type-post","3":"status-publish","4":"format-standard","5":"has-post-thumbnail","7":"category-exposiciones-madrid"},"_links":{"self":[{"href":"https:\/\/www.vidademadrid.com\/es\/wp-json\/wp\/v2\/posts\/43208","targetHints":{"allow":["GET"]}}],"collection":[{"href":"https:\/\/www.vidademadrid.com\/es\/wp-json\/wp\/v2\/posts"}],"about":[{"href":"https:\/\/www.vidademadrid.com\/es\/wp-json\/wp\/v2\/types\/post"}],"author":[{"embeddable":true,"href":"https:\/\/www.vidademadrid.com\/es\/wp-json\/wp\/v2\/users\/15"}],"replies":[{"embeddable":true,"href":"https:\/\/www.vidademadrid.com\/es\/wp-json\/wp\/v2\/comments?post=43208"}],"version-history":[{"count":2,"href":"https:\/\/www.vidademadrid.com\/es\/wp-json\/wp\/v2\/posts\/43208\/revisions"}],"predecessor-version":[{"id":43211,"href":"https:\/\/www.vidademadrid.com\/es\/wp-json\/wp\/v2\/posts\/43208\/revisions\/43211"}],"wp:featuredmedia":[{"embeddable":true,"href":"https:\/\/www.vidademadrid.com\/es\/wp-json\/wp\/v2\/media\/43209"}],"wp:attachment":[{"href":"https:\/\/www.vidademadrid.com\/es\/wp-json\/wp\/v2\/media?parent=43208"}],"wp:term":[{"taxonomy":"category","embeddable":true,"href":"https:\/\/www.vidademadrid.com\/es\/wp-json\/wp\/v2\/categories?post=43208"},{"taxonomy":"post_tag","embeddable":true,"href":"https:\/\/www.vidademadrid.com\/es\/wp-json\/wp\/v2\/tags?post=43208"}],"curies":[{"name":"wp","href":"https:\/\/api.w.org\/{rel}","templated":true}]}}