{"id":43205,"date":"2022-07-06T12:15:25","date_gmt":"2022-07-06T10:15:25","guid":{"rendered":"https:\/\/www.vidademadrid.com\/es\/?p=43205"},"modified":"2022-07-06T16:56:53","modified_gmt":"2022-07-06T14:56:53","slug":"inauguracion-plaza-raffaella-carra-madrid-6-de-julio","status":"publish","type":"post","link":"https:\/\/www.vidademadrid.com\/es\/43205\/inauguracion-plaza-raffaella-carra-madrid-6-de-julio\/","title":{"rendered":"Inaugurada la plaza de Raffaella Carr\u00e0"},"content":{"rendered":"<p>La cantante italiana\u00a0<strong>Raffaella Carr\u00e0\u00a0<\/strong>tendr\u00e1 su plaza en la capital. Un a\u00f1o despu\u00e9s de su <a href=\"https:\/\/www.vidademadrid.com\/es\/34649\/raffaella-carra-fallecido-videos-madrid-tve-hola-raffaella\/\">fallecimiento<\/a>, se inaugurar\u00e1 este espacio con su nombre para recordar a esta cantante, actriz y presentadora.<\/p>\n<h1>Actualizaci\u00f3n 6 de julio 2022<\/h1>\n<h2>Inauguraci\u00f3n Plaza Raffaella Carr\u00e0<\/h2>\n<p>La\u00a0<strong>plaza Raffaella Carr\u00e0, <\/strong>que rinde homenaje a la admirada y polifac\u00e9tica artista italiana, ha sido inaugurada esta ma\u00f1ana por la vicealcaldesa de Madrid, Bego\u00f1a Villac\u00eds y el concejal del distrito de Centro, Jos\u00e9 Fern\u00e1ndez. A la inauguraci\u00f3n de esta plaza, situada en la <strong>calle Fuencarral <\/strong>frente a los n\u00fameros 43 y 45, tambi\u00e9n ha asistido\u00a0<strong>Riccardo Guariglia,\u00a0<\/strong>embajador de Italia y Sergio Japino, viudo de Raffaella Carr\u00e0. Adem\u00e1s de\u00a0<strong>representantes de asociaciones LGTBI+,\u00a0<\/strong><strong>familiares de la artista italiana\u00a0<\/strong>y\u00a0<strong>representantes pol\u00edticos.\u00a0<\/strong>Durante el evento se pudieron disfrutar de temas de Rafaella Carr\u00e0 a cargo del grupo Sonora.<\/p>\n<p>La placa de azulejos que identifica la plaza fue elaborada por el pintor <strong>\u00c1ngel Garc\u00eda Pinto,\u00a0<\/strong>y presenta un\u00a0<strong>retrato a color de la italiana.\u00a0<\/strong>Esta placa fue regalada al Consistorio por el artista.<\/p>\n<figure id=\"attachment_43481\" aria-describedby=\"caption-attachment-43481\" style=\"width: 1153px\" class=\"wp-caption alignnone\"><a href=\"https:\/\/www.vidademadrid.com\/es\/wp-content\/uploads\/2022\/06\/WhatsApp-Image-2022-07-06-at-10.51.08-AM.jpeg\"><img loading=\"lazy\" decoding=\"async\" class=\"size-full wp-image-43481\" src=\"https:\/\/www.vidademadrid.com\/es\/wp-content\/uploads\/2022\/06\/WhatsApp-Image-2022-07-06-at-10.51.08-AM.jpeg\" alt=\"\" width=\"1153\" height=\"2048\" srcset=\"https:\/\/www.vidademadrid.com\/es\/wp-content\/uploads\/2022\/06\/WhatsApp-Image-2022-07-06-at-10.51.08-AM.jpeg 1153w, https:\/\/www.vidademadrid.com\/es\/wp-content\/uploads\/2022\/06\/WhatsApp-Image-2022-07-06-at-10.51.08-AM-169x300.jpeg 169w, https:\/\/www.vidademadrid.com\/es\/wp-content\/uploads\/2022\/06\/WhatsApp-Image-2022-07-06-at-10.51.08-AM-577x1024.jpeg 577w, https:\/\/www.vidademadrid.com\/es\/wp-content\/uploads\/2022\/06\/WhatsApp-Image-2022-07-06-at-10.51.08-AM-768x1364.jpeg 768w, https:\/\/www.vidademadrid.com\/es\/wp-content\/uploads\/2022\/06\/WhatsApp-Image-2022-07-06-at-10.51.08-AM-865x1536.jpeg 865w, https:\/\/www.vidademadrid.com\/es\/wp-content\/uploads\/2022\/06\/WhatsApp-Image-2022-07-06-at-10.51.08-AM-696x1236.jpeg 696w, https:\/\/www.vidademadrid.com\/es\/wp-content\/uploads\/2022\/06\/WhatsApp-Image-2022-07-06-at-10.51.08-AM-1068x1897.jpeg 1068w, https:\/\/www.vidademadrid.com\/es\/wp-content\/uploads\/2022\/06\/WhatsApp-Image-2022-07-06-at-10.51.08-AM-236x420.jpeg 236w\" sizes=\"auto, (max-width: 1153px) 100vw, 1153px\" \/><\/a><figcaption id=\"caption-attachment-43481\" class=\"wp-caption-text\">Sergio Japino en la inauguraci\u00f3n de la plaza. Foto: Vida de Madrid<\/figcaption><\/figure>\n<h1>Art\u00edculo 28 de junio 2022<\/h1>\n<h2>Plaza Raffaella Carr\u00e0<\/h2>\n<p><script async=\"\" src=\"https:\/\/pagead2.googlesyndication.com\/pagead\/js\/adsbygoogle.js\"><\/script> <ins class=\"adsbygoogle\" style=\"display: block;\" data-ad-format=\"fluid\" data-ad-layout-key=\"-7f+eo+1+2-5\" data-ad-client=\"ca-pub-7450064428034605\" data-ad-slot=\"7327027071\"><\/ins><script>(adsbygoogle = window.adsbygoogle || []).push({});<\/script>La plaza situada frente a los n\u00fameros 43 y 45 de la\u00a0<strong>calle Fuencarral\u00a0<\/strong>recibir\u00e1 el nombre de\u00a0<strong>plaza Raffaella Carr\u00e0.\u00a0<\/strong>Tras 60 a\u00f1os de trayectoria, Carr\u00e0 se gan\u00f3 el cari\u00f1o y la admiraci\u00f3n del p\u00fablico italiano y espa\u00f1ol.<\/p>\n<p>Por eso, d\u00edas despu\u00e9s de su muerte se <a href=\"https:\/\/www.vidademadrid.com\/es\/35015\/raffaella-carra-plaza-fuencarral-homenaje-madrid\/\">anunciaba<\/a> que una famosa plaza ubicada entre los barrios de <strong>Chueca y Malasa\u00f1a\u00a0<\/strong>llevar\u00e1 su nombre.<\/p>\n<p>La placa de azulejos con\u00a0<strong>retrato a color\u00a0<\/strong>de la italiana que identificar\u00e1 la plaza ha sido elaborada por el pintor <strong>\u00c1ngel Garc\u00eda Pinto,\u00a0<\/strong>de acuerdo con informaci\u00f3n de\u00a0El Mundo. La plaza ser\u00e1 inaugurada el\u00a0<strong>6 de julio.\u00a0<\/strong><\/p>\n<h2>Raffaella Carr\u00e0: \u00edcono LGTBIQ+<\/h2>\n<p><script async=\"\" src=\"https:\/\/pagead2.googlesyndication.com\/pagead\/js\/adsbygoogle.js\"><\/script> <ins class=\"adsbygoogle\" style=\"display: block; text-align: center;\" data-ad-layout=\"in-article\" data-ad-format=\"fluid\" data-ad-client=\"ca-pub-7450064428034605\" data-ad-slot=\"5670045061\"><\/ins> <script>(adsbygoogle = window.adsbygoogle || []).push({});<\/script>La inauguraci\u00f3n, que se llevar\u00e1 a cabo el<strong> 6 de julio,\u00a0<\/strong>contar\u00e1 con la asistencia de el concejal del Distrito Centro, Jos\u00e9 Fern\u00e1ndez; el viudo de Carr\u00e0, Sergio Japino y el embajador de Italia, Riccardo Guariglia. As\u00ed como todos los\u00a0<strong>grupos municipales y entidades LGTBIQ+\u00a0<\/strong>ya que se celebrar\u00e1 el acto con motivo de las <a href=\"https:\/\/www.vidademadrid.com\/es\/38169\/fiestas-del-orgullo-madrid-2022-fechas-y-actividades\/\"><strong>Fiestas del Orgullo.<\/strong><\/a><\/p>\n<p>Carr\u00e0, conocida por sus \u00e9xitos como \u00abHay que venir al sur\u00bb, se convirti\u00f3 en un \u00edcono de <strong>libertad, libertad sexual y de los derechos<\/strong>\u00a0<strong>LGTBIQ+.\u00a0<\/strong>En el World Pride de Madrid 2017, recibi\u00f3 el premio como \u00cdcono Gay Mundial.<\/p>\n","protected":false},"excerpt":{"rendered":"<p>Carr\u00e0 falleci\u00f3 el 5 de julio del 2021. <\/p>\n","protected":false},"author":15,"featured_media":43479,"comment_status":"open","ping_status":"open","sticky":false,"template":"","format":"standard","meta":{"footnotes":""},"categories":[12,119],"tags":[],"class_list":{"0":"post-43205","1":"post","2":"type-post","3":"status-publish","4":"format-standard","5":"has-post-thumbnail","7":"category-actualidad-noticias-madrid","8":"category-portada"},"_links":{"self":[{"href":"https:\/\/www.vidademadrid.com\/es\/wp-json\/wp\/v2\/posts\/43205","targetHints":{"allow":["GET"]}}],"collection":[{"href":"https:\/\/www.vidademadrid.com\/es\/wp-json\/wp\/v2\/posts"}],"about":[{"href":"https:\/\/www.vidademadrid.com\/es\/wp-json\/wp\/v2\/types\/post"}],"author":[{"embeddable":true,"href":"https:\/\/www.vidademadrid.com\/es\/wp-json\/wp\/v2\/users\/15"}],"replies":[{"embeddable":true,"href":"https:\/\/www.vidademadrid.com\/es\/wp-json\/wp\/v2\/comments?post=43205"}],"version-history":[{"count":2,"href":"https:\/\/www.vidademadrid.com\/es\/wp-json\/wp\/v2\/posts\/43205\/revisions"}],"predecessor-version":[{"id":43482,"href":"https:\/\/www.vidademadrid.com\/es\/wp-json\/wp\/v2\/posts\/43205\/revisions\/43482"}],"wp:featuredmedia":[{"embeddable":true,"href":"https:\/\/www.vidademadrid.com\/es\/wp-json\/wp\/v2\/media\/43479"}],"wp:attachment":[{"href":"https:\/\/www.vidademadrid.com\/es\/wp-json\/wp\/v2\/media?parent=43205"}],"wp:term":[{"taxonomy":"category","embeddable":true,"href":"https:\/\/www.vidademadrid.com\/es\/wp-json\/wp\/v2\/categories?post=43205"},{"taxonomy":"post_tag","embeddable":true,"href":"https:\/\/www.vidademadrid.com\/es\/wp-json\/wp\/v2\/tags?post=43205"}],"curies":[{"name":"wp","href":"https:\/\/api.w.org\/{rel}","templated":true}]}}