{"id":43155,"date":"2022-06-24T19:39:28","date_gmt":"2022-06-24T17:39:28","guid":{"rendered":"https:\/\/www.vidademadrid.com\/es\/?p=43155"},"modified":"2022-06-26T23:37:05","modified_gmt":"2022-06-26T21:37:05","slug":"toldos-sol-reforma-puerta-del-sol-cuando-terminan","status":"publish","type":"post","link":"https:\/\/www.vidademadrid.com\/es\/43155\/toldos-sol-reforma-puerta-del-sol-cuando-terminan\/","title":{"rendered":"Madrid propone poner toldos en la Puerta del Sol"},"content":{"rendered":"\n<p>En medio del proceso de las <strong>obras de reforma de la Puerta del Sol<\/strong>, todos se preguntan qu\u00e9 va a pasar con los espacios de sombra y poner toldos se ha convertido en la primera opci\u00f3n. Te lo contamos todo en este art\u00edculo.&nbsp;<\/p>\n\n\n\n<h2 class=\"wp-block-heading\">Toldos en la Puerta del Sol&nbsp;<\/h2>\n\n\n\n<script async=\"\" src=\"https:\/\/pagead2.googlesyndication.com\/pagead\/js\/adsbygoogle.js\"><\/script> <ins class=\"adsbygoogle\" style=\"display:block\" data-ad-format=\"fluid\" data-ad-layout-key=\"-7f+eo+1+2-5\" data-ad-client=\"ca-pub-7450064428034605\" data-ad-slot=\"7327027071\"><\/ins><script>(adsbygoogle = window.adsbygoogle || []).push({});<\/script>\n\n\n\n<p>Hace ya casi 3 meses que comenzaron las <strong>obras de reforma de la Puerta del Sol<\/strong> y ya han empezado a proponer ideas para dotar al espacio de sombras. Esta reforma no permite&nbsp;plantar \u00e1rboles por el intercambiador de metro y de trenes. Por&nbsp;tanto, se han estudiado otras formas de dar sombra a la zona para que no se convierta en un \u00absolarium\u00bb en temporada de altas temperaturas.&nbsp;<\/p>\n\n\n\n<script data-wid=\"auto\" type=\"text\/javascript\" src=\"https:\/\/content.viralize.tv\/display\/?zid=AADiaHd5cH72qFIl&#038;cid=AAlPetXIDG69INKU&#038;activation=adfill&#038;vip_mode=playing&#038;vip_position=bottom-right\"><\/script>\n\n\n\n<p>Entre las posibles opciones se encuentra <strong>poner toldos a todos los comercios<\/strong>. De esta manera los madrile\u00f1os y turistas podr\u00edan cubrirse del sol en su paseo por esta emblem\u00e1tica zona de la capital.&nbsp;La idea &nbsp;es permitir a los comerciantes instalar toldos similares a aquellos que cubr\u00edan antiguamente los alrededores de la plaza.&nbsp;<\/p>\n\n\n\n<h2 class=\"wp-block-heading\">M\u00e1s sobre la obra de reforma de la Puerta del Sol&nbsp;<\/h2>\n\n\n\n<script async=\"\" src=\"https:\/\/pagead2.googlesyndication.com\/pagead\/js\/adsbygoogle.js\"><\/script> <ins class=\"adsbygoogle\" style=\"display:block; text-align:center;\" data-ad-layout=\"in-article\" data-ad-format=\"fluid\" data-ad-client=\"ca-pub-7450064428034605\" data-ad-slot=\"5670045061\"><\/ins> <script>(adsbygoogle = window.adsbygoogle || []).push({});<\/script>\n\n\n\n<p>El principal objetivo de la obra es convertir este espacio en un lugar abierto y moderno. Te contamos todos los cambios que experimentar\u00e1 la zona en este <a href=\"https:\/\/www.vidademadrid.com\/es\/40248\/puerta-del-sol-reforma-fotos-video-proyecto-aprobado\/\">art\u00edculo sobre la reforma<\/a>.&nbsp;Y si te est\u00e1s preguntando cu\u00e1ndo podr\u00e1s pasear por la renovada Puerta del Sol, se espera que lo puedas hacer&nbsp;<strong>a partir de marzo de 2023<\/strong>&nbsp;(seg\u00fan lo previsto). Igual en <a href=\"https:\/\/www.instagram.com\/vidademadrid\/\">@vidademadrid<\/a> te iremos informando de todos los avances que vayamos conociendo.<\/p>\n\n\n\n<p><\/p>\n","protected":false},"excerpt":{"rendered":"<p>Para dotar a la zona de sombras<\/p>\n","protected":false},"author":13,"featured_media":43161,"comment_status":"open","ping_status":"open","sticky":false,"template":"","format":"standard","meta":{"footnotes":""},"categories":[12,119,1],"tags":[],"class_list":{"0":"post-43155","1":"post","2":"type-post","3":"status-publish","4":"format-standard","5":"has-post-thumbnail","7":"category-actualidad-noticias-madrid","8":"category-portada","9":"category-varios"},"_links":{"self":[{"href":"https:\/\/www.vidademadrid.com\/es\/wp-json\/wp\/v2\/posts\/43155","targetHints":{"allow":["GET"]}}],"collection":[{"href":"https:\/\/www.vidademadrid.com\/es\/wp-json\/wp\/v2\/posts"}],"about":[{"href":"https:\/\/www.vidademadrid.com\/es\/wp-json\/wp\/v2\/types\/post"}],"author":[{"embeddable":true,"href":"https:\/\/www.vidademadrid.com\/es\/wp-json\/wp\/v2\/users\/13"}],"replies":[{"embeddable":true,"href":"https:\/\/www.vidademadrid.com\/es\/wp-json\/wp\/v2\/comments?post=43155"}],"version-history":[{"count":3,"href":"https:\/\/www.vidademadrid.com\/es\/wp-json\/wp\/v2\/posts\/43155\/revisions"}],"predecessor-version":[{"id":43163,"href":"https:\/\/www.vidademadrid.com\/es\/wp-json\/wp\/v2\/posts\/43155\/revisions\/43163"}],"wp:featuredmedia":[{"embeddable":true,"href":"https:\/\/www.vidademadrid.com\/es\/wp-json\/wp\/v2\/media\/43161"}],"wp:attachment":[{"href":"https:\/\/www.vidademadrid.com\/es\/wp-json\/wp\/v2\/media?parent=43155"}],"wp:term":[{"taxonomy":"category","embeddable":true,"href":"https:\/\/www.vidademadrid.com\/es\/wp-json\/wp\/v2\/categories?post=43155"},{"taxonomy":"post_tag","embeddable":true,"href":"https:\/\/www.vidademadrid.com\/es\/wp-json\/wp\/v2\/tags?post=43155"}],"curies":[{"name":"wp","href":"https:\/\/api.w.org\/{rel}","templated":true}]}}