{"id":43119,"date":"2022-06-24T10:03:15","date_gmt":"2022-06-24T08:03:15","guid":{"rendered":"https:\/\/www.vidademadrid.com\/es\/?p=43119"},"modified":"2022-06-24T10:03:21","modified_gmt":"2022-06-24T08:03:21","slug":"25-anos-fotografia-humanitaria-exposicion-recoletos","status":"publish","type":"post","link":"https:\/\/www.vidademadrid.com\/es\/43119\/25-anos-fotografia-humanitaria-exposicion-recoletos\/","title":{"rendered":"\u00ab25 A\u00f1os de fotograf\u00eda humanitaria\u00bb, la nueva exposici\u00f3n en Recoletos"},"content":{"rendered":"<p>Una nueva exposici\u00f3n fotogr\u00e1fica llega a&nbsp;<strong>Recoletos,&nbsp;<\/strong>se trata de <em><strong>\u00ab25 A\u00f1os de fotograf\u00eda humanitaria\u00bb.&nbsp;<\/strong><\/em>Esta exposici\u00f3n utiliza la fotograf\u00eda como instrumento para testimoniar las vulneraciones de los derechos humanos. Sigue leyendo este art\u00edculo para conocer toda la informaci\u00f3n.<\/p>\n<h2>\u00ab25 A\u00f1os de fotograf\u00eda humanitaria\u00bb<\/h2>\n<p><script async=\"\" src=\"https:\/\/pagead2.googlesyndication.com\/pagead\/js\/adsbygoogle.js\"><\/script> <ins class=\"adsbygoogle\" style=\"display:block\" data-ad-format=\"fluid\" data-ad-layout-key=\"-7f+eo+1+2-5\" data-ad-client=\"ca-pub-7450064428034605\" data-ad-slot=\"7327027071\"><\/ins><script>(adsbygoogle = window.adsbygoogle || []).push({});<\/script>La exposici\u00f3n <em><strong>\u00ab25 A\u00f1os de fotograf\u00eda humanitaria\u00bb&nbsp;<\/strong><\/em>es un recorrido de&nbsp;<strong>95 im\u00e1genes&nbsp;<\/strong>tomadas por&nbsp;<strong>50 fot\u00f3grafos y fot\u00f3grafas&nbsp;<\/strong>que han participado en todas las ediciones del <strong>Premio Internacional Luis Valtue\u00f1a de M\u00e9dicos del Mundo.&nbsp;<\/strong>Estas fotograf\u00edas han aportado grandes dosis de responsabilidad y empat\u00eda para que las crisis humanitarias no caigan en el olvido.&nbsp;<\/p>\n<p>Esta exposici\u00f3n se divide en&nbsp;<strong>cinco cap\u00edtulos&nbsp;<\/strong>donde la fotograf\u00eda y el trabajo de&nbsp;<strong>M\u00e9dicos del Mundo&nbsp;<\/strong>est\u00e1n siempre presentes como:&nbsp;<strong>Guerra y Violencia, Medio Ambiente, Migraci\u00f3n y Refugio, Salud y Mujeres.&nbsp;<\/strong><\/p>\n<p>El&nbsp;<strong>Premio Internacional Luis Valtue\u00f1a de M\u00e9dicos del Mundo&nbsp;<\/strong>naci\u00f3 hace 25 a\u00f1os y busca impulsar la&nbsp;<strong>fotograf\u00eda humanitaria&nbsp;<\/strong>como instrumento para testimoniar las vulneraciones de los <strong>derechos humanos<\/strong> y&nbsp;<strong>denunciar las injusticias&nbsp;<\/strong>en muchos rincones del mundo.&nbsp;<\/p>\n<p>Este premio, que naci\u00f3 en recuerdo de&nbsp;<strong>Flors Sirera, Manuel Madrazo, Mercedes navarro y Luis Valtue\u00f1a,&nbsp;<\/strong>ha recibido m\u00e1s de&nbsp;<strong>40 mil fotograf\u00edas&nbsp;<\/strong>de fot\u00f3grafos de al menos&nbsp;<strong>95 pa\u00edses.&nbsp;<\/strong><\/p>\n<h2>Visita la exposici\u00f3n&nbsp;<\/h2>\n<p><script async=\"\" src=\"https:\/\/pagead2.googlesyndication.com\/pagead\/js\/adsbygoogle.js\"><\/script> <ins class=\"adsbygoogle\" style=\"display:block; text-align:center;\" data-ad-layout=\"in-article\" data-ad-format=\"fluid\" data-ad-client=\"ca-pub-7450064428034605\" data-ad-slot=\"5670045061\"><\/ins> <script>(adsbygoogle = window.adsbygoogle || []).push({});<\/script>La visita se podr\u00e1 visitar del&nbsp;<strong>24 de junio al 18 de julio&nbsp;<\/strong>en&nbsp;<strong>Paseo de Recoletos&nbsp;<\/strong>(entre el metro de Col\u00f3n y la parada de Cercan\u00edas de Recoletos). Se puede visitar de forma&nbsp;<strong>gratuita.&nbsp;<\/strong><\/p>\n","protected":false},"excerpt":{"rendered":"<p>Las fotograf\u00edas han sido tomadas por m\u00e1s de 50 fot\u00f3grafos. <\/p>\n","protected":false},"author":15,"featured_media":43120,"comment_status":"open","ping_status":"open","sticky":false,"template":"","format":"standard","meta":{"footnotes":""},"categories":[111],"tags":[],"class_list":{"0":"post-43119","1":"post","2":"type-post","3":"status-publish","4":"format-standard","5":"has-post-thumbnail","7":"category-exposiciones-madrid"},"_links":{"self":[{"href":"https:\/\/www.vidademadrid.com\/es\/wp-json\/wp\/v2\/posts\/43119","targetHints":{"allow":["GET"]}}],"collection":[{"href":"https:\/\/www.vidademadrid.com\/es\/wp-json\/wp\/v2\/posts"}],"about":[{"href":"https:\/\/www.vidademadrid.com\/es\/wp-json\/wp\/v2\/types\/post"}],"author":[{"embeddable":true,"href":"https:\/\/www.vidademadrid.com\/es\/wp-json\/wp\/v2\/users\/15"}],"replies":[{"embeddable":true,"href":"https:\/\/www.vidademadrid.com\/es\/wp-json\/wp\/v2\/comments?post=43119"}],"version-history":[{"count":1,"href":"https:\/\/www.vidademadrid.com\/es\/wp-json\/wp\/v2\/posts\/43119\/revisions"}],"predecessor-version":[{"id":43127,"href":"https:\/\/www.vidademadrid.com\/es\/wp-json\/wp\/v2\/posts\/43119\/revisions\/43127"}],"wp:featuredmedia":[{"embeddable":true,"href":"https:\/\/www.vidademadrid.com\/es\/wp-json\/wp\/v2\/media\/43120"}],"wp:attachment":[{"href":"https:\/\/www.vidademadrid.com\/es\/wp-json\/wp\/v2\/media?parent=43119"}],"wp:term":[{"taxonomy":"category","embeddable":true,"href":"https:\/\/www.vidademadrid.com\/es\/wp-json\/wp\/v2\/categories?post=43119"},{"taxonomy":"post_tag","embeddable":true,"href":"https:\/\/www.vidademadrid.com\/es\/wp-json\/wp\/v2\/tags?post=43119"}],"curies":[{"name":"wp","href":"https:\/\/api.w.org\/{rel}","templated":true}]}}