{"id":43070,"date":"2022-06-22T10:24:06","date_gmt":"2022-06-22T08:24:06","guid":{"rendered":"https:\/\/www.vidademadrid.com\/es\/?p=43070"},"modified":"2022-06-22T16:33:09","modified_gmt":"2022-06-22T14:33:09","slug":"sorolla-belliure-exposicion-museo-sorolla-entradas","status":"publish","type":"post","link":"https:\/\/www.vidademadrid.com\/es\/43070\/sorolla-belliure-exposicion-museo-sorolla-entradas\/","title":{"rendered":"\u00abSorolla y Benlliure. Una amistad, dos artistas\u00bb, la nueva exposici\u00f3n del Museo Sorolla"},"content":{"rendered":"<p>Una nueva exposici\u00f3n temporal llega al&nbsp;<strong>Museo Sorolla&nbsp;<\/strong>para celebrar la vida de dos grandes artistas:&nbsp;<strong>Joaqu\u00edn Sorolla&nbsp;<\/strong>y&nbsp;<strong>Mariano Benlliure.<\/strong> <em><strong>\u00abSorolla y Benlliure. Una amistad, dos artistas\u00bb<\/strong><\/em> conmemora su obra y amistad. Conoce toda la informaci\u00f3n en este art\u00edculo.&nbsp;<\/p>\n<h2>\u00abSorolla y Benlliure. Una amistad, dos artistas\u00bb<\/h2>\n<p><script async=\"\" src=\"https:\/\/pagead2.googlesyndication.com\/pagead\/js\/adsbygoogle.js\"><\/script> <ins class=\"adsbygoogle\" style=\"display:block\" data-ad-format=\"fluid\" data-ad-layout-key=\"-7f+eo+1+2-5\" data-ad-client=\"ca-pub-7450064428034605\" data-ad-slot=\"7327027071\"><\/ins><script>(adsbygoogle = window.adsbygoogle || []).push({});<\/script><\/p>\n<p>La nueva exposici\u00f3n temporal del&nbsp;<strong>Museo Sorolla&nbsp;<\/strong>celebra la relaci\u00f3n de&nbsp;<strong>Joaqu\u00edn Sorolla y Mariano Benlliure,&nbsp;<\/strong>dos importantes artistas valencianos que se asentaron en Madrid y sobre todo, dos buenos amigos.&nbsp;<\/p>\n<p><strong>Sorolla y Benlliure&nbsp;<\/strong>empezaron su amistad en la adolescencia y esta perdur\u00f3 hasta la muerte prematura del primero a los 60 a\u00f1os.&nbsp;El fruto de esta amistad fueron una serie de&nbsp;<strong>intercambios art\u00edsticos.&nbsp;<\/strong><\/p>\n<p><strong>Sorolla&nbsp;<\/strong>retrat\u00f3 a Mariano Benlliure y a su familia, les regal\u00f3 cuadros dedicados \u00aba mi amigo\u00bb, \u00aba mi hermano\u00bb;&nbsp;<strong>Benlliure,&nbsp;<\/strong>por otro lado, le regal\u00f3 una peque\u00f1a <strong>colecci\u00f3n de bronces y un yeso adem\u00e1s de un jarr\u00f3n de cer\u00e1mica&nbsp;<\/strong>que se re\u00fanen en la sala I del Museo Sorolla.&nbsp;<\/p>\n<h2>Visita la exposici\u00f3n&nbsp;<\/h2>\n<p><script async=\"\" src=\"https:\/\/pagead2.googlesyndication.com\/pagead\/js\/adsbygoogle.js\"><\/script> <ins class=\"adsbygoogle\" style=\"display:block; text-align:center;\" data-ad-layout=\"in-article\" data-ad-format=\"fluid\" data-ad-client=\"ca-pub-7450064428034605\" data-ad-slot=\"5670045061\"><\/ins> <script>(adsbygoogle = window.adsbygoogle || []).push({});<\/script><\/p>\n<p>La exposici\u00f3n <em><strong>\u00abSorolla y Benlliure. Una amistad, dos artistas\u00bb&nbsp;<\/strong><\/em>se podr\u00e1 visitar del&nbsp;<strong>20 de junio al 2 de octubre del 2022.&nbsp;<\/strong>Estar\u00e1 abierto de&nbsp;<strong>martes a s\u00e1bado&nbsp;<\/strong>de&nbsp;<strong>9:30 a 20 horas;&nbsp;<\/strong>los&nbsp;<strong>domingos y festivos,&nbsp;<\/strong>el horario es de&nbsp;<strong>10 a 15 horas&nbsp;<\/strong>y los lunes la exposici\u00f3n permanece cerrada.&nbsp;<\/p>\n<p>El precio de la entrada general es&nbsp;<strong>3 euros&nbsp;<\/strong>mientras que la entrada reducida es de&nbsp;<strong>1,5 euros.&nbsp;<\/strong>Se pueden adquirir las entradas en la taquilla del Museo y en su <a href=\"http:\/\/www.museosorolla.es\">web.<\/a>&nbsp;<\/p>\n\n\n<p><\/p>\n","protected":false},"excerpt":{"rendered":"<p>Se podr\u00e1 visitar hasta el 2 de octubre. <\/p>\n","protected":false},"author":15,"featured_media":43071,"comment_status":"open","ping_status":"open","sticky":false,"template":"","format":"standard","meta":{"footnotes":""},"categories":[111,115,119],"tags":[],"class_list":{"0":"post-43070","1":"post","2":"type-post","3":"status-publish","4":"format-standard","5":"has-post-thumbnail","7":"category-exposiciones-madrid","8":"category-planes-del-momento-madrid","9":"category-portada"},"_links":{"self":[{"href":"https:\/\/www.vidademadrid.com\/es\/wp-json\/wp\/v2\/posts\/43070","targetHints":{"allow":["GET"]}}],"collection":[{"href":"https:\/\/www.vidademadrid.com\/es\/wp-json\/wp\/v2\/posts"}],"about":[{"href":"https:\/\/www.vidademadrid.com\/es\/wp-json\/wp\/v2\/types\/post"}],"author":[{"embeddable":true,"href":"https:\/\/www.vidademadrid.com\/es\/wp-json\/wp\/v2\/users\/15"}],"replies":[{"embeddable":true,"href":"https:\/\/www.vidademadrid.com\/es\/wp-json\/wp\/v2\/comments?post=43070"}],"version-history":[{"count":2,"href":"https:\/\/www.vidademadrid.com\/es\/wp-json\/wp\/v2\/posts\/43070\/revisions"}],"predecessor-version":[{"id":43078,"href":"https:\/\/www.vidademadrid.com\/es\/wp-json\/wp\/v2\/posts\/43070\/revisions\/43078"}],"wp:featuredmedia":[{"embeddable":true,"href":"https:\/\/www.vidademadrid.com\/es\/wp-json\/wp\/v2\/media\/43071"}],"wp:attachment":[{"href":"https:\/\/www.vidademadrid.com\/es\/wp-json\/wp\/v2\/media?parent=43070"}],"wp:term":[{"taxonomy":"category","embeddable":true,"href":"https:\/\/www.vidademadrid.com\/es\/wp-json\/wp\/v2\/categories?post=43070"},{"taxonomy":"post_tag","embeddable":true,"href":"https:\/\/www.vidademadrid.com\/es\/wp-json\/wp\/v2\/tags?post=43070"}],"curies":[{"name":"wp","href":"https:\/\/api.w.org\/{rel}","templated":true}]}}