{"id":43008,"date":"2022-06-20T13:02:05","date_gmt":"2022-06-20T11:02:05","guid":{"rendered":"https:\/\/www.vidademadrid.com\/es\/?p=43008"},"modified":"2022-06-20T13:02:23","modified_gmt":"2022-06-20T11:02:23","slug":"cumbre-otan-madrid-2022-ciudad-bloqueada-lugar-fechas","status":"publish","type":"post","link":"https:\/\/www.vidademadrid.com\/es\/43008\/cumbre-otan-madrid-2022-ciudad-bloqueada-lugar-fechas\/","title":{"rendered":"La movilidad en Madrid se alterar\u00e1 durante la cumbre de la OTAN"},"content":{"rendered":"<p>Madrid ser\u00e1 la sede de la&nbsp;<strong>cumbre de la OTAN&nbsp;<\/strong>del&nbsp;<strong>28 al 30 de junio.&nbsp;<\/strong>Durante estos d\u00edas la movilidad en la ciudad se ver\u00e1 muy alterada debido a los operativos de seguridad y los eventos que se llevar\u00e1n a cabo en&nbsp;<strong>distintos puntos de la ciudad.&nbsp;<\/strong>Conoce toda la informaci\u00f3n en este art\u00edculo.&nbsp;<\/p>\n<h2>Movilidad en Madrid durante la cumbre de la OTAN&nbsp;<\/h2>\n\n<script async=\"\" src=\"https:\/\/pagead2.googlesyndication.com\/pagead\/js\/adsbygoogle.js\"><\/script> <ins class=\"adsbygoogle\" style=\"display:block\" data-ad-format=\"fluid\" data-ad-layout-key=\"-7f+eo+1+2-5\" data-ad-client=\"ca-pub-7450064428034605\" data-ad-slot=\"7327027071\"><\/ins><script>(adsbygoogle = window.adsbygoogle || []).push({});<\/script>\n\n<p>El Gobierno ha pedido a los ciudadanos trasladarse en&nbsp;<strong>transporte p\u00fablico&nbsp;<\/strong>durante los d\u00edas que dura la&nbsp;<strong>cumbre de la OTAN <\/strong>que se celebrar\u00e1 en Madrid. Del&nbsp;<strong>28 al 30 de junio&nbsp;<\/strong>m\u00e1s de&nbsp;<strong>2 mil visitantes internacionales <\/strong>llegar\u00e1n a la ciudad para ser parte de la agenda de esta importante cumbre.&nbsp;<\/p>\n<p>Una gran parte de los eventos previstos para la&nbsp;<strong>cumbre&nbsp;<\/strong>se celebrar\u00e1n en el recinto ferial de&nbsp;<strong>IFEMA <\/strong>por lo que se estudia una&nbsp;<strong>suspensi\u00f3n parcial&nbsp;<\/strong>de la circulaci\u00f3n de la<strong> l\u00ednea 8<\/strong> de Metro. Adem\u00e1s, debido a que habr\u00e1 cierre de carriles en las principales v\u00edas de Madrid y el trasiego de veh\u00edculos de las comitivas, el Gobierno ha anunciado una alteraci\u00f3n de la movilidad en la ciudad ya que hay eventos en distintos puntos.&nbsp;<\/p>\n<h2>Programa Cumbre de la OTAN Madrid 2022<\/h2>\n\n<script async=\"\" src=\"https:\/\/pagead2.googlesyndication.com\/pagead\/js\/adsbygoogle.js\"><\/script> <ins class=\"adsbygoogle\" style=\"display:block; text-align:center;\" data-ad-layout=\"in-article\" data-ad-format=\"fluid\" data-ad-client=\"ca-pub-7450064428034605\" data-ad-slot=\"5670045061\"><\/ins> <script>(adsbygoogle = window.adsbygoogle || []).push({});<\/script>\n\n\n<p>Aunque muchos de los l\u00edderes mundiales llegar\u00e1n a Madrid desde&nbsp;el&nbsp;<strong>27 de junio,&nbsp;<\/strong>el martes 28 arrancar\u00e1 la agenda. Los eventos se llevar\u00e1n a cabo en su mayor\u00eda en el recinto ferial <strong>IFEMA,&nbsp;<\/strong>aunque tambi\u00e9n habr\u00e1 encuentros en otros lugares de la ciudad como el&nbsp;<strong>Palacio de la Moncloa; <\/strong>el&nbsp;<strong>Palacio Real,&nbsp;<\/strong>donde habr\u00e1 una cena organizada por los reyes; el&nbsp;<strong>Palacio de Santa Cruz,&nbsp;<\/strong>sede del ministerio de Asuntos Exteriores. Tambi\u00e9n, el&nbsp;<strong>Museo del Prado,&nbsp;<\/strong>el&nbsp;<strong>Aeropuerto de Barajas,&nbsp;<\/strong>el&nbsp;<strong>Teatro Real,&nbsp;<\/strong>el&nbsp;<strong>Museo Reina Sof\u00eda,&nbsp;<\/strong>la<strong> base militar<\/strong> de Torrej\u00f3n y la&nbsp;<strong>Real F\u00e1brica de Cristales de La Granja&nbsp;<\/strong>en Segovia.&nbsp;<\/p>\n<p>Adem\u00e1s de los lugares en los que se llevar\u00e1n a cabo estos eventos, hay una <strong>veintena de hoteles&nbsp;<\/strong>en los que se alojar\u00e1n los visitantes. Para salvaguardar la seguridad de las diferentes delegaciones durante sus traslados, empezar\u00e1 el operativo el <strong>27 de junio,&nbsp;<\/strong>en el que participar\u00e1n 48 c\u00e1psulas de seguridad con <strong>270 polic\u00edas<\/strong>. Tambi\u00e9n, se dispondr\u00e1n de<strong> 10 mil agentes<\/strong> que estar\u00e1n encargados de la seguridad durante estos d\u00edas, siendo el mayor despliegue de seguridad de la historia reciente.&nbsp;&nbsp;<\/p>\n\n\n<p><\/p>\n","protected":false},"excerpt":{"rendered":"<p>El operativo entrar\u00e1 en vigor desde el 27 de junio. <\/p>\n","protected":false},"author":15,"featured_media":43011,"comment_status":"open","ping_status":"open","sticky":false,"template":"","format":"standard","meta":{"footnotes":""},"categories":[12],"tags":[],"class_list":{"0":"post-43008","1":"post","2":"type-post","3":"status-publish","4":"format-standard","5":"has-post-thumbnail","7":"category-actualidad-noticias-madrid"},"_links":{"self":[{"href":"https:\/\/www.vidademadrid.com\/es\/wp-json\/wp\/v2\/posts\/43008","targetHints":{"allow":["GET"]}}],"collection":[{"href":"https:\/\/www.vidademadrid.com\/es\/wp-json\/wp\/v2\/posts"}],"about":[{"href":"https:\/\/www.vidademadrid.com\/es\/wp-json\/wp\/v2\/types\/post"}],"author":[{"embeddable":true,"href":"https:\/\/www.vidademadrid.com\/es\/wp-json\/wp\/v2\/users\/15"}],"replies":[{"embeddable":true,"href":"https:\/\/www.vidademadrid.com\/es\/wp-json\/wp\/v2\/comments?post=43008"}],"version-history":[{"count":1,"href":"https:\/\/www.vidademadrid.com\/es\/wp-json\/wp\/v2\/posts\/43008\/revisions"}],"predecessor-version":[{"id":43012,"href":"https:\/\/www.vidademadrid.com\/es\/wp-json\/wp\/v2\/posts\/43008\/revisions\/43012"}],"wp:featuredmedia":[{"embeddable":true,"href":"https:\/\/www.vidademadrid.com\/es\/wp-json\/wp\/v2\/media\/43011"}],"wp:attachment":[{"href":"https:\/\/www.vidademadrid.com\/es\/wp-json\/wp\/v2\/media?parent=43008"}],"wp:term":[{"taxonomy":"category","embeddable":true,"href":"https:\/\/www.vidademadrid.com\/es\/wp-json\/wp\/v2\/categories?post=43008"},{"taxonomy":"post_tag","embeddable":true,"href":"https:\/\/www.vidademadrid.com\/es\/wp-json\/wp\/v2\/tags?post=43008"}],"curies":[{"name":"wp","href":"https:\/\/api.w.org\/{rel}","templated":true}]}}