{"id":42905,"date":"2022-06-16T19:06:48","date_gmt":"2022-06-16T17:06:48","guid":{"rendered":"https:\/\/www.vidademadrid.com\/es\/?p=42905"},"modified":"2022-06-16T19:06:55","modified_gmt":"2022-06-16T17:06:55","slug":"batalla-naval-vallecas-2022-fecha-fiestas-virgen-del-carmen","status":"publish","type":"post","link":"https:\/\/www.vidademadrid.com\/es\/42905\/batalla-naval-vallecas-2022-fecha-fiestas-virgen-del-carmen\/","title":{"rendered":"Vuelve la Batalla Naval de Vallecas 2022"},"content":{"rendered":"\n<p>Los vallecanos y vallecanas vuelven a sacar \u00absus cubos de agua\u00bb para celebrar la <strong>Batalla Naval de Vallecas<\/strong>. Un acontecimiento hist\u00f3rico que vuelve despu\u00e9s de 2 a\u00f1os sin poder celebrarse. Te lo contamos todo en este art\u00edculo.&nbsp;<\/p>\n\n\n\n<h2 class=\"wp-block-heading\">Vuelve la Batalla Naval de Vallecas&nbsp;<\/h2>\n\n\n\n<script async src=\"https:\/\/pagead2.googlesyndication.com\/pagead\/js\/adsbygoogle.js\"><\/script> <ins class=\"adsbygoogle\"  style=\"display:block\" data-ad-format=\"fluid\" data-ad-layout-key=\"-7f+eo+1+2-5\" data-ad-client=\"ca-pub-7450064428034605\" data-ad-slot=\"7327027071\"><\/ins><script>(adsbygoogle = window.adsbygoogle || []).push({});<\/script>\n\n\n\n<p>Despu\u00e9s de dos a\u00f1os de pandemia, la Batalla Naval de Vallecas <strong>regresa el domingo 17 de julio<\/strong> con su edici\u00f3n n\u00famero 38. En esta celebraci\u00f3n el agua es la protagonista y los vallecanos y vallecanas se tiran agua simbolizando aquel d\u00eda de 1982 cuando \u00abel mar lleg\u00f3 a Vallecas\u00bb. Una \u201cbatalla de agua\u201d que adem\u00e1s coincide con las fiestas populares de la Virgen del Carmen que no dejar\u00e1 a ni un solo asistente seco.<\/p>\n\n\n\n<figure class=\"wp-block-embed is-type-rich is-provider-twitter wp-block-embed-twitter\"><div class=\"wp-block-embed__wrapper\">\n<blockquote class=\"twitter-tweet\" data-width=\"550\" data-dnt=\"true\"><p lang=\"es\" dir=\"ltr\">VUELVE la BATALLA NAVAL de VALLEKAS<br>Ya pod\u00e9is reservar las camisetas del 40 aniversario:<a href=\"https:\/\/twitter.com\/hashtag\/BatallaNavalVK2022?src=hash&amp;ref_src=twsrc%5Etfw\">#BatallaNavalVK2022<\/a><br>Haz tu reserva hasta el 20 de junio.<br>Tres puntos de venta en VK:<br>Tambi\u00e9n por correo electr\u00f3nico: camisetasBNVK22@gmail.com<a href=\"https:\/\/twitter.com\/hashtag\/VallekasPuertoDeMar?src=hash&amp;ref_src=twsrc%5Etfw\">#VallekasPuertoDeMar<\/a><a href=\"https:\/\/twitter.com\/hashtag\/40a%C3%B1osdeutop%C3%ADa?src=hash&amp;ref_src=twsrc%5Etfw\">#40a\u00f1osdeutop\u00eda<\/a> <a href=\"https:\/\/t.co\/rUCiIjCXF6\">pic.twitter.com\/rUCiIjCXF6<\/a><\/p>&mdash; Cofradia Marinera VK (@cofradiavk) <a href=\"https:\/\/twitter.com\/cofradiavk\/status\/1522262547151441921?ref_src=twsrc%5Etfw\">May 5, 2022<\/a><\/blockquote><script async src=\"https:\/\/platform.twitter.com\/widgets.js\" charset=\"utf-8\"><\/script>\n<\/div><\/figure>\n\n\n\n<h2 class=\"wp-block-heading\">Historia de la Batalla Naval de Vallecas&nbsp;<\/h2>\n\n\n\n<script async src=\"https:\/\/pagead2.googlesyndication.com\/pagead\/js\/adsbygoogle.js\"><\/script> <ins class=\"adsbygoogle\" style=\"display:block; text-align:center;\" data-ad-layout=\"in-article\" data-ad-format=\"fluid\" data-ad-client=\"ca-pub-7450064428034605\" data-ad-slot=\"5670045061\"><\/ins> <script>(adsbygoogle = window.adsbygoogle || []).push({});<\/script>\n\n\n\n<p>La Batalla Naval de Vallecas es una fiesta que se celebra en el <strong>distrito de Puente de Vallecas<\/strong>. La primera edici\u00f3n tuvo lugar el 1982 cuando un grupo de j\u00f3venes que disfrutaban de las Fiestas del Carmen decidieron combatir el calor ech\u00e1ndose agua con las bocas de riego de la calle Pe\u00f1a Gorbea (conocida popularmente como el Bulevar de&nbsp;Vallecas).<\/p>\n\n\n\n<p>De este ba\u00f1o improvisado surgi\u00f3 la reivindicaci\u00f3n del \u00abPuerto de mar para Vallekas\u00bb. Y desde entonces es una fiesta que se celebra todos los a\u00f1os el domingo del segundo o tercer fin de semana de julio.&nbsp;<\/p>\n","protected":false},"excerpt":{"rendered":"<p>Despu\u00e9s de 2 a\u00f1os sin celebrarse <\/p>\n","protected":false},"author":13,"featured_media":42941,"comment_status":"open","ping_status":"open","sticky":false,"template":"","format":"standard","meta":{"footnotes":""},"categories":[11],"tags":[],"class_list":{"0":"post-42905","1":"post","2":"type-post","3":"status-publish","4":"format-standard","5":"has-post-thumbnail","7":"category-eventos-madrid"},"_links":{"self":[{"href":"https:\/\/www.vidademadrid.com\/es\/wp-json\/wp\/v2\/posts\/42905","targetHints":{"allow":["GET"]}}],"collection":[{"href":"https:\/\/www.vidademadrid.com\/es\/wp-json\/wp\/v2\/posts"}],"about":[{"href":"https:\/\/www.vidademadrid.com\/es\/wp-json\/wp\/v2\/types\/post"}],"author":[{"embeddable":true,"href":"https:\/\/www.vidademadrid.com\/es\/wp-json\/wp\/v2\/users\/13"}],"replies":[{"embeddable":true,"href":"https:\/\/www.vidademadrid.com\/es\/wp-json\/wp\/v2\/comments?post=42905"}],"version-history":[{"count":3,"href":"https:\/\/www.vidademadrid.com\/es\/wp-json\/wp\/v2\/posts\/42905\/revisions"}],"predecessor-version":[{"id":42942,"href":"https:\/\/www.vidademadrid.com\/es\/wp-json\/wp\/v2\/posts\/42905\/revisions\/42942"}],"wp:featuredmedia":[{"embeddable":true,"href":"https:\/\/www.vidademadrid.com\/es\/wp-json\/wp\/v2\/media\/42941"}],"wp:attachment":[{"href":"https:\/\/www.vidademadrid.com\/es\/wp-json\/wp\/v2\/media?parent=42905"}],"wp:term":[{"taxonomy":"category","embeddable":true,"href":"https:\/\/www.vidademadrid.com\/es\/wp-json\/wp\/v2\/categories?post=42905"},{"taxonomy":"post_tag","embeddable":true,"href":"https:\/\/www.vidademadrid.com\/es\/wp-json\/wp\/v2\/tags?post=42905"}],"curies":[{"name":"wp","href":"https:\/\/api.w.org\/{rel}","templated":true}]}}