{"id":42837,"date":"2022-06-13T17:36:34","date_gmt":"2022-06-13T15:36:34","guid":{"rendered":"https:\/\/www.vidademadrid.com\/es\/?p=42837"},"modified":"2022-06-13T17:41:38","modified_gmt":"2022-06-13T15:41:38","slug":"parte-madrid-nuevo-norte-estacion-chamartin-fotos","status":"publish","type":"post","link":"https:\/\/www.vidademadrid.com\/es\/42837\/parte-madrid-nuevo-norte-estacion-chamartin-fotos\/","title":{"rendered":"As\u00ed ser\u00e1 el parque Madrid Nuevo Norte"},"content":{"rendered":"\n<p>Ya conocemos algunos detalles de c\u00f3mo quedar\u00e1 el <strong>parque de Madrid Nuevo Norte<\/strong>. Un proyecto que <strong>se levantar\u00e1 sobre las actuales v\u00edas de la Estaci\u00f3n de Chamart\u00edn<\/strong>. &nbsp;Sigue leyendo y desc\u00fabrelo todo en este art\u00edculo.<\/p>\n\n\n\n<h2 class=\"wp-block-heading\">Parque Madrid Nuevo Norte<\/h2>\n\n\n\n<script async=\"\" src=\"https:\/\/pagead2.googlesyndication.com\/pagead\/js\/adsbygoogle.js\"><\/script> <ins class=\"adsbygoogle\" style=\"display:block\" data-ad-format=\"fluid\" data-ad-layout-key=\"-7f+eo+1+2-5\" data-ad-client=\"ca-pub-7450064428034605\" data-ad-slot=\"7327027071\"><\/ins><script>(adsbygoogle = window.adsbygoogle || []).push({});<\/script>\n\n\n\n<p>El proyecto de <strong>Madrid Nuevo Norte<\/strong> tendr\u00e1 un parque central dise\u00f1ado por los <strong>estudios WEST 8 y Porras Guadiana Arquitectos<\/strong>. Este nuevo espacio verde se levantar\u00e1 sobre el terreno que actualmente ocupan las v\u00edas de la Estaci\u00f3n de Chamart\u00edn.<\/p>\n\n\n\n<p>El parque <strong>ocupar\u00e1 14,5 hect\u00e1reas de superficie<\/strong> y contar\u00e1 con un <strong>jard\u00edn vertical<\/strong> en forma de espiral que se construir\u00e1 sobre las copas de los \u00e1rboles. Tal y como ha recalcado el alcalde la la Comunidad de Madrid, Jos\u00e9 Luis Mart\u00ednez-Almeida, este espacio natural se convertir\u00e1 en el pr\u00f3ximo \u201cs\u00edmbolo de la transformaci\u00f3n urbana de la capital\u201d.<\/p>\n\n\n\n<h2 class=\"wp-block-heading\">As\u00ed ser\u00e1 el nuevo parque Madrid Nuevo Norte<\/h2>\n\n\n\n<script async=\"\" src=\"https:\/\/pagead2.googlesyndication.com\/pagead\/js\/adsbygoogle.js\"><\/script> <ins class=\"adsbygoogle\" style=\"display:block; text-align:center;\" data-ad-layout=\"in-article\" data-ad-format=\"fluid\" data-ad-client=\"ca-pub-7450064428034605\" data-ad-slot=\"5670045061\"><\/ins> <script>(adsbygoogle = window.adsbygoogle || []).push({});<\/script>\n\n\n\n<p>Aqu\u00ed te dejamos las <strong>fotos del proyecto del Parque Madrid Nuevo Norte<\/strong>. Un espacio natural que sin duda se convertir\u00e1 en el pr\u00f3ximo punto de encuentro para madrile\u00f1os y turistas.&nbsp;<\/p>\n\n\n\n<figure class=\"wp-block-gallery columns-1 is-cropped wp-block-gallery-1 is-layout-flex wp-block-gallery-is-layout-flex\"><ul class=\"blocks-gallery-grid\"><li class=\"blocks-gallery-item\"><figure><img loading=\"lazy\" decoding=\"async\" width=\"1500\" height=\"938\" src=\"https:\/\/www.vidademadrid.com\/es\/wp-content\/uploads\/2022\/06\/W8_Parque-Central-MNN_Bosque-Urbano-1500x938-1.jpg\" alt=\"\" data-id=\"42840\" class=\"wp-image-42840\" srcset=\"https:\/\/www.vidademadrid.com\/es\/wp-content\/uploads\/2022\/06\/W8_Parque-Central-MNN_Bosque-Urbano-1500x938-1.jpg 1500w, https:\/\/www.vidademadrid.com\/es\/wp-content\/uploads\/2022\/06\/W8_Parque-Central-MNN_Bosque-Urbano-1500x938-1-300x188.jpg 300w, https:\/\/www.vidademadrid.com\/es\/wp-content\/uploads\/2022\/06\/W8_Parque-Central-MNN_Bosque-Urbano-1500x938-1-1024x640.jpg 1024w, https:\/\/www.vidademadrid.com\/es\/wp-content\/uploads\/2022\/06\/W8_Parque-Central-MNN_Bosque-Urbano-1500x938-1-768x480.jpg 768w, https:\/\/www.vidademadrid.com\/es\/wp-content\/uploads\/2022\/06\/W8_Parque-Central-MNN_Bosque-Urbano-1500x938-1-696x435.jpg 696w, https:\/\/www.vidademadrid.com\/es\/wp-content\/uploads\/2022\/06\/W8_Parque-Central-MNN_Bosque-Urbano-1500x938-1-1068x668.jpg 1068w, https:\/\/www.vidademadrid.com\/es\/wp-content\/uploads\/2022\/06\/W8_Parque-Central-MNN_Bosque-Urbano-1500x938-1-672x420.jpg 672w\" sizes=\"auto, (max-width: 1500px) 100vw, 1500px\" \/><\/figure><\/li><li class=\"blocks-gallery-item\"><figure><img loading=\"lazy\" decoding=\"async\" width=\"750\" height=\"400\" src=\"https:\/\/www.vidademadrid.com\/es\/wp-content\/uploads\/2022\/06\/W8_Parque-Central-MNN_El-Paseo-750x400-1.jpg\" alt=\"\" data-id=\"42839\" class=\"wp-image-42839\" srcset=\"https:\/\/www.vidademadrid.com\/es\/wp-content\/uploads\/2022\/06\/W8_Parque-Central-MNN_El-Paseo-750x400-1.jpg 750w, https:\/\/www.vidademadrid.com\/es\/wp-content\/uploads\/2022\/06\/W8_Parque-Central-MNN_El-Paseo-750x400-1-300x160.jpg 300w, https:\/\/www.vidademadrid.com\/es\/wp-content\/uploads\/2022\/06\/W8_Parque-Central-MNN_El-Paseo-750x400-1-696x371.jpg 696w\" sizes=\"auto, (max-width: 750px) 100vw, 750px\" \/><\/figure><\/li><li class=\"blocks-gallery-item\"><figure><img loading=\"lazy\" decoding=\"async\" width=\"750\" height=\"400\" src=\"https:\/\/www.vidademadrid.com\/es\/wp-content\/uploads\/2022\/06\/W8_Parque-Central-MNN_El-bulevar-750x400-1.jpg\" alt=\"\" data-id=\"42838\" class=\"wp-image-42838\" srcset=\"https:\/\/www.vidademadrid.com\/es\/wp-content\/uploads\/2022\/06\/W8_Parque-Central-MNN_El-bulevar-750x400-1.jpg 750w, https:\/\/www.vidademadrid.com\/es\/wp-content\/uploads\/2022\/06\/W8_Parque-Central-MNN_El-bulevar-750x400-1-300x160.jpg 300w, https:\/\/www.vidademadrid.com\/es\/wp-content\/uploads\/2022\/06\/W8_Parque-Central-MNN_El-bulevar-750x400-1-696x371.jpg 696w\" sizes=\"auto, (max-width: 750px) 100vw, 750px\" \/><\/figure><\/li><li class=\"blocks-gallery-item\"><figure><img loading=\"lazy\" decoding=\"async\" width=\"750\" height=\"400\" src=\"https:\/\/www.vidademadrid.com\/es\/wp-content\/uploads\/2022\/06\/W8_Parque-Central-MNN_Vista-nocturna-1-750x400-1.jpg\" alt=\"\" data-id=\"42841\" class=\"wp-image-42841\" srcset=\"https:\/\/www.vidademadrid.com\/es\/wp-content\/uploads\/2022\/06\/W8_Parque-Central-MNN_Vista-nocturna-1-750x400-1.jpg 750w, https:\/\/www.vidademadrid.com\/es\/wp-content\/uploads\/2022\/06\/W8_Parque-Central-MNN_Vista-nocturna-1-750x400-1-300x160.jpg 300w, https:\/\/www.vidademadrid.com\/es\/wp-content\/uploads\/2022\/06\/W8_Parque-Central-MNN_Vista-nocturna-1-750x400-1-696x371.jpg 696w\" sizes=\"auto, (max-width: 750px) 100vw, 750px\" \/><\/figure><\/li><\/ul><\/figure>\n","protected":false},"excerpt":{"rendered":"<p>Con 14,5 hect\u00e1reas de superficie y un jard\u00edn vertical <\/p>\n","protected":false},"author":13,"featured_media":42845,"comment_status":"open","ping_status":"open","sticky":false,"template":"","format":"standard","meta":{"footnotes":""},"categories":[12],"tags":[],"class_list":{"0":"post-42837","1":"post","2":"type-post","3":"status-publish","4":"format-standard","5":"has-post-thumbnail","7":"category-actualidad-noticias-madrid"},"_links":{"self":[{"href":"https:\/\/www.vidademadrid.com\/es\/wp-json\/wp\/v2\/posts\/42837","targetHints":{"allow":["GET"]}}],"collection":[{"href":"https:\/\/www.vidademadrid.com\/es\/wp-json\/wp\/v2\/posts"}],"about":[{"href":"https:\/\/www.vidademadrid.com\/es\/wp-json\/wp\/v2\/types\/post"}],"author":[{"embeddable":true,"href":"https:\/\/www.vidademadrid.com\/es\/wp-json\/wp\/v2\/users\/13"}],"replies":[{"embeddable":true,"href":"https:\/\/www.vidademadrid.com\/es\/wp-json\/wp\/v2\/comments?post=42837"}],"version-history":[{"count":2,"href":"https:\/\/www.vidademadrid.com\/es\/wp-json\/wp\/v2\/posts\/42837\/revisions"}],"predecessor-version":[{"id":42847,"href":"https:\/\/www.vidademadrid.com\/es\/wp-json\/wp\/v2\/posts\/42837\/revisions\/42847"}],"wp:featuredmedia":[{"embeddable":true,"href":"https:\/\/www.vidademadrid.com\/es\/wp-json\/wp\/v2\/media\/42845"}],"wp:attachment":[{"href":"https:\/\/www.vidademadrid.com\/es\/wp-json\/wp\/v2\/media?parent=42837"}],"wp:term":[{"taxonomy":"category","embeddable":true,"href":"https:\/\/www.vidademadrid.com\/es\/wp-json\/wp\/v2\/categories?post=42837"},{"taxonomy":"post_tag","embeddable":true,"href":"https:\/\/www.vidademadrid.com\/es\/wp-json\/wp\/v2\/tags?post=42837"}],"curies":[{"name":"wp","href":"https:\/\/api.w.org\/{rel}","templated":true}]}}