{"id":42778,"date":"2022-06-10T11:03:58","date_gmt":"2022-06-10T09:03:58","guid":{"rendered":"https:\/\/www.vidademadrid.com\/es\/?p=42778"},"modified":"2022-06-10T11:41:20","modified_gmt":"2022-06-10T09:41:20","slug":"homenaje-deportados-campos-concentracion-madrid-ubicacion","status":"publish","type":"post","link":"https:\/\/www.vidademadrid.com\/es\/42778\/homenaje-deportados-campos-concentracion-madrid-ubicacion\/","title":{"rendered":"Se instalan 18 adoquines como homenaje a los vecinos que fueron deportados a campos de concentraci\u00f3n"},"content":{"rendered":"<p class=\"p1\">El <b>Ayuntamiento de Madrid <\/b>durante su pleno de junio ha aprobado la instalaci\u00f3n de <b>18 placas conmemorativas <\/b>como homenaje a los vecinos de los <b>seis barrios <\/b>del distrito Centro deportados a campos de concentraci\u00f3n alemanes. Conoce toda la informaci\u00f3n en este art\u00edculo.<\/p>\n<h2>Homenaje a los vecinos deportados<\/h2>\n<p><script async=\"\" src=\"https:\/\/pagead2.googlesyndication.com\/pagead\/js\/adsbygoogle.js\"><\/script> <ins class=\"adsbygoogle\" style=\"display: block;\" data-ad-format=\"fluid\" data-ad-layout-key=\"-7f+eo+1+2-5\" data-ad-client=\"ca-pub-7450064428034605\" data-ad-slot=\"7327027071\"><\/ins><script>(adsbygoogle = window.adsbygoogle || []).push({});<\/script><\/p>\n<p class=\"p1\">La instalaci\u00f3n de <b>18 placas conmemorativas, <\/b>conocidas como <i>stolpersteine, <\/i>son un homenaje a los vecinos que fueron deportados a <b>campos de concentraci\u00f3n alemanes. <\/b><\/p>\n<p class=\"p1\">Estos adoquines, que se incrustan en las aceras junto a las casas que habitaron los homenajeados, se suman a los <b>15 ya instalados el a\u00f1o pasado. <\/b><\/p>\n<p class=\"p1\">En la superficie de estos adoquines se puede leer \u2018Aqu\u00ed vivi\u00f3\u2026\u2019 donde se detallan el <b>nombre de la persona, su fecha de nacimiento, el lugar de exilio as\u00ed como la fecha en la que fue liberada o asesinada. <\/b><\/p>\n<h2>Ubicaci\u00f3n de los adoquines<\/h2>\n<p><script async=\"\" src=\"https:\/\/pagead2.googlesyndication.com\/pagead\/js\/adsbygoogle.js\"><\/script> <ins class=\"adsbygoogle\" style=\"display: block; text-align: center;\" data-ad-layout=\"in-article\" data-ad-format=\"fluid\" data-ad-client=\"ca-pub-7450064428034605\" data-ad-slot=\"5670045061\"><\/ins> <script>(adsbygoogle = window.adsbygoogle || []).push({});<\/script><\/p>\n<p class=\"p1\">La cuenta de Isolpersteine, encargada de llevar este proyecto de memoria hist\u00f3rica, en Twitter ha publicado un mapa que re\u00fane la ubicaci\u00f3n de todas las placas conmemorativas de la ciudad de Madrid. As\u00ed como los nombres de cada uno de los homenajeados.<\/p>\n<p><iframe loading=\"lazy\" src=\"https:\/\/www.google.com\/maps\/d\/embed?mid=1sNDHdilui-SRKrXW_zIgfD9Pp9bUmdKl&amp;ehbc=2E312F\" width=\"640\" height=\"480\"><\/iframe><\/p>\n","protected":false},"excerpt":{"rendered":"<p>Se suman a las 15 instaladas el a\u00f1o pasado. <\/p>\n","protected":false},"author":15,"featured_media":42781,"comment_status":"open","ping_status":"open","sticky":false,"template":"","format":"standard","meta":{"footnotes":""},"categories":[12],"tags":[],"class_list":{"0":"post-42778","1":"post","2":"type-post","3":"status-publish","4":"format-standard","5":"has-post-thumbnail","7":"category-actualidad-noticias-madrid"},"_links":{"self":[{"href":"https:\/\/www.vidademadrid.com\/es\/wp-json\/wp\/v2\/posts\/42778","targetHints":{"allow":["GET"]}}],"collection":[{"href":"https:\/\/www.vidademadrid.com\/es\/wp-json\/wp\/v2\/posts"}],"about":[{"href":"https:\/\/www.vidademadrid.com\/es\/wp-json\/wp\/v2\/types\/post"}],"author":[{"embeddable":true,"href":"https:\/\/www.vidademadrid.com\/es\/wp-json\/wp\/v2\/users\/15"}],"replies":[{"embeddable":true,"href":"https:\/\/www.vidademadrid.com\/es\/wp-json\/wp\/v2\/comments?post=42778"}],"version-history":[{"count":2,"href":"https:\/\/www.vidademadrid.com\/es\/wp-json\/wp\/v2\/posts\/42778\/revisions"}],"predecessor-version":[{"id":42786,"href":"https:\/\/www.vidademadrid.com\/es\/wp-json\/wp\/v2\/posts\/42778\/revisions\/42786"}],"wp:featuredmedia":[{"embeddable":true,"href":"https:\/\/www.vidademadrid.com\/es\/wp-json\/wp\/v2\/media\/42781"}],"wp:attachment":[{"href":"https:\/\/www.vidademadrid.com\/es\/wp-json\/wp\/v2\/media?parent=42778"}],"wp:term":[{"taxonomy":"category","embeddable":true,"href":"https:\/\/www.vidademadrid.com\/es\/wp-json\/wp\/v2\/categories?post=42778"},{"taxonomy":"post_tag","embeddable":true,"href":"https:\/\/www.vidademadrid.com\/es\/wp-json\/wp\/v2\/tags?post=42778"}],"curies":[{"name":"wp","href":"https:\/\/api.w.org\/{rel}","templated":true}]}}