{"id":42748,"date":"2022-06-08T18:32:37","date_gmt":"2022-06-08T16:32:37","guid":{"rendered":"https:\/\/www.vidademadrid.com\/es\/?p=42748"},"modified":"2022-06-08T18:32:51","modified_gmt":"2022-06-08T16:32:51","slug":"agencia-espacial-espanola-nueva-sede-madrid-robledo-de-chavela","status":"publish","type":"post","link":"https:\/\/www.vidademadrid.com\/es\/42748\/agencia-espacial-espanola-nueva-sede-madrid-robledo-de-chavela\/","title":{"rendered":"Dos localidades de Madrid entre las candidatas para ser la sede de la nueva Agencia Espacial Espa\u00f1ola"},"content":{"rendered":"\n<p>El 27 de mayo de 2021 el Gobierno de Espa\u00f1a anunciaba la creaci\u00f3n de una <strong>Agencia Espacial Espa\u00f1ola.&nbsp;<\/strong>Ahora en 2022, son <strong>dos localidades de Madrid<\/strong> las que <strong>han presentado su candidatura para convertirse en sede<\/strong>. Te lo contamos todo en este art\u00edculo.&nbsp;<\/p>\n\n\n\n<h2 class=\"wp-block-heading\">La nueva Agencia Espacial Espa\u00f1ola<\/h2>\n\n\n\n<script async src=\"https:\/\/pagead2.googlesyndication.com\/pagead\/js\/adsbygoogle.js\"><\/script> <ins class=\"adsbygoogle\"  style=\"display:block\" data-ad-format=\"fluid\" data-ad-layout-key=\"-7f+eo+1+2-5\" data-ad-client=\"ca-pub-7450064428034605\" data-ad-slot=\"7327027071\"><\/ins><script>(adsbygoogle = window.adsbygoogle || []).push({});<\/script>\n\n\n\n<p>En 2021 el Gobierno anunci\u00f3 la creaci\u00f3n de una <strong>Agencia Espacial Espa\u00f1ola<\/strong> necesaria para gestionar todo lo relativo con el programa espacial de Espa\u00f1a. Por el momento dos localidades de la Comunidad de Madrid son las principales candidatas para albergar esta Agencia Espacial. Una vez se elija la sede oficial, se espera que est\u00e9 lista en un a\u00f1o y amparada entonces por la futura Ley de la Ciencia.&nbsp;<\/p>\n\n\n\n<h2 class=\"wp-block-heading\">Candidatas para la sede de la Agencia Espacial Espa\u00f1ola<\/h2>\n\n\n\n<script async src=\"https:\/\/pagead2.googlesyndication.com\/pagead\/js\/adsbygoogle.js\"><\/script> <ins class=\"adsbygoogle\" style=\"display:block; text-align:center;\" data-ad-layout=\"in-article\" data-ad-format=\"fluid\" data-ad-client=\"ca-pub-7450064428034605\" data-ad-slot=\"5670045061\"><\/ins> <script>(adsbygoogle = window.adsbygoogle || []).push({});<\/script>\n\n\n\n\n<p>Las dos localidades de la Comunidad de Madrid que han presentado su candidatura para convertirse en la sede de la Agencia Espacial Espa\u00f1ola han sido: <strong>Tres Cantos y Robledo de Chavela.<\/strong><\/p>\n\n\n\n<p>Por un lado, el pasado martes 7 de junio la presidenta de la Comunidad de Madrid, Isabel D\u00edaz Ayuso, apoyaba la <strong>candidatura presentada por el Ayuntamiento de Tres Cantos<\/strong> para convertirse en la nueva sede de la Agencia Espacial Espa\u00f1ola. La presidenta considera Tres Cantos una ubicaci\u00f3n id\u00f3nea.<\/p>\n\n\n\n<p>Por otro lado, la Junta del Gobierno Local del <strong>Ayuntamiento de Robledo de Chavela<\/strong> asegura poder superar la candidatura de Tres Cantos \u201cpor tener las infraestructuras convenientes y la localizaci\u00f3n id\u00f3nea\u201d.&nbsp;En la actualidad Robledo de Chavela alberga el 95% de las empresas madrile\u00f1as del sector aeroespacial, mientras que Tres Cantos cuenta con el 70%.<\/p>\n\n\n\n<p><strong>Estaremos pendientes de la resoluci\u00f3n<\/strong> para conocer cu\u00e1l de las dos podr\u00eda convertise en la nueva Agencia Espacial Espa\u00f1ola.<\/p>\n","protected":false},"excerpt":{"rendered":"<p>Que estar\u00eda lista en 1 a\u00f1o <\/p>\n","protected":false},"author":13,"featured_media":42750,"comment_status":"open","ping_status":"open","sticky":false,"template":"","format":"standard","meta":{"footnotes":""},"categories":[12],"tags":[],"class_list":{"0":"post-42748","1":"post","2":"type-post","3":"status-publish","4":"format-standard","5":"has-post-thumbnail","7":"category-actualidad-noticias-madrid"},"_links":{"self":[{"href":"https:\/\/www.vidademadrid.com\/es\/wp-json\/wp\/v2\/posts\/42748","targetHints":{"allow":["GET"]}}],"collection":[{"href":"https:\/\/www.vidademadrid.com\/es\/wp-json\/wp\/v2\/posts"}],"about":[{"href":"https:\/\/www.vidademadrid.com\/es\/wp-json\/wp\/v2\/types\/post"}],"author":[{"embeddable":true,"href":"https:\/\/www.vidademadrid.com\/es\/wp-json\/wp\/v2\/users\/13"}],"replies":[{"embeddable":true,"href":"https:\/\/www.vidademadrid.com\/es\/wp-json\/wp\/v2\/comments?post=42748"}],"version-history":[{"count":4,"href":"https:\/\/www.vidademadrid.com\/es\/wp-json\/wp\/v2\/posts\/42748\/revisions"}],"predecessor-version":[{"id":42757,"href":"https:\/\/www.vidademadrid.com\/es\/wp-json\/wp\/v2\/posts\/42748\/revisions\/42757"}],"wp:featuredmedia":[{"embeddable":true,"href":"https:\/\/www.vidademadrid.com\/es\/wp-json\/wp\/v2\/media\/42750"}],"wp:attachment":[{"href":"https:\/\/www.vidademadrid.com\/es\/wp-json\/wp\/v2\/media?parent=42748"}],"wp:term":[{"taxonomy":"category","embeddable":true,"href":"https:\/\/www.vidademadrid.com\/es\/wp-json\/wp\/v2\/categories?post=42748"},{"taxonomy":"post_tag","embeddable":true,"href":"https:\/\/www.vidademadrid.com\/es\/wp-json\/wp\/v2\/tags?post=42748"}],"curies":[{"name":"wp","href":"https:\/\/api.w.org\/{rel}","templated":true}]}}