{"id":42719,"date":"2022-06-07T18:23:00","date_gmt":"2022-06-07T16:23:00","guid":{"rendered":"https:\/\/www.vidademadrid.com\/es\/?p=42719"},"modified":"2022-06-16T16:43:56","modified_gmt":"2022-06-16T14:43:56","slug":"fiestas-calle-pez-2022-malasana-programa-actividades","status":"publish","type":"post","link":"https:\/\/www.vidademadrid.com\/es\/42719\/fiestas-calle-pez-2022-malasana-programa-actividades\/","title":{"rendered":"Vuelven las fiestas de la Calle Pez a Malasa\u00f1a"},"content":{"rendered":"\n<p>Despu\u00e9s de 2 a\u00f1os sin poder celebrarse, vuelven las <strong>fiestas de San Antonio a la calle Pez en Malasa\u00f1a<\/strong>. Un encuentro con actividades, actuaciones, juegos y mucho m\u00e1s. Te contamos todo en este art\u00edculo.<\/p>\n\n\n\n<h2 class=\"wp-block-heading\">Fiestas de la calle Pez en Malasa\u00f1a<\/h2>\n\n\n\n<script async src=\"https:\/\/pagead2.googlesyndication.com\/pagead\/js\/adsbygoogle.js\"><\/script> <ins class=\"adsbygoogle\"  style=\"display:block\" data-ad-format=\"fluid\" data-ad-layout-key=\"-7f+eo+1+2-5\" data-ad-client=\"ca-pub-7450064428034605\" data-ad-slot=\"7327027071\"><\/ins><script>(adsbygoogle = window.adsbygoogle || []).push({});<\/script>\n\n\n\n<p>Este a\u00f1o 2022, la <strong>Calle Pez<\/strong> ubicada en el barrio de <strong>Malasa\u00f1a<\/strong> vuelve a llenarse de <strong>m\u00fasicos, actuaciones, carreras, juegos y distintas actividades deportivas<\/strong>. Unas fiestas que se celebran con motivo de San Antonio y que se tendr\u00e1n lugar durante el <strong>viernes 10, s\u00e1bado 11 y domingo 12 de junio<\/strong>.<\/p>\n\n\n\n<p>Adem\u00e1s, como novedad, el encargado este a\u00f1o del preg\u00f3n de estas fiestas ser\u00e1 el cineasta Juanjo Castro.<\/p>\n\n\n\n<div class=\"wp-block-image\"><figure class=\"aligncenter\"><a href=\"https:\/\/www.vidademadrid.com\/es\/wp-content\/uploads\/2022\/06\/Captura-de-pantalla-2022-06-07-a-las-18.06.01.png\"><img loading=\"lazy\" decoding=\"async\" width=\"542\" height=\"680\" src=\"https:\/\/www.vidademadrid.com\/es\/wp-content\/uploads\/2022\/06\/Captura-de-pantalla-2022-06-07-a-las-18.06.01.png\" alt=\"\" class=\"wp-image-42722\" srcset=\"https:\/\/www.vidademadrid.com\/es\/wp-content\/uploads\/2022\/06\/Captura-de-pantalla-2022-06-07-a-las-18.06.01.png 542w, https:\/\/www.vidademadrid.com\/es\/wp-content\/uploads\/2022\/06\/Captura-de-pantalla-2022-06-07-a-las-18.06.01-239x300.png 239w, https:\/\/www.vidademadrid.com\/es\/wp-content\/uploads\/2022\/06\/Captura-de-pantalla-2022-06-07-a-las-18.06.01-335x420.png 335w\" sizes=\"auto, (max-width: 542px) 100vw, 542px\" \/><\/a><figcaption>Foto: Instagram @fiestaspez<\/figcaption><\/figure><\/div>\n\n\n\n<h2 class=\"wp-block-heading\">Programa Fiestas de la Calle Pez<\/h2>\n\n\n\n<script async src=\"https:\/\/pagead2.googlesyndication.com\/pagead\/js\/adsbygoogle.js\"><\/script> <ins class=\"adsbygoogle\" style=\"display:block; text-align:center;\" data-ad-layout=\"in-article\" data-ad-format=\"fluid\" data-ad-client=\"ca-pub-7450064428034605\" data-ad-slot=\"5670045061\"><\/ins> <script>(adsbygoogle = window.adsbygoogle || []).push({});<\/script>\n\n\n\n<p>Aqu\u00ed te dejamos la <strong>programaci\u00f3n completa<\/strong> con todas las <strong>actividades gratuitas<\/strong> que tendr\u00e1n lugar este fin de semana en esta calle muy pr\u00f3xima a Gran V\u00eda:<\/p>\n\n\n\n<p><strong>Viernes 10 de junio<\/strong><\/p>\n\n\n\n<p>La celebraci\u00f3n empezar\u00e1 en el Teatro Victoria (Calle del Pez, 17) con actividades infantiles y juveniles, la carrera popular, adem\u00e1s de otras actividades que ya est\u00e1n programadas para ese d\u00eda:<\/p>\n\n\n\n<ul class=\"wp-block-list\"><li>11.30 h: Actuaci\u00f3n de los Mayores del Centro Municipal Benito Mart\u00edn Lozano: baile espa\u00f1ol y variedades. Teatro Victoria (hasta las 13:30)<\/li><li>18.00 h: Carreras infantiles y juveniles. Participaci\u00f3n libre, C\/Luna con C\/San Roque (hasta las 19.00)<\/li><li>18.30 h: Urban Sport Malasa\u00f1a. Actividades deportivas infantiles y juveniles por Plaza Sta. Mar\u00eda Torres Acosta (hasta las 20.00)<\/li><li>19.00 h: Arias desde las ventanas de la Escuela Superior de Canto de Pez, entre San Bernardo y Cruz Verde (hasta las 19:30)<\/li><li>19.30 h: Preg\u00f3n de las fiestas en Plaza Carlos Cambronero y proyecci\u00f3n de&nbsp;<em>Me gusta Malasa\u00f1a<\/em>&nbsp;en Casa de Le\u00f3n, a cargo de Juanjo Castro<\/li><\/ul>\n\n\n\n<p><strong>S\u00e1bado 11 de junio<\/strong><\/p>\n\n\n\n<ul class=\"wp-block-list\"><li>11.30 h: Iniciaci\u00f3n al ajedrez. Asociaci\u00f3n La Did\u00e1ctica en la Plaza Carlos Cambronero<\/li><li>19.00 h: Microactuaciones&nbsp;<em>Empez\u00e9rate<\/em>, microteatro&nbsp;<em>Hormigas golosas<\/em>&nbsp;y&nbsp;<em>Cuentacuentos para todxs<\/em>&nbsp;(hasta las 22.00)<\/li><li>21.00 h: Coros Voces del Barrio y Villa0d\u00f3n en la Parroquia de San Idelfonso<\/li><\/ul>\n\n\n\n<p><strong>Domingo 12 de junio<\/strong><\/p>\n\n\n\n<ul class=\"wp-block-list\"><li>13.00 h: Sillas a la fresca:&nbsp;<em>Conociendo a mis vecinos<\/em>, en la Plaza Carlos Cambronero<\/li><li>13.00 h: Pasacalles de gaiteros en calle del Pez (hasta las 14.00)<\/li><li>19.30 h: Bollywood (hasta las 20.00)<\/li><li>20.00 h: Impro Flash a cargo de la Escuela La \u00cdntegra en la Plaza Carlos Cambronero<\/li><\/ul>\n\n\n\n<div class=\"wp-block-image\"><figure class=\"aligncenter\"><a href=\"https:\/\/www.vidademadrid.com\/es\/wp-content\/uploads\/2022\/06\/IMG_3085.jpg\"><img loading=\"lazy\" decoding=\"async\" width=\"828\" height=\"1023\" src=\"https:\/\/www.vidademadrid.com\/es\/wp-content\/uploads\/2022\/06\/IMG_3085.jpg\" alt=\"\" class=\"wp-image-42723\" srcset=\"https:\/\/www.vidademadrid.com\/es\/wp-content\/uploads\/2022\/06\/IMG_3085.jpg 828w, https:\/\/www.vidademadrid.com\/es\/wp-content\/uploads\/2022\/06\/IMG_3085-243x300.jpg 243w, https:\/\/www.vidademadrid.com\/es\/wp-content\/uploads\/2022\/06\/IMG_3085-768x949.jpg 768w, https:\/\/www.vidademadrid.com\/es\/wp-content\/uploads\/2022\/06\/IMG_3085-324x400.jpg 324w, https:\/\/www.vidademadrid.com\/es\/wp-content\/uploads\/2022\/06\/IMG_3085-696x860.jpg 696w, https:\/\/www.vidademadrid.com\/es\/wp-content\/uploads\/2022\/06\/IMG_3085-340x420.jpg 340w\" sizes=\"auto, (max-width: 828px) 100vw, 828px\" \/><\/a><figcaption>Cartel Programa Fiestas Calle Pez 2022<\/figcaption><\/figure><\/div>\n\n\n\n<p><\/p>\n","protected":false},"excerpt":{"rendered":"<p>Con m\u00fasica, actividades, juegos y mucho m\u00e1s<\/p>\n","protected":false},"author":13,"featured_media":42721,"comment_status":"open","ping_status":"open","sticky":false,"template":"","format":"standard","meta":{"footnotes":""},"categories":[101],"tags":[],"class_list":{"0":"post-42719","1":"post","2":"type-post","3":"status-publish","4":"format-standard","5":"has-post-thumbnail","7":"category-ferias-fiestas-mercados-madrid"},"_links":{"self":[{"href":"https:\/\/www.vidademadrid.com\/es\/wp-json\/wp\/v2\/posts\/42719","targetHints":{"allow":["GET"]}}],"collection":[{"href":"https:\/\/www.vidademadrid.com\/es\/wp-json\/wp\/v2\/posts"}],"about":[{"href":"https:\/\/www.vidademadrid.com\/es\/wp-json\/wp\/v2\/types\/post"}],"author":[{"embeddable":true,"href":"https:\/\/www.vidademadrid.com\/es\/wp-json\/wp\/v2\/users\/13"}],"replies":[{"embeddable":true,"href":"https:\/\/www.vidademadrid.com\/es\/wp-json\/wp\/v2\/comments?post=42719"}],"version-history":[{"count":2,"href":"https:\/\/www.vidademadrid.com\/es\/wp-json\/wp\/v2\/posts\/42719\/revisions"}],"predecessor-version":[{"id":42724,"href":"https:\/\/www.vidademadrid.com\/es\/wp-json\/wp\/v2\/posts\/42719\/revisions\/42724"}],"wp:featuredmedia":[{"embeddable":true,"href":"https:\/\/www.vidademadrid.com\/es\/wp-json\/wp\/v2\/media\/42721"}],"wp:attachment":[{"href":"https:\/\/www.vidademadrid.com\/es\/wp-json\/wp\/v2\/media?parent=42719"}],"wp:term":[{"taxonomy":"category","embeddable":true,"href":"https:\/\/www.vidademadrid.com\/es\/wp-json\/wp\/v2\/categories?post=42719"},{"taxonomy":"post_tag","embeddable":true,"href":"https:\/\/www.vidademadrid.com\/es\/wp-json\/wp\/v2\/tags?post=42719"}],"curies":[{"name":"wp","href":"https:\/\/api.w.org\/{rel}","templated":true}]}}