{"id":42713,"date":"2022-06-07T12:05:16","date_gmt":"2022-06-07T10:05:16","guid":{"rendered":"https:\/\/www.vidademadrid.com\/es\/?p=42713"},"modified":"2022-06-07T12:05:24","modified_gmt":"2022-06-07T10:05:24","slug":"cine-verano-la-bombilla-fescinal-programa-fechas-2022","status":"publish","type":"post","link":"https:\/\/www.vidademadrid.com\/es\/42713\/cine-verano-la-bombilla-fescinal-programa-fechas-2022\/","title":{"rendered":"Vuelve el Cine de verano La Bombilla 2022"},"content":{"rendered":"<p>El&nbsp;<strong>Cine de verano en la Bombilla&nbsp;<\/strong>vuelve este verano con distintas actividades para disfrutar del contenido art\u00edstico. Tambi\u00e9n conocido como&nbsp;<strong>Fescinal,&nbsp;<\/strong>el festival de cine al aire libre comenzar\u00e1 su temporada 2022 a finales de junio. Conoce toda la informaci\u00f3n en este art\u00edculo.<\/p>\n<h2>Cine de verano La Bombilla 2022<\/h2>\n\n<script async=\"\" src=\"https:\/\/pagead2.googlesyndication.com\/pagead\/js\/adsbygoogle.js\"><\/script> <ins class=\"adsbygoogle\" style=\"display:block\" data-ad-format=\"fluid\" data-ad-layout-key=\"-7f+eo+1+2-5\" data-ad-client=\"ca-pub-7450064428034605\" data-ad-slot=\"7327027071\"><\/ins><script>(adsbygoogle = window.adsbygoogle || []).push({});<\/script>\n\n<p>El&nbsp;<strong>cine de verano La Bombilla&nbsp;<\/strong>ya tiene fecha para su regreso este 2022. El&nbsp;<strong>29 de junio&nbsp;<\/strong>con una proyecci\u00f3n de la pel\u00edcula&nbsp;<strong>Canallas,<\/strong> que estar\u00e1 seguida por un coloquio. Aunque a\u00fan no han anunciado el programa completo para este verano, si sabemos el tipo de actividades que habr\u00e1 como encuentros con directores y actores espa\u00f1oles, drive in cinema, cine para los m\u00e1s peque\u00f1os, cine espa\u00f1ol y coloquio y cine con m\u00fasica en directo.&nbsp;<\/p>\n<p>As\u00ed, durante el verano se podr\u00e1 volver a&nbsp;<strong>La Bombilla&nbsp;<\/strong>para disfrutar del festival de cine a aire libre para todos los madrile\u00f1os. Aunque las actividades son para todos los p\u00fablicos, hay que tener en cuenta las clasificaciones de cada una de las pel\u00edculas. Los perros son bienvenidos siempre que est\u00e9n bien atados y no bloqueen el paso de las personas.&nbsp;<\/p>\n<h2>Cine de verano La Bombilla 2022: Entradas<\/h2>\n\n<script async=\"\" src=\"https:\/\/pagead2.googlesyndication.com\/pagead\/js\/adsbygoogle.js\"><\/script> <ins class=\"adsbygoogle\" style=\"display:block; text-align:center;\" data-ad-layout=\"in-article\" data-ad-format=\"fluid\" data-ad-client=\"ca-pub-7450064428034605\" data-ad-slot=\"5670045061\"><\/ins> <script>(adsbygoogle = window.adsbygoogle || []).push({});<\/script>\n\n<p>El&nbsp;<strong>cine de verano La Bombilla&nbsp;<\/strong>se encuentra en el Parque de la Bombilla y la entrada es por detr\u00e1s de las iglesias de San Antonio (Metro Principe P\u00edo). Las&nbsp;<strong>entradas&nbsp;<\/strong>se pueden comprar en la taquilla del cine o en la <a href=\"http:\/\/www.fescinal.es\">p\u00e1gina web<\/a> de Fescinal.&nbsp;<\/p>\n<p>Los costos de las entradas son&nbsp;<strong>lunes, martes, jueves y domingos&nbsp;<\/strong>5,5 euros; los <strong>mi\u00e9rcoles&nbsp;<\/strong>cuesta 4 euros; <strong>viernes y s\u00e1bado<\/strong> cuesta 6 y las proyecciones con m\u00fasica en directo tienen un costo de 8 euros.&nbsp;<\/p>\n\n\n<p><\/p>\n","protected":false},"excerpt":{"rendered":"<p>Volver\u00e1n con muchas actividades para disfrutar del cine.<\/p>\n","protected":false},"author":15,"featured_media":42714,"comment_status":"open","ping_status":"open","sticky":false,"template":"","format":"standard","meta":{"footnotes":""},"categories":[101],"tags":[],"class_list":{"0":"post-42713","1":"post","2":"type-post","3":"status-publish","4":"format-standard","5":"has-post-thumbnail","7":"category-ferias-fiestas-mercados-madrid"},"_links":{"self":[{"href":"https:\/\/www.vidademadrid.com\/es\/wp-json\/wp\/v2\/posts\/42713","targetHints":{"allow":["GET"]}}],"collection":[{"href":"https:\/\/www.vidademadrid.com\/es\/wp-json\/wp\/v2\/posts"}],"about":[{"href":"https:\/\/www.vidademadrid.com\/es\/wp-json\/wp\/v2\/types\/post"}],"author":[{"embeddable":true,"href":"https:\/\/www.vidademadrid.com\/es\/wp-json\/wp\/v2\/users\/15"}],"replies":[{"embeddable":true,"href":"https:\/\/www.vidademadrid.com\/es\/wp-json\/wp\/v2\/comments?post=42713"}],"version-history":[{"count":1,"href":"https:\/\/www.vidademadrid.com\/es\/wp-json\/wp\/v2\/posts\/42713\/revisions"}],"predecessor-version":[{"id":42715,"href":"https:\/\/www.vidademadrid.com\/es\/wp-json\/wp\/v2\/posts\/42713\/revisions\/42715"}],"wp:featuredmedia":[{"embeddable":true,"href":"https:\/\/www.vidademadrid.com\/es\/wp-json\/wp\/v2\/media\/42714"}],"wp:attachment":[{"href":"https:\/\/www.vidademadrid.com\/es\/wp-json\/wp\/v2\/media?parent=42713"}],"wp:term":[{"taxonomy":"category","embeddable":true,"href":"https:\/\/www.vidademadrid.com\/es\/wp-json\/wp\/v2\/categories?post=42713"},{"taxonomy":"post_tag","embeddable":true,"href":"https:\/\/www.vidademadrid.com\/es\/wp-json\/wp\/v2\/tags?post=42713"}],"curies":[{"name":"wp","href":"https:\/\/api.w.org\/{rel}","templated":true}]}}