{"id":42674,"date":"2022-06-06T17:25:52","date_gmt":"2022-06-06T15:25:52","guid":{"rendered":"https:\/\/www.vidademadrid.com\/es\/?p=42674"},"modified":"2022-06-06T17:26:05","modified_gmt":"2022-06-06T15:26:05","slug":"obras-puente-raimundo-fernandez-villaverde-novedades-movilidad","status":"publish","type":"post","link":"https:\/\/www.vidademadrid.com\/es\/42674\/obras-puente-raimundo-fernandez-villaverde-novedades-movilidad\/","title":{"rendered":"Obras en el Puente de Raimundo Fern\u00e1ndez Villaverde"},"content":{"rendered":"\n<p>A partir de hoy, lunes 6 de junio, y durante los meses de verano el <strong>Puente de Raimundo Fern\u00e1ndez Villaverde estar\u00e1 en obras<\/strong>. Descubre en este art\u00edculo las novedades de esta reparaci\u00f3n y c\u00f3mo puede afectar a la movilidad.&nbsp;<\/p>\n\n\n\n<h2 class=\"wp-block-heading\">Obras en el Puente de Raimundo Fern\u00e1ndez Villaverde<\/h2>\n\n\n\n<script async src=\"https:\/\/pagead2.googlesyndication.com\/pagead\/js\/adsbygoogle.js\"><\/script> <ins class=\"adsbygoogle\"  style=\"display:block\" data-ad-format=\"fluid\" data-ad-layout-key=\"-7f+eo+1+2-5\" data-ad-client=\"ca-pub-7450064428034605\" data-ad-slot=\"7327027071\"><\/ins><script>(adsbygoogle = window.adsbygoogle || []).push({});<\/script>\n\n\n\n\n<p>Desde hoy lunes 6 de junio comienzan las <strong>obras de reparaci\u00f3n y acondicionamiento del puente de Raimundo Fern\u00e1ndez Villaverde<\/strong>. Esta iniciativa se debe a unos peque\u00f1os hundimientos que se hab\u00edan detectado en las zonas de calzada pr\u00f3ximas al puente (desde el lado de la calle Joaqu\u00edn Costa y la Calle Orense).<\/p>\n\n\n\n<p>Este <strong>trabajo de reparaci\u00f3n<\/strong> consistir\u00e1 en:<\/p>\n\n\n\n<ol class=\"wp-block-list\"><li>La excavaci\u00f3n y retirada de material de relleno existente bajo la calzada<\/li><li>Renovaci\u00f3n del sistema de drenaje que recoge las aguas del tablero del puente<\/li><li>Relleno con hormig\u00f3n y zahorra<\/li><li>Ejecuci\u00f3n sobre el relleno de una losa superior de hormig\u00f3n armado de reparto de cargas e impermeabilizaci\u00f3n de la losa y reposici\u00f3n del asfalto<\/li><\/ol>\n\n\n\n<h2 class=\"wp-block-heading\">Novedades de la intervenci\u00f3n &nbsp;<\/h2>\n\n\n\n<script async src=\"https:\/\/pagead2.googlesyndication.com\/pagead\/js\/adsbygoogle.js\"><\/script> <ins class=\"adsbygoogle\" style=\"display:block; text-align:center;\" data-ad-layout=\"in-article\" data-ad-format=\"fluid\" data-ad-client=\"ca-pub-7450064428034605\" data-ad-slot=\"5670045061\"><\/ins> <script>(adsbygoogle = window.adsbygoogle || []).push({});<\/script>\n\n\n\n\n\n<p>Esta intervenci\u00f3n contempla:<\/p>\n\n\n\n<ul class=\"wp-block-list\"><li>El acondicionamiento de de la parte superior del tablero del puente (actualmente deteriorado y envejecido)<\/li><li>La demolici\u00f3n de la mediana y construcci\u00f3n de una nueva<\/li><li>Restauraci\u00f3n de las barandillas<\/li><li>Sustituci\u00f3n de la actual barrera met\u00e1lica por un nuevo sistema de contenci\u00f3n de veh\u00edculos m\u00e1s est\u00e9tico y ajustado al entorno urbano y a los requisitos europeos<\/li><\/ul>\n\n\n\n<p>Estas obras estar\u00e1n <strong>presentes durante los meses de verano<\/strong> con el fin de frenar lo menos posible la movilidad. Podr\u00e1s consultar las afecciones a la movilidad <a href=\"https:\/\/www.madrid.es\/portales\/munimadrid\/es\/Inicio\/Movilidad-y-transportes\/Incidencias-de-Trafico\/?vgnextfmt=default&amp;vgnextchannel=2e30a90d698b1610VgnVCM1000001d4a900aRCRD\">aqu\u00ed<\/a>.&nbsp;<\/p>\n","protected":false},"excerpt":{"rendered":"<p>Novedades y afecciones a la movilidad <\/p>\n","protected":false},"author":13,"featured_media":42676,"comment_status":"open","ping_status":"open","sticky":false,"template":"","format":"standard","meta":{"footnotes":""},"categories":[12],"tags":[],"class_list":{"0":"post-42674","1":"post","2":"type-post","3":"status-publish","4":"format-standard","5":"has-post-thumbnail","7":"category-actualidad-noticias-madrid"},"_links":{"self":[{"href":"https:\/\/www.vidademadrid.com\/es\/wp-json\/wp\/v2\/posts\/42674","targetHints":{"allow":["GET"]}}],"collection":[{"href":"https:\/\/www.vidademadrid.com\/es\/wp-json\/wp\/v2\/posts"}],"about":[{"href":"https:\/\/www.vidademadrid.com\/es\/wp-json\/wp\/v2\/types\/post"}],"author":[{"embeddable":true,"href":"https:\/\/www.vidademadrid.com\/es\/wp-json\/wp\/v2\/users\/13"}],"replies":[{"embeddable":true,"href":"https:\/\/www.vidademadrid.com\/es\/wp-json\/wp\/v2\/comments?post=42674"}],"version-history":[{"count":2,"href":"https:\/\/www.vidademadrid.com\/es\/wp-json\/wp\/v2\/posts\/42674\/revisions"}],"predecessor-version":[{"id":42677,"href":"https:\/\/www.vidademadrid.com\/es\/wp-json\/wp\/v2\/posts\/42674\/revisions\/42677"}],"wp:featuredmedia":[{"embeddable":true,"href":"https:\/\/www.vidademadrid.com\/es\/wp-json\/wp\/v2\/media\/42676"}],"wp:attachment":[{"href":"https:\/\/www.vidademadrid.com\/es\/wp-json\/wp\/v2\/media?parent=42674"}],"wp:term":[{"taxonomy":"category","embeddable":true,"href":"https:\/\/www.vidademadrid.com\/es\/wp-json\/wp\/v2\/categories?post=42674"},{"taxonomy":"post_tag","embeddable":true,"href":"https:\/\/www.vidademadrid.com\/es\/wp-json\/wp\/v2\/tags?post=42674"}],"curies":[{"name":"wp","href":"https:\/\/api.w.org\/{rel}","templated":true}]}}