{"id":42652,"date":"2022-06-06T15:23:02","date_gmt":"2022-06-06T13:23:02","guid":{"rendered":"https:\/\/www.vidademadrid.com\/es\/?p=42652"},"modified":"2022-06-06T15:50:36","modified_gmt":"2022-06-06T13:50:36","slug":"veranos-de-la-villa-lumen-plaza-espana-2022","status":"publish","type":"post","link":"https:\/\/www.vidademadrid.com\/es\/42652\/veranos-de-la-villa-lumen-plaza-espana-2022\/","title":{"rendered":"Vuelve Veranos de la Villa 2022 con L\u00famen: marionetas gigantes recorren Madrid"},"content":{"rendered":"<p>La nueva edici\u00f3n de\u00a0<strong>Veranos de la Villa\u00a0<\/strong>vuelve con una\u00a0<strong>oferta cultura y de ocio.\u00a0<\/strong>Durante los meses de julio y agosto, se ofrecer\u00e1 una programaci\u00f3n al aire libre para todos los p\u00fablicos. Conoce toda la informaci\u00f3n en este art\u00edculo.\u00a0<\/p>\n<h2>Veranos de la Villa 2022<\/h2>\n<p><script async=\"\" src=\"https:\/\/pagead2.googlesyndication.com\/pagead\/js\/adsbygoogle.js\"><\/script> <ins class=\"adsbygoogle\" style=\"display: block;\" data-ad-format=\"fluid\" data-ad-layout-key=\"-7f+eo+1+2-5\" data-ad-client=\"ca-pub-7450064428034605\" data-ad-slot=\"7327027071\"><\/ins><script>(adsbygoogle = window.adsbygoogle || []).push({});<\/script><\/p>\n<p>La\u00a0<strong>38\u00ba edici\u00f3n de Veranos de la Villa\u00a0<\/strong>vuelve a tomar las calles de Madrid. Durante el verano, podr\u00e1s disfrutar de una programaci\u00f3n diversa y participativa en la que se presentar\u00e1n\u00a0<strong>artistas nacionales e internacionales.\u00a0<\/strong><\/p>\n<p>El objetivo de esta edici\u00f3n es el de que\u00a0<strong>\u00abvuelva la alegr\u00eda y las ganas de disfrutar la cultura de la capital\u00bb,\u00a0<\/strong>seg\u00fan ha declarado Andrea Levy, delegada del \u00c1rea de Cultura, Turismo y Deporte.\u00a0<\/p>\n<p>Para llegar al mayor n\u00famero de personas, la inauguraci\u00f3n de\u00a0<strong>Veranos de la Villa\u00a0<\/strong>ser\u00e1 en la renovada plaza de Espa\u00f1a.\u00a0<\/p>\n<h2>L\u00famen: una historia de amor\u00a0<\/h2>\n<p><script async=\"\" src=\"https:\/\/pagead2.googlesyndication.com\/pagead\/js\/adsbygoogle.js\"><\/script> <ins class=\"adsbygoogle\" style=\"display: block; text-align: center;\" data-ad-layout=\"in-article\" data-ad-format=\"fluid\" data-ad-client=\"ca-pub-7450064428034605\" data-ad-slot=\"5670045061\"><\/ins> <script>(adsbygoogle = window.adsbygoogle || []).push({});<\/script><\/p>\n<p>La inauguraci\u00f3n de esta edici\u00f3n de\u00a0<strong>Veranos de la Villa <\/strong>ser\u00e1\u00a0el espect\u00e1culo <em><strong>L\u00famen <\/strong><\/em>que es protagonizada por figuras de gran escala que recorrer\u00e1n las calles de Madrid desde la plaza de Isabel II hasta la Plaza de Espa\u00f1a.<\/p>\n<p>Con cerca de 50 participantes, este espect\u00e1culo llenar\u00e1 la noche capitalina de luz y sonido a trav\u00e9s de una narrativa musical donde todos los asistentes ser\u00e1n participantes.<\/p>\n<p>Las marionetas, <strong>de cinco metros de altura<\/strong>, recorrer\u00e1n una de las zonas m\u00e1s hist\u00f3ricas de Madrid y durar\u00e1\u00a0<strong>60 minutos.<\/strong> El acceso al espect\u00e1culo del\u00a0<strong>5 de julio<\/strong> es gratuito y empieza a las <strong>22 horas\u00a0<\/strong>desde la plaza de Isabel II (Metro Opera). El recorrido ser\u00e1 plaza de Isabel II, calle de Vergara, calle de Carlos III, plaza de Oriente, calle de Bail\u00e9n y terminar\u00e1 en Plaza de Espa\u00f1a.\u00a0<\/p>\n\n\n<p><\/p>\n","protected":false},"excerpt":{"rendered":"<p>Las actividades son gratuitas. <\/p>\n","protected":false},"author":15,"featured_media":42657,"comment_status":"open","ping_status":"open","sticky":false,"template":"","format":"standard","meta":{"footnotes":""},"categories":[11,101],"tags":[],"class_list":{"0":"post-42652","1":"post","2":"type-post","3":"status-publish","4":"format-standard","5":"has-post-thumbnail","7":"category-eventos-madrid","8":"category-ferias-fiestas-mercados-madrid"},"_links":{"self":[{"href":"https:\/\/www.vidademadrid.com\/es\/wp-json\/wp\/v2\/posts\/42652","targetHints":{"allow":["GET"]}}],"collection":[{"href":"https:\/\/www.vidademadrid.com\/es\/wp-json\/wp\/v2\/posts"}],"about":[{"href":"https:\/\/www.vidademadrid.com\/es\/wp-json\/wp\/v2\/types\/post"}],"author":[{"embeddable":true,"href":"https:\/\/www.vidademadrid.com\/es\/wp-json\/wp\/v2\/users\/15"}],"replies":[{"embeddable":true,"href":"https:\/\/www.vidademadrid.com\/es\/wp-json\/wp\/v2\/comments?post=42652"}],"version-history":[{"count":3,"href":"https:\/\/www.vidademadrid.com\/es\/wp-json\/wp\/v2\/posts\/42652\/revisions"}],"predecessor-version":[{"id":42662,"href":"https:\/\/www.vidademadrid.com\/es\/wp-json\/wp\/v2\/posts\/42652\/revisions\/42662"}],"wp:featuredmedia":[{"embeddable":true,"href":"https:\/\/www.vidademadrid.com\/es\/wp-json\/wp\/v2\/media\/42657"}],"wp:attachment":[{"href":"https:\/\/www.vidademadrid.com\/es\/wp-json\/wp\/v2\/media?parent=42652"}],"wp:term":[{"taxonomy":"category","embeddable":true,"href":"https:\/\/www.vidademadrid.com\/es\/wp-json\/wp\/v2\/categories?post=42652"},{"taxonomy":"post_tag","embeddable":true,"href":"https:\/\/www.vidademadrid.com\/es\/wp-json\/wp\/v2\/tags?post=42652"}],"curies":[{"name":"wp","href":"https:\/\/api.w.org\/{rel}","templated":true}]}}