{"id":42583,"date":"2022-06-03T10:07:17","date_gmt":"2022-06-03T08:07:17","guid":{"rendered":"https:\/\/www.vidademadrid.com\/es\/?p=42583"},"modified":"2022-06-06T15:23:25","modified_gmt":"2022-06-06T13:23:25","slug":"planes-3-4-5-junio-2022-madrid","status":"publish","type":"post","link":"https:\/\/www.vidademadrid.com\/es\/42583\/planes-3-4-5-junio-2022-madrid\/","title":{"rendered":"Planes de este fin de semana en Madrid: 3, 4 y 5 de junio 2022"},"content":{"rendered":"\n<p><strong>Primer fin de semana de junio<\/strong> y la agenda de planes no deja de crecer con planes gastron\u00f3micos, culturales, de ocio&#8230; Un mes que viene cargado de novedades con planes para todos los gustos. \u00daltimas oportunidades para conocer algunas de las exposiciones de la ciudad y una gran propuesta de restaurantes que hemos conocido esta semana.\u00a0Aqu\u00ed encontrar\u00e1s todo lo que se cuece en Madrid este <strong>3, 4, y 5 de junio de 2022.<\/strong><\/p>\n\n\n\n<h2 class=\"wp-block-heading\">Actividades y exposiciones<\/h2>\n\n\n\n<script async=\"\" src=\"https:\/\/pagead2.googlesyndication.com\/pagead\/js\/adsbygoogle.js\"><\/script> <ins class=\"adsbygoogle\" style=\"display:block\" data-ad-format=\"fluid\" data-ad-layout-key=\"-7f+eo+1+2-5\" data-ad-client=\"ca-pub-7450064428034605\" data-ad-slot=\"7327027071\"><\/ins><script>(adsbygoogle = window.adsbygoogle || []).push({});<\/script>\n\n\n\n<h3 class=\"wp-block-heading\">No te pierdas Passione Italia 2022<\/h3>\n\n\n\n<p><b>#PassioneItalia&nbsp;<\/b>es el evento m\u00e1s esperado para los amantes del Made in Italy. Podr\u00e1s disfrutar de&nbsp;<strong>m\u00fasica en vivo, degustaciones, talleres y zonas reservadas a la venta de&nbsp;alimentos <\/strong>envasados,&nbsp;artesan\u00edas. El gran evento de la gastronom\u00eda italiana que celebra este junio su 12\u00ba aniversario. Descubre el programa completo <a href=\"https:\/\/www.vidademadrid.com\/es\/41615\/passione-italia-2022-madrid\/\">aqu\u00ed<\/a>.<\/p>\n\n\n\n<div class=\"wp-block-image\"><figure class=\"aligncenter\"><a href=\"https:\/\/www.vidademadrid.com\/es\/wp-content\/uploads\/2021\/11\/Passione-Italia.png\"><img loading=\"lazy\" decoding=\"async\" width=\"1200\" height=\"600\" src=\"https:\/\/www.vidademadrid.com\/es\/wp-content\/uploads\/2021\/11\/Passione-Italia.png\" alt=\"\" class=\"wp-image-36969\" srcset=\"https:\/\/www.vidademadrid.com\/es\/wp-content\/uploads\/2021\/11\/Passione-Italia.png 1200w, https:\/\/www.vidademadrid.com\/es\/wp-content\/uploads\/2021\/11\/Passione-Italia-300x150.png 300w, https:\/\/www.vidademadrid.com\/es\/wp-content\/uploads\/2021\/11\/Passione-Italia-1024x512.png 1024w, https:\/\/www.vidademadrid.com\/es\/wp-content\/uploads\/2021\/11\/Passione-Italia-768x384.png 768w, https:\/\/www.vidademadrid.com\/es\/wp-content\/uploads\/2021\/11\/Passione-Italia-696x348.png 696w, https:\/\/www.vidademadrid.com\/es\/wp-content\/uploads\/2021\/11\/Passione-Italia-1068x534.png 1068w, https:\/\/www.vidademadrid.com\/es\/wp-content\/uploads\/2021\/11\/Passione-Italia-840x420.png 840w\" sizes=\"auto, (max-width: 1200px) 100vw, 1200px\" \/><\/a><figcaption>Passione Italia 2019 | Foto: passioneitalia.es<\/figcaption><\/figure><\/div>\n\n\n\n<h3 class=\"wp-block-heading\">Date una vuelta por el Retiro y aprovecha para visitar la Feria del Libro<\/h3>\n\n\n\n<p>El evento cultural m\u00e1s popular del pa\u00eds que estar\u00e1 disponible&nbsp;<strong>hasta el 12 de junio<\/strong>. Conoce sus &nbsp;378 expositores y el <a href=\"https:\/\/www.vidademadrid.com\/es\/42209\/feria-libro-madrid-2022-firmas-casetas\/\">programa de firmas<\/a>.<strong>&nbsp;<\/strong>Toda la info <a href=\"https:\/\/www.vidademadrid.com\/es\/41646\/feria-del-libro-madrid-fechas-expositores-2022\/\">aqu\u00ed.&nbsp;<\/a><\/p>\n\n\n\n<h3 class=\"wp-block-heading\">Conoce el mundo de las flores en Gus&amp;Flowers&nbsp;<\/h3>\n\n\n\n<p>Un <strong>nuevo concepto de florister\u00eda <\/strong>donde los ramos cuentan historias y duran para siempre. Adem\u00e1s, podr\u00e1s formar parte de uno de sus diferentes talleres para adentrarte en el mundo de las flores. Descubre todos sus servicios y actividades <a href=\"https:\/\/www.vidademadrid.com\/es\/42492\/gus-and-flowers-floristeria-original-madrid-arguelles-talleres\/\">aqu\u00ed<\/a>.&nbsp;<\/p>\n\n\n<div id='gallery-1' class='gallery galleryid-42583 gallery-columns-2 gallery-size-full'><figure class='gallery-item'>\n\t\t\t<div class='gallery-icon portrait'>\n\t\t\t\t<a href='https:\/\/www.vidademadrid.com\/es\/42492\/gus-and-flowers-floristeria-original-madrid-arguelles-talleres\/captura-de-pantalla-2022-05-31-a-las-18-53-11\/'><img loading=\"lazy\" decoding=\"async\" width=\"455\" height=\"632\" src=\"https:\/\/www.vidademadrid.com\/es\/wp-content\/uploads\/2022\/05\/Captura-de-pantalla-2022-05-31-a-las-18.53.11.png\" class=\"attachment-full size-full\" alt=\"\" aria-describedby=\"gallery-1-42496\" srcset=\"https:\/\/www.vidademadrid.com\/es\/wp-content\/uploads\/2022\/05\/Captura-de-pantalla-2022-05-31-a-las-18.53.11.png 455w, https:\/\/www.vidademadrid.com\/es\/wp-content\/uploads\/2022\/05\/Captura-de-pantalla-2022-05-31-a-las-18.53.11-216x300.png 216w, https:\/\/www.vidademadrid.com\/es\/wp-content\/uploads\/2022\/05\/Captura-de-pantalla-2022-05-31-a-las-18.53.11-302x420.png 302w\" sizes=\"auto, (max-width: 455px) 100vw, 455px\" \/><\/a>\n\t\t\t<\/div>\n\t\t\t\t<figcaption class='wp-caption-text gallery-caption' id='gallery-1-42496'>\n\t\t\t\tFoto: Gus&#038;Flowers\n\t\t\t\t<\/figcaption><\/figure><figure class='gallery-item'>\n\t\t\t<div class='gallery-icon portrait'>\n\t\t\t\t<a href='https:\/\/www.vidademadrid.com\/es\/42492\/gus-and-flowers-floristeria-original-madrid-arguelles-talleres\/captura-de-pantalla-2022-05-31-a-las-18-52-48\/'><img loading=\"lazy\" decoding=\"async\" width=\"453\" height=\"622\" src=\"https:\/\/www.vidademadrid.com\/es\/wp-content\/uploads\/2022\/05\/Captura-de-pantalla-2022-05-31-a-las-18.52.48.png\" class=\"attachment-full size-full\" alt=\"\" aria-describedby=\"gallery-1-42497\" srcset=\"https:\/\/www.vidademadrid.com\/es\/wp-content\/uploads\/2022\/05\/Captura-de-pantalla-2022-05-31-a-las-18.52.48.png 453w, https:\/\/www.vidademadrid.com\/es\/wp-content\/uploads\/2022\/05\/Captura-de-pantalla-2022-05-31-a-las-18.52.48-218x300.png 218w, https:\/\/www.vidademadrid.com\/es\/wp-content\/uploads\/2022\/05\/Captura-de-pantalla-2022-05-31-a-las-18.52.48-306x420.png 306w\" sizes=\"auto, (max-width: 453px) 100vw, 453px\" \/><\/a>\n\t\t\t<\/div>\n\t\t\t\t<figcaption class='wp-caption-text gallery-caption' id='gallery-1-42497'>\n\t\t\t\tCer\u00e1mica con las cenizas de un ramo seco. Foto: Gus&#038;Flowers\n\t\t\t\t<\/figcaption><\/figure>\n\t\t<\/div>\n\n\n\n<h3 class=\"wp-block-heading\">Pasea por el \u00abjard\u00edn de Vogue\u00bb&nbsp;<\/h3>\n\n\n\n<p>Como todos los a\u00f1os, el s\u00e1bado 4 de junio vuelve el <strong>Mercado de las Flores de la Primavera de Vogue<\/strong> a la calle Jorge Juan. M\u00e1s info y horarios <a href=\"https:\/\/www.vidademadrid.com\/es\/42542\/mercado-flores-vogue-barrio-salamanca-2022\/\">aqu\u00ed<\/a>.\u00a0Y si tienes m\u00e1s ganas de flores, <a href=\"https:\/\/www.vidademadrid.com\/es\/42261\/rosaledas-madrid-rosaleda-retiro-rosaleda-parque-del-oeste\/\">consulta nuestro especial sobre las rosaledas de Madrid<\/a>.<\/p>\n\n\n\n<h3 class=\"wp-block-heading\">Compras en el nuevo pop up de Shein<\/h3>\n\n\n\n<p>La marca china abre su primera tienda f\u00edsica&nbsp;en formato&nbsp;pop up. Podr\u00e1s comprar sus productos \u00fanicamente&nbsp;durante <strong>cuatro d\u00edas<\/strong>&nbsp;en la&nbsp;<strong>Calle Sandoval, 3&nbsp;<\/strong>(Metro Bilbao). Descubre el horario de apertura <a href=\"https:\/\/www.vidademadrid.com\/es\/42298\/shein-tienda-fisica-madrid-direccion-fechas-2022\/\">aqu\u00ed<\/a>.<\/p>\n\n\n\n<div class=\"wp-block-image\"><figure class=\"aligncenter\"><a href=\"https:\/\/www.vidademadrid.com\/es\/wp-content\/uploads\/2022\/06\/285396166_680667743032953_7158612732784722255_n.jpg\"><img loading=\"lazy\" decoding=\"async\" width=\"1080\" height=\"721\" src=\"https:\/\/www.vidademadrid.com\/es\/wp-content\/uploads\/2022\/06\/285396166_680667743032953_7158612732784722255_n.jpg\" alt=\"\" class=\"wp-image-42605\" srcset=\"https:\/\/www.vidademadrid.com\/es\/wp-content\/uploads\/2022\/06\/285396166_680667743032953_7158612732784722255_n.jpg 1080w, https:\/\/www.vidademadrid.com\/es\/wp-content\/uploads\/2022\/06\/285396166_680667743032953_7158612732784722255_n-300x200.jpg 300w, https:\/\/www.vidademadrid.com\/es\/wp-content\/uploads\/2022\/06\/285396166_680667743032953_7158612732784722255_n-1024x684.jpg 1024w, https:\/\/www.vidademadrid.com\/es\/wp-content\/uploads\/2022\/06\/285396166_680667743032953_7158612732784722255_n-768x513.jpg 768w, https:\/\/www.vidademadrid.com\/es\/wp-content\/uploads\/2022\/06\/285396166_680667743032953_7158612732784722255_n-696x465.jpg 696w, https:\/\/www.vidademadrid.com\/es\/wp-content\/uploads\/2022\/06\/285396166_680667743032953_7158612732784722255_n-1068x713.jpg 1068w, https:\/\/www.vidademadrid.com\/es\/wp-content\/uploads\/2022\/06\/285396166_680667743032953_7158612732784722255_n-629x420.jpg 629w\" sizes=\"auto, (max-width: 1080px) 100vw, 1080px\" \/><\/a><figcaption>Pop up Shein.<\/figcaption><\/figure><\/div>\n\n\n\n<h3 class=\"wp-block-heading\">Descubre la zona comercial de Galer\u00eda Canalejas<\/h3>\n\n\n\n<p>M\u00e1s de 40 tiendas de las\u00a0<strong>principales firmas y casas internacionales<\/strong>. El \u00e1rea comercial se une al\u00a0<em>Food Hall\u00a0<\/em>del centro y su zona de ocio. Toda la info <a href=\"https:\/\/www.vidademadrid.com\/es\/42547\/galeria-canalejas-zona-comerial-apertura-tiendas-horario\/\">aqu\u00ed<\/a>.<\/p>\n\n\n\n<h3 class=\"wp-block-heading\">Ponte en forma en Cubo Gym Madrid&nbsp;<\/h3>\n\n\n\n<p>Si no sabes de qu\u00e9 te estamos hablando, Cubo Gym es un <strong>gimnasio al aire libre<\/strong> y una actividad perfecta de fin de semana para continuar con la \u00aboperaci\u00f3n bikini\u00bb.<\/p>\n\n\n\n<figure class=\"wp-block-embed is-type-rich is-provider-twitter wp-block-embed-twitter\"><div class=\"wp-block-embed__wrapper\">\n<blockquote class=\"twitter-tweet\" data-width=\"550\" data-dnt=\"true\"><p lang=\"es\" dir=\"ltr\">Desde ma\u00f1ana, <a href=\"https:\/\/twitter.com\/hashtag\/CuboGymMadrid?src=hash&amp;ref_src=twsrc%5Etfw\">#CuboGymMadrid<\/a> llega a la Plaza de Pedro Zerolo de <a href=\"https:\/\/twitter.com\/hashtag\/DistritoCentro?src=hash&amp;ref_src=twsrc%5Etfw\">#DistritoCentro<\/a>.<br><br>\u00a1Ven a ponerte en forma al aire libre! ?<br><br>? Del 2 de abril al 21 de junio<br><br>? Reserva tus clases en la App &#39;Madrid M\u00f3vil&#39; o la web <a href=\"https:\/\/t.co\/jiJU7i1eaf\">https:\/\/t.co\/jiJU7i1eaf<\/a> <a href=\"https:\/\/t.co\/hm6U40DF9P\">pic.twitter.com\/hm6U40DF9P<\/a><\/p>&mdash; Distrito Centro (@JMDCentro) <a href=\"https:\/\/twitter.com\/JMDCentro\/status\/1509898376866902049?ref_src=twsrc%5Etfw\">April 1, 2022<\/a><\/blockquote><script async src=\"https:\/\/platform.twitter.com\/widgets.js\" charset=\"utf-8\"><\/script>\n<\/div><\/figure>\n\n\n\n<h3 class=\"wp-block-heading\">Vive una fiesta India en Plaza Espa\u00f1a&nbsp;<\/h3>\n\n\n\n<p>Este domingo 5 de junio tiene lugar <strong>Bollywood Summer VII<\/strong>, una gran fiesta solidaria para reivindicar los derechos de las mujeres. Toda la info <a href=\"https:\/\/www.vidademadrid.com\/es\/42440\/festival-bollywood-madrid-solidario-plaza-espana-entradas\/\">aqu\u00ed<\/a>.&nbsp;<\/p>\n\n\n\n<div class=\"wp-block-image\"><figure class=\"aligncenter\"><a href=\"https:\/\/www.vidademadrid.com\/es\/wp-content\/uploads\/2022\/05\/19jun2019-6-bollywood-summer-en-sala-caracol_48061953792_o-1.jpg\"><img loading=\"lazy\" decoding=\"async\" width=\"1200\" height=\"600\" src=\"https:\/\/www.vidademadrid.com\/es\/wp-content\/uploads\/2022\/05\/19jun2019-6-bollywood-summer-en-sala-caracol_48061953792_o-1.jpg\" alt=\"\" class=\"wp-image-42442\" srcset=\"https:\/\/www.vidademadrid.com\/es\/wp-content\/uploads\/2022\/05\/19jun2019-6-bollywood-summer-en-sala-caracol_48061953792_o-1.jpg 1200w, https:\/\/www.vidademadrid.com\/es\/wp-content\/uploads\/2022\/05\/19jun2019-6-bollywood-summer-en-sala-caracol_48061953792_o-1-300x150.jpg 300w, https:\/\/www.vidademadrid.com\/es\/wp-content\/uploads\/2022\/05\/19jun2019-6-bollywood-summer-en-sala-caracol_48061953792_o-1-1024x512.jpg 1024w, https:\/\/www.vidademadrid.com\/es\/wp-content\/uploads\/2022\/05\/19jun2019-6-bollywood-summer-en-sala-caracol_48061953792_o-1-768x384.jpg 768w, https:\/\/www.vidademadrid.com\/es\/wp-content\/uploads\/2022\/05\/19jun2019-6-bollywood-summer-en-sala-caracol_48061953792_o-1-696x348.jpg 696w, https:\/\/www.vidademadrid.com\/es\/wp-content\/uploads\/2022\/05\/19jun2019-6-bollywood-summer-en-sala-caracol_48061953792_o-1-1068x534.jpg 1068w, https:\/\/www.vidademadrid.com\/es\/wp-content\/uploads\/2022\/05\/19jun2019-6-bollywood-summer-en-sala-caracol_48061953792_o-1-840x420.jpg 840w\" sizes=\"auto, (max-width: 1200px) 100vw, 1200px\" \/><\/a><figcaption>Foto: Festival Bollywood<\/figcaption><\/figure><\/div>\n\n\n\n<h3 class=\"wp-block-heading\">Conoce la exposici\u00f3n del Museo Sorolla&nbsp;<\/h3>\n\n\n\n<p><b>\u00abLa edad dichosa. La infancia en la pintura de Sorolla\u00bb, <\/b>una muestra que pone en el foco principal a los ni\u00f1os y que estar\u00e1 disponible hasta el 19 de junio. Toda la info&nbsp;<a href=\"https:\/\/www.vidademadrid.com\/es\/39245\/la-edad-dichosa-infancia-nueva-exposicion-2022-museo-sorolla\/\">aqu\u00ed<\/a>.&nbsp;<\/p>\n\n\n\n<h3 class=\"wp-block-heading\">Recorre distintos rincones de Madrid en la Expo fotogr\u00e1fica del Palace<\/h3>\n\n\n\n<p>Primer fin de semana de <strong>\u00abPaisajes de La Luz\u00bb<\/strong>, la nueva exposici\u00f3n con <strong>fotograf\u00edas de Antonello Delanotte<\/strong> que incluye una propuesta gastron\u00f3mica a su medida. M\u00e1s info <a href=\"https:\/\/www.vidademadrid.com\/es\/42438\/exposicion-fotografica-antonello-dellanotte-westin-palace\/\">aqu\u00ed<\/a>.&nbsp;<\/p>\n\n\n\n<div class=\"wp-block-image\"><figure class=\"aligncenter\"><a href=\"https:\/\/www.vidademadrid.com\/es\/wp-content\/uploads\/2022\/05\/IMPROD-HORIZ-EDLL_11-1-uai-1032x687-copia.jpg\"><img loading=\"lazy\" decoding=\"async\" width=\"1200\" height=\"600\" src=\"https:\/\/www.vidademadrid.com\/es\/wp-content\/uploads\/2022\/05\/IMPROD-HORIZ-EDLL_11-1-uai-1032x687-copia.jpg\" alt=\"\" class=\"wp-image-42489\" srcset=\"https:\/\/www.vidademadrid.com\/es\/wp-content\/uploads\/2022\/05\/IMPROD-HORIZ-EDLL_11-1-uai-1032x687-copia.jpg 1200w, https:\/\/www.vidademadrid.com\/es\/wp-content\/uploads\/2022\/05\/IMPROD-HORIZ-EDLL_11-1-uai-1032x687-copia-300x150.jpg 300w, https:\/\/www.vidademadrid.com\/es\/wp-content\/uploads\/2022\/05\/IMPROD-HORIZ-EDLL_11-1-uai-1032x687-copia-1024x512.jpg 1024w, https:\/\/www.vidademadrid.com\/es\/wp-content\/uploads\/2022\/05\/IMPROD-HORIZ-EDLL_11-1-uai-1032x687-copia-768x384.jpg 768w, https:\/\/www.vidademadrid.com\/es\/wp-content\/uploads\/2022\/05\/IMPROD-HORIZ-EDLL_11-1-uai-1032x687-copia-696x348.jpg 696w, https:\/\/www.vidademadrid.com\/es\/wp-content\/uploads\/2022\/05\/IMPROD-HORIZ-EDLL_11-1-uai-1032x687-copia-1068x534.jpg 1068w, https:\/\/www.vidademadrid.com\/es\/wp-content\/uploads\/2022\/05\/IMPROD-HORIZ-EDLL_11-1-uai-1032x687-copia-840x420.jpg 840w\" sizes=\"auto, (max-width: 1200px) 100vw, 1200px\" \/><\/a><figcaption>\u00abInvierno en Naranja\u00bb. Fotograf\u00eda de Antonello Dellanotte<\/figcaption><\/figure><\/div>\n\n\n\n<h3 class=\"wp-block-heading\">M\u00e1s fotos en la 25 edici\u00f3n de PhotoESPA\u00d1A <\/h3>\n\n\n\n<p>Acaba de arrancar el Festival Internacional de Fotograf\u00eda y Artes Visuales, que re\u00fane la obra de 442 fot\u00f3grafos y artistas visuales que estar\u00e1n repartidas en los principales museos, salas y galer\u00edas de arte de la ciudad. M\u00e1s info <a href=\"https:\/\/www.vidademadrid.com\/es\/42462\/photoespana-2022-exposiciones-fechas-programa\/\">aqu\u00ed<\/a>.<\/p>\n\n\n\n<h3 class=\"wp-block-heading\">Asiste a la copa de escalada en Plaza de Espa\u00f1a<\/h3>\n\n\n\n<p>Este s\u00e1bado y domingo ac\u00e9rcate a la Plaza de Espa\u00f1a para ver las competiciones de la Copa de Espa\u00f1a de Espa\u00f1a de Escalada de Velocidad y Bloque donde participar\u00e1n alrededor de 250 deportistas, entre ellos el actual campe\u00f3n Ol\u00edmpico. Info <a href=\"https:\/\/www.vidademadrid.com\/es\/42248\/copa-escalada-plaza-espana-madrid-entradas-2022\/\">aqu\u00ed<\/a>.<\/p>\n\n\n\n<p><\/p>\n\n\n\n<h2 class=\"wp-block-heading\">\u00daltima oportunidad para visitar&#8230;<\/h2>\n\n\n\n<h3 class=\"wp-block-heading\">Madrid Craft Week 2022<\/h3>\n\n\n\n<p>La&nbsp;edici\u00f3n de primavera de la&nbsp;<strong>Madrid Craft Week&nbsp;<\/strong>llega a celebrar el trabajo a mano, su calidad y autenticidad con una selecci\u00f3n de comercios que ofrecen un&nbsp;programa de actividades que giran en torno al mundo de la artesan\u00eda. Consulta el listado de actividades <a href=\"https:\/\/www.vidademadrid.com\/es\/42377\/madrid-craft-week-2022-fechas-actividades\/\">aqu\u00ed<\/a>.<\/p>\n\n\n\n<h3 class=\"wp-block-heading\">La exposici\u00f3n de Andy Warhol<\/h3>\n\n\n\n<p>La exposici\u00f3n <strong><em>\u00abAndy Warhol, Super Pop\u00bb <\/em><\/strong>la podr\u00e1s visitar en el <strong>Palacio de Santa B\u00e1rbara <\/strong>descubrir su obra y recorrido hist\u00f3rico sobre los numerosos sectores en los que trabaj\u00f3 el artista. Toda la info y compra de entradas <a href=\"https:\/\/www.vidademadrid.com\/es\/39720\/andy-warhol-super-pop-exposicion-palacio-santa-barbara-entradas\/\">aqu\u00ed<\/a>.<\/p>\n\n\n\n<h3 class=\"wp-block-heading\">\u00abCine y Moda. Por Jean Paul Gaultier\u00bb<\/h3>\n\n\n\n<p>Caixaforum se despide este fin de semana de esta exposici\u00f3n que\u00a0aborda los intercambios e influencias que se producen entre el cine y la moda bajo la mirada de\u00a0<strong>Jean Paul Gaultier<\/strong>. Toda la info y entradas <a href=\"https:\/\/www.vidademadrid.com\/es\/39861\/cine-moda-jean-paul-gaultier-exposicion-caixaforum-2022\/\">aqu\u00ed<\/a>.<\/p>\n\n\n\n<h2 class=\"block-editor-rich-text__editable block-editor-block-list__block wp-block is-selected tagdiv-type block-b39a82bf-2117-4e0d-8876-1ac2e4ff1d8e rich-text wp-block-heading\" id=\"block-b39a82bf-2117-4e0d-8876-1ac2e4ff1d8e\">Fiestas en Madrid<\/h2>\n\n\n\n<p>Contin\u00faan las fiestas de los distintos municipios de la Comunidad de Madrid con conciertos y actividades gratuitas al aire libre.&nbsp;Este fin de semana te esperan&#8230;<\/p>\n\n\n\n<h3 class=\"wp-block-heading\">Las Fiestas de la Primavera de Hortaleza<\/h3>\n\n\n\n<p>Este fin de semana cierran las fiestas de Hortaleza con la actuaci\u00f3n de<strong>&nbsp;<\/strong><strong>Los Trogloditas <\/strong>(3 de junio) y el rapero&nbsp;<strong>El Langui <\/strong>(4 de junio). Toda la info <a href=\"https:\/\/www.vidademadrid.com\/es\/40906\/fiesta-primavera-2022-distrito-hortaleza-programa-fechas\/\">aqu\u00ed<\/a>.<\/p>\n\n\n\n<h3 class=\"wp-block-heading\">Las Fiestas de Aluche<\/h3>\n\n\n\n<p>Contin\u00faan hasta el domingo 5 de junio con un amplio <strong>programa de conciertos y actividades gratuitas<\/strong> para todos los p\u00fablicos. Toda la info <a href=\"https:\/\/www.vidademadrid.com\/es\/42144\/fietas-aluche-2022-fechas-conciertos-programa\/\">aqu\u00ed<\/a>.<\/p>\n\n\n\n<h2 class=\"wp-block-heading\">Restaurantes para este fin de semana<\/h2>\n\n\n\n<p>Esta semana conocemos <strong>restaurantes<\/strong> de distintos barrios de Madrid, adem\u00e1s tambi\u00e9n visitamos un hotel con su <strong>brunch<\/strong> al aire libre y si lo que te apetece es algo dulce te descubrimos dos sitios \u00abpara chuparse los dedos\u00bb.&nbsp;<\/p>\n\n\n\n<h3 class=\"wp-block-heading\">Pristino&nbsp;<\/h3>\n\n\n\n<p>Un restaurante elegante ubicado en el barrio de Chamber\u00ed (Calle Eduardo Dato, 8). Ofrece una carta mediterr\u00e1nea con platos fuera de carta. Una opci\u00f3n perfecta para cualquier comida o cena este fin de semana. Descubre los platos que pedimos en <a href=\"https:\/\/www.instagram.com\/stories\/highlights\/18274902847072567\/\">IG stories de @vidademadrid<\/a>.&nbsp;<\/p>\n\n\n\n<h3 class=\"wp-block-heading\">La \u00danica<\/h3>\n\n\n\n<p>Si te apetece una comida con sabores nuevos, con una propuesta \u00abmexiterr\u00e1nea\u00bb no dudes en probar este restaurante del chef Andr\u00e9s Madrigal. Est\u00e1 en la elegante calle Claudio Cuello y tiene hasta cocina abierta. Vuelve a vivir nuestra experiencia en <a href=\"https:\/\/www.instagram.com\/stories\/highlights\/17942178194099491\/\">IG stories de @vidademadrid.\u00a0<\/a><\/p>\n\n\n\n<h3 class=\"wp-block-heading\">El Jard\u00edn de Orfila<\/h3>\n\n\n\n<p>Este restaurante con un sol Repsol 2022 se encuentra en un jard\u00edn escondido con mucho encanto en Alonso Mart\u00ednez. Al pie de los fogones est\u00e1 Mario Sandoval, chef con dos estrellas Michelin. Puedes ver su propuesta gastron\u00f3mica (y nuestra selecci\u00f3n de platos) en <a href=\"https:\/\/www.instagram.com\/stories\/highlights\/17959096363754115\/\">IG stories de @vidademadrid.\u00a0<\/a><\/p>\n\n\n\n<h3 class=\"wp-block-heading\">Brunch en Canopy<\/h3>\n\n\n\n<p>Si lo que te apetece este fin de semana es descubrir un sitio nuevo de brunch, muy cerca del Santiago Bernab\u00e9u est\u00e1 Conopy Hotel Castellana. Podr\u00e1s disfrutar de un desayuno completo al aire libre y con vistas. Te contamos todo en <a href=\"https:\/\/www.instagram.com\/stories\/highlights\/17974111759577613\/\">IG stories de @vidademadrid<\/a>.<\/p>\n\n\n\n<h3 class=\"wp-block-heading\">Merienda en Cheezy&#8217;s<\/h3>\n\n\n\n<p>Si tienes ganas de algo dulce este fin de semana, te propones que conozcas <strong>Cheezy&#8217;s Cheesecake<\/strong>. Est\u00e1 ubicado en Manuel Becerra y ofrecen todo tipo de tartas de queso. No te pierdas nuestra visita en <a href=\"https:\/\/www.instagram.com\/stories\/highlights\/17908000247542015\/\">IG stories de @vidademadrid<\/a>.\u00a0<\/p>\n\n\n\n<h3 class=\"wp-block-heading\">Si tienes Antojos Gallegos hay una novedad para ti<\/h3>\n\n\n\n<p>Acaba de abrir sus puertas, en la zona de Goya, la tienda donde encontrar\u00e1s todo tipo de producto gallego de calidad para llevar: empanadas, panes, dulces, quesos, embutidos, vinos. <a href=\"https:\/\/www.vidademadrid.com\/es\/42505\/antojos-gallegos-tienda-madrid-productos-gallegos-empanadas\/\">Descubre todo sobre Antojos Gallegos aqu\u00ed<\/a><\/p>\n\n\n\n<script async=\"\" src=\"https:\/\/pagead2.googlesyndication.com\/pagead\/js\/adsbygoogle.js\"><\/script> <ins class=\"adsbygoogle\" style=\"display:block; text-align:center;\" data-ad-layout=\"in-article\" data-ad-format=\"fluid\" data-ad-client=\"ca-pub-7450064428034605\" data-ad-slot=\"5670045061\"><\/ins> <script>(adsbygoogle = window.adsbygoogle || []).push({});<\/script>\n\n\n\n<h2 class=\"wp-block-heading\">M\u00e1s planes para el finde<\/h2>\n\n\n\n<p>Recuerda que en <a href=\"https:\/\/www.vidademadrid.com\/es\/42460\/agenda-junio-2022-madrid\/\"><strong>nuestra agenda de junio<\/strong><\/a>&nbsp;y en el <strong><a href=\"http:\/\/vidademadrid.com\/planes\">especial Planes<\/a><\/strong> puedes consultar muchos m\u00e1s planes para estos d\u00edas. Adem\u00e1s puedes seguir <a href=\"https:\/\/www.instagram.com\/VidaDeMadrid\/\">nuestros reportajes diarios en IG Stories @vidademadrid<\/a>&#8230; \u00a1durante el finde vamos a descubrir m\u00e1s novedades! S\u00edguenos tambi\u00e9n en <a href=\"https:\/\/www.tiktok.com\/@vida_demadrid\">TikTok<\/a>, <a href=\"https:\/\/www.facebook.com\/vidademadrid\">Facebook<\/a> o <a href=\"https:\/\/twitter.com\/VidaDeMadrid\">Twitter<\/a> para no perderte nada.<\/p>\n\n\n\n<p><\/p>\n","protected":false},"excerpt":{"rendered":"<p>Nuestro especial para no perderte nada este finde: exposiciones, actividades, fiestas y nuevas ideas de restaurantes.<\/p>\n","protected":false},"author":13,"featured_media":42612,"comment_status":"open","ping_status":"open","sticky":false,"template":"","format":"standard","meta":{"footnotes":""},"categories":[1],"tags":[],"class_list":{"0":"post-42583","1":"post","2":"type-post","3":"status-publish","4":"format-standard","5":"has-post-thumbnail","7":"category-varios"},"_links":{"self":[{"href":"https:\/\/www.vidademadrid.com\/es\/wp-json\/wp\/v2\/posts\/42583","targetHints":{"allow":["GET"]}}],"collection":[{"href":"https:\/\/www.vidademadrid.com\/es\/wp-json\/wp\/v2\/posts"}],"about":[{"href":"https:\/\/www.vidademadrid.com\/es\/wp-json\/wp\/v2\/types\/post"}],"author":[{"embeddable":true,"href":"https:\/\/www.vidademadrid.com\/es\/wp-json\/wp\/v2\/users\/13"}],"replies":[{"embeddable":true,"href":"https:\/\/www.vidademadrid.com\/es\/wp-json\/wp\/v2\/comments?post=42583"}],"version-history":[{"count":10,"href":"https:\/\/www.vidademadrid.com\/es\/wp-json\/wp\/v2\/posts\/42583\/revisions"}],"predecessor-version":[{"id":42768,"href":"https:\/\/www.vidademadrid.com\/es\/wp-json\/wp\/v2\/posts\/42583\/revisions\/42768"}],"wp:featuredmedia":[{"embeddable":true,"href":"https:\/\/www.vidademadrid.com\/es\/wp-json\/wp\/v2\/media\/42612"}],"wp:attachment":[{"href":"https:\/\/www.vidademadrid.com\/es\/wp-json\/wp\/v2\/media?parent=42583"}],"wp:term":[{"taxonomy":"category","embeddable":true,"href":"https:\/\/www.vidademadrid.com\/es\/wp-json\/wp\/v2\/categories?post=42583"},{"taxonomy":"post_tag","embeddable":true,"href":"https:\/\/www.vidademadrid.com\/es\/wp-json\/wp\/v2\/tags?post=42583"}],"curies":[{"name":"wp","href":"https:\/\/api.w.org\/{rel}","templated":true}]}}