{"id":42560,"date":"2022-06-01T18:13:19","date_gmt":"2022-06-01T16:13:19","guid":{"rendered":"https:\/\/www.vidademadrid.com\/es\/?p=42560"},"modified":"2022-06-01T18:13:25","modified_gmt":"2022-06-01T16:13:25","slug":"competicion-raza-perros-2022-ifema-entradas","status":"publish","type":"post","link":"https:\/\/www.vidademadrid.com\/es\/42560\/competicion-raza-perros-2022-ifema-entradas\/","title":{"rendered":"Llega a IFEMA la mayor Competici\u00f3n de Perros de Raza"},"content":{"rendered":"\n<p>Este junio distintos ejemplares de razas de perro de todo el mundo se re\u00fanen en la mayor <strong>Competici\u00f3n Mundial de Perros de Raza en IFEMA<\/strong>. Un encuentro \u00fanico para el p\u00fablico aficionado y los amantes de los perros de Espa\u00f1a. Te lo contamos todo en este art\u00edculo.<\/p>\n\n\n\n<h2 class=\"wp-block-heading\">World Dog Show, la mayor Competici\u00f3n de Perros de Raza<\/h2>\n\n\n\n<script async src=\"https:\/\/pagead2.googlesyndication.com\/pagead\/js\/adsbygoogle.js\"><\/script> <ins class=\"adsbygoogle\"  style=\"display:block\" data-ad-format=\"fluid\" data-ad-layout-key=\"-7f+eo+1+2-5\" data-ad-client=\"ca-pub-7450064428034605\" data-ad-slot=\"7327027071\"><\/ins><script>(adsbygoogle = window.adsbygoogle || []).push({});<\/script>\n\n\n\n\n<p>Del <strong>23 al 26 de junio<\/strong> podr\u00e1s disfrutar de <strong>World Dog Show<\/strong>, la mayor Competici\u00f3n Mundial de Perros de Raza. Un evento en el que participa la Real Sociedad Canina de Espa\u00f1a y que tendr\u00e1 lugar en <strong>IFEMA<\/strong>.<\/p>\n\n\n\n<p>Durante 4 d\u00edas desfilar\u00e1n por el Recinto Ferial <strong>m\u00e1s de 10.000 perros de m\u00e1s de 200 razas. <\/strong>Se podr\u00e1n ver razas como el teckel, el schnauzer miniatura, el dogo alem\u00e1n o el caniche siempre acompa\u00f1ados por criadores expertos de los 5 continentes que se encargar\u00e1n de proporcionar las mejores condiciones para la correcta celebraci\u00f3n del evento.<\/p>\n\n\n\n<h2 class=\"wp-block-heading\">Competici\u00f3n y otros servicios del World Dog Show<\/h2>\n\n\n\n<script async src=\"https:\/\/pagead2.googlesyndication.com\/pagead\/js\/adsbygoogle.js\"><\/script> <ins class=\"adsbygoogle\" style=\"display:block; text-align:center;\" data-ad-layout=\"in-article\" data-ad-format=\"fluid\" data-ad-client=\"ca-pub-7450064428034605\" data-ad-slot=\"5670045061\"><\/ins> <script>(adsbygoogle = window.adsbygoogle || []).push({});<\/script>\n\n\n\n\n<p>En esta competici\u00f3n los perros participar\u00e1n en una de las <strong>8 categor\u00edas<\/strong> (Baby, Cachorros, Joven, Intermedia, Abierta, Trabajo, Campeones y Veteranos). Una vez finalizado el desfile, los <strong>m\u00e1s de 100 jueces<\/strong> caninos de m\u00e1s de 30 pa\u00edses elegir\u00e1n a los mejores ejemplares que ocupar\u00e1n el ring central con el t\u00edtulo BIS (Best In Show, el mejor del mundo).<\/p>\n\n\n\n<p>Los desfiles se har\u00e1n en los <strong>pabellones\u00a05, 6, 7, 8 y 10 del Recinto Ferial<\/strong>. En este \u00faltimo estar\u00e1\u00a0el ring central donde se celebrar\u00e1n las finales. Adem\u00e1s los visitantes tambi\u00e9n tendr\u00e1n la opci\u00f3n de conocer y comprar las novedades de las 34 marcas presentes durante del evento entre las que destacan Arion (patrocinador oficial) o Royal Canin.<\/p>\n","protected":false},"excerpt":{"rendered":"<p>Con m\u00e1s de 10.000 perros de m\u00e1s de 200 razas<\/p>\n","protected":false},"author":13,"featured_media":42562,"comment_status":"open","ping_status":"open","sticky":false,"template":"","format":"standard","meta":{"footnotes":""},"categories":[1],"tags":[],"class_list":{"0":"post-42560","1":"post","2":"type-post","3":"status-publish","4":"format-standard","5":"has-post-thumbnail","7":"category-varios"},"_links":{"self":[{"href":"https:\/\/www.vidademadrid.com\/es\/wp-json\/wp\/v2\/posts\/42560","targetHints":{"allow":["GET"]}}],"collection":[{"href":"https:\/\/www.vidademadrid.com\/es\/wp-json\/wp\/v2\/posts"}],"about":[{"href":"https:\/\/www.vidademadrid.com\/es\/wp-json\/wp\/v2\/types\/post"}],"author":[{"embeddable":true,"href":"https:\/\/www.vidademadrid.com\/es\/wp-json\/wp\/v2\/users\/13"}],"replies":[{"embeddable":true,"href":"https:\/\/www.vidademadrid.com\/es\/wp-json\/wp\/v2\/comments?post=42560"}],"version-history":[{"count":3,"href":"https:\/\/www.vidademadrid.com\/es\/wp-json\/wp\/v2\/posts\/42560\/revisions"}],"predecessor-version":[{"id":42564,"href":"https:\/\/www.vidademadrid.com\/es\/wp-json\/wp\/v2\/posts\/42560\/revisions\/42564"}],"wp:featuredmedia":[{"embeddable":true,"href":"https:\/\/www.vidademadrid.com\/es\/wp-json\/wp\/v2\/media\/42562"}],"wp:attachment":[{"href":"https:\/\/www.vidademadrid.com\/es\/wp-json\/wp\/v2\/media?parent=42560"}],"wp:term":[{"taxonomy":"category","embeddable":true,"href":"https:\/\/www.vidademadrid.com\/es\/wp-json\/wp\/v2\/categories?post=42560"},{"taxonomy":"post_tag","embeddable":true,"href":"https:\/\/www.vidademadrid.com\/es\/wp-json\/wp\/v2\/tags?post=42560"}],"curies":[{"name":"wp","href":"https:\/\/api.w.org\/{rel}","templated":true}]}}