{"id":42542,"date":"2022-06-01T11:21:53","date_gmt":"2022-06-01T09:21:53","guid":{"rendered":"https:\/\/www.vidademadrid.com\/es\/?p=42542"},"modified":"2022-06-01T11:22:15","modified_gmt":"2022-06-01T09:22:15","slug":"mercado-flores-vogue-barrio-salamanca-2022","status":"publish","type":"post","link":"https:\/\/www.vidademadrid.com\/es\/42542\/mercado-flores-vogue-barrio-salamanca-2022\/","title":{"rendered":"Vuelve el Mercado de las Flores de la Primavera de Vogue 2022"},"content":{"rendered":"<p>Uno de los eventos m\u00e1s celebrados de la primavera en Madrid vuelve con su edici\u00f3n 2022, el&nbsp;<strong>Mercado de las Flores de la Primavera de Vogue.&nbsp;<\/strong>Organizado por la revista Vogue, junto con el Ayuntamiento de Madrid y la asociaci\u00f3n de comerciantes Distrito 41, se crear\u00e1 un jard\u00edn al aire libre. Sigue leyendo este art\u00edculo para conocer toda la informaci\u00f3n.&nbsp;<\/p>\n<h2>Mercado de las Flores de la Primavera de Vogue 2022&nbsp;<\/h2>\n\n<script async=\"\" src=\"https:\/\/pagead2.googlesyndication.com\/pagead\/js\/adsbygoogle.js\"><\/script> <ins class=\"adsbygoogle\" style=\"display:block\" data-ad-format=\"fluid\" data-ad-layout-key=\"-7f+eo+1+2-5\" data-ad-client=\"ca-pub-7450064428034605\" data-ad-slot=\"7327027071\"><\/ins><script>(adsbygoogle = window.adsbygoogle || []).push({});<\/script>\n\n<p>Un espectacular jard\u00edn al aire libre con flores de las&nbsp;<strong>25 mejores florister\u00edas de la capital&nbsp;<\/strong>que acudir\u00e1n al&nbsp;<strong>Mercado de las Flores de la Primavera&nbsp;<\/strong>con sus mejores galas florales. Esta cita ser\u00e1 el lugar perfecto para conocer las \u00faltimas tendencias relacionadas con el mundo de las flores.&nbsp;<\/p>\n<p>Adem\u00e1s, en el stand del&nbsp;<strong>Distrito 41,&nbsp;<\/strong>habr\u00e1 una decoraci\u00f3n muy especial y un sorteo de un cheque valorado en 600 euros entre los asistentes que podr\u00e1 ser utilizado en cualquier establecimiento de restauraci\u00f3n, moda, belleza o arte que forma parte de esta asociaci\u00f3n de comercios premium del Barrio de Salamanca.&nbsp;<\/p>\n<p>En este evento, que se celebra desde el a\u00f1o 2015, tambi\u00e9n se podr\u00e1n disfrutar de descuentos en tiendas, hoteles y establecimientos de Distrito 41 como <strong>Latitud 40 Premium Travel, El Ganso, Javier Morato, Platea Madrid, La \u00danica Madrid, Pasteler\u00eda Mallorca, Hotel Wellington, Dockers, Maison Sisley,&nbsp;<\/strong>entre otros.&nbsp;<\/p>\n<h2>Visita el Mercado de las Flores de Primavera de Vogue 2022&nbsp;<\/h2>\n\n<script async=\"\" src=\"https:\/\/pagead2.googlesyndication.com\/pagead\/js\/adsbygoogle.js\"><\/script> <ins class=\"adsbygoogle\" style=\"display:block; text-align:center;\" data-ad-layout=\"in-article\" data-ad-format=\"fluid\" data-ad-client=\"ca-pub-7450064428034605\" data-ad-slot=\"5670045061\"><\/ins> <script>(adsbygoogle = window.adsbygoogle || []).push({});<\/script>\n\n<p>El&nbsp;<strong>Mercado de las Flores de Primavera de Vogue&nbsp;<\/strong>se celebrar\u00e1 el&nbsp;<strong>s\u00e1bado 4 de junio&nbsp;<\/strong>en la&nbsp;<strong>calle Jorge Juan,&nbsp;<\/strong>entre Serrano y Vel\u00e1zquez. El horario ser\u00e1 de las&nbsp;<strong>12 a las 20 horas.&nbsp;<\/strong><\/p>\n<figure id=\"attachment_42544\" aria-describedby=\"caption-attachment-42544\" style=\"width: 968px\" class=\"wp-caption alignnone\"><a href=\"https:\/\/www.vidademadrid.com\/es\/wp-content\/uploads\/2022\/06\/8838af31-faac-30f6-c073-fe6b199cbfc6.jpeg\"><img loading=\"lazy\" decoding=\"async\" class=\"size-full wp-image-42544\" src=\"https:\/\/www.vidademadrid.com\/es\/wp-content\/uploads\/2022\/06\/8838af31-faac-30f6-c073-fe6b199cbfc6.jpeg\" alt=\"\" width=\"968\" height=\"1200\" srcset=\"https:\/\/www.vidademadrid.com\/es\/wp-content\/uploads\/2022\/06\/8838af31-faac-30f6-c073-fe6b199cbfc6.jpeg 968w, https:\/\/www.vidademadrid.com\/es\/wp-content\/uploads\/2022\/06\/8838af31-faac-30f6-c073-fe6b199cbfc6-242x300.jpeg 242w, https:\/\/www.vidademadrid.com\/es\/wp-content\/uploads\/2022\/06\/8838af31-faac-30f6-c073-fe6b199cbfc6-826x1024.jpeg 826w, https:\/\/www.vidademadrid.com\/es\/wp-content\/uploads\/2022\/06\/8838af31-faac-30f6-c073-fe6b199cbfc6-768x952.jpeg 768w, https:\/\/www.vidademadrid.com\/es\/wp-content\/uploads\/2022\/06\/8838af31-faac-30f6-c073-fe6b199cbfc6-696x863.jpeg 696w, https:\/\/www.vidademadrid.com\/es\/wp-content\/uploads\/2022\/06\/8838af31-faac-30f6-c073-fe6b199cbfc6-339x420.jpeg 339w\" sizes=\"auto, (max-width: 968px) 100vw, 968px\" \/><\/a><figcaption id=\"caption-attachment-42544\" class=\"wp-caption-text\">Foto: Prensa<\/figcaption><\/figure>\n\n\n<p><\/p>\n","protected":false},"excerpt":{"rendered":"<p>Adem\u00e1s habr\u00e1 descuentos en tiendas, hoteles y otros establecimientos. <\/p>\n","protected":false},"author":15,"featured_media":42545,"comment_status":"open","ping_status":"open","sticky":false,"template":"","format":"standard","meta":{"footnotes":""},"categories":[101],"tags":[],"class_list":{"0":"post-42542","1":"post","2":"type-post","3":"status-publish","4":"format-standard","5":"has-post-thumbnail","7":"category-ferias-fiestas-mercados-madrid"},"_links":{"self":[{"href":"https:\/\/www.vidademadrid.com\/es\/wp-json\/wp\/v2\/posts\/42542","targetHints":{"allow":["GET"]}}],"collection":[{"href":"https:\/\/www.vidademadrid.com\/es\/wp-json\/wp\/v2\/posts"}],"about":[{"href":"https:\/\/www.vidademadrid.com\/es\/wp-json\/wp\/v2\/types\/post"}],"author":[{"embeddable":true,"href":"https:\/\/www.vidademadrid.com\/es\/wp-json\/wp\/v2\/users\/15"}],"replies":[{"embeddable":true,"href":"https:\/\/www.vidademadrid.com\/es\/wp-json\/wp\/v2\/comments?post=42542"}],"version-history":[{"count":1,"href":"https:\/\/www.vidademadrid.com\/es\/wp-json\/wp\/v2\/posts\/42542\/revisions"}],"predecessor-version":[{"id":42546,"href":"https:\/\/www.vidademadrid.com\/es\/wp-json\/wp\/v2\/posts\/42542\/revisions\/42546"}],"wp:featuredmedia":[{"embeddable":true,"href":"https:\/\/www.vidademadrid.com\/es\/wp-json\/wp\/v2\/media\/42545"}],"wp:attachment":[{"href":"https:\/\/www.vidademadrid.com\/es\/wp-json\/wp\/v2\/media?parent=42542"}],"wp:term":[{"taxonomy":"category","embeddable":true,"href":"https:\/\/www.vidademadrid.com\/es\/wp-json\/wp\/v2\/categories?post=42542"},{"taxonomy":"post_tag","embeddable":true,"href":"https:\/\/www.vidademadrid.com\/es\/wp-json\/wp\/v2\/tags?post=42542"}],"curies":[{"name":"wp","href":"https:\/\/api.w.org\/{rel}","templated":true}]}}