{"id":42479,"date":"2022-06-30T09:26:00","date_gmt":"2022-06-30T07:26:00","guid":{"rendered":"https:\/\/www.vidademadrid.com\/es\/?p=42479"},"modified":"2022-07-01T14:20:15","modified_gmt":"2022-07-01T12:20:15","slug":"madcool2022-cartel-entradas-fechas","status":"publish","type":"post","link":"https:\/\/www.vidademadrid.com\/es\/42479\/madcool2022-cartel-entradas-fechas\/","title":{"rendered":"Vuelve Mad Cool 2022: cartel definitivo, horarios y entradas"},"content":{"rendered":"<h1>Actualizaci\u00f3n del 1 de julio 2022<\/h1>\n<h2>Horarios de Mad Cool 2022<\/h2>\n<p>Estos son los horarios oficiales con todas las actuaciones de Mad Cool 2022 en los siete escenarios:<\/p>\n<p><a href=\"https:\/\/www.vidademadrid.com\/es\/wp-content\/uploads\/2022\/06\/unnamed-3.jpg\"><img loading=\"lazy\" decoding=\"async\" class=\"aligncenter size-full wp-image-43342\" src=\"https:\/\/www.vidademadrid.com\/es\/wp-content\/uploads\/2022\/06\/unnamed-3.jpg\" alt=\"\" width=\"700\" height=\"525\" srcset=\"https:\/\/www.vidademadrid.com\/es\/wp-content\/uploads\/2022\/06\/unnamed-3.jpg 700w, https:\/\/www.vidademadrid.com\/es\/wp-content\/uploads\/2022\/06\/unnamed-3-300x225.jpg 300w, https:\/\/www.vidademadrid.com\/es\/wp-content\/uploads\/2022\/06\/unnamed-3-696x522.jpg 696w, https:\/\/www.vidademadrid.com\/es\/wp-content\/uploads\/2022\/06\/unnamed-3-560x420.jpg 560w, https:\/\/www.vidademadrid.com\/es\/wp-content\/uploads\/2022\/06\/unnamed-3-80x60.jpg 80w, https:\/\/www.vidademadrid.com\/es\/wp-content\/uploads\/2022\/06\/unnamed-3-265x198.jpg 265w\" sizes=\"auto, (max-width: 700px) 100vw, 700px\" \/><\/a><\/p>\n<p><a href=\"https:\/\/www.vidademadrid.com\/es\/wp-content\/uploads\/2022\/06\/unnamed-4.jpg\"><img loading=\"lazy\" decoding=\"async\" class=\"aligncenter size-full wp-image-43341\" src=\"https:\/\/www.vidademadrid.com\/es\/wp-content\/uploads\/2022\/06\/unnamed-4.jpg\" alt=\"\" width=\"700\" height=\"525\" srcset=\"https:\/\/www.vidademadrid.com\/es\/wp-content\/uploads\/2022\/06\/unnamed-4.jpg 700w, https:\/\/www.vidademadrid.com\/es\/wp-content\/uploads\/2022\/06\/unnamed-4-300x225.jpg 300w, https:\/\/www.vidademadrid.com\/es\/wp-content\/uploads\/2022\/06\/unnamed-4-696x522.jpg 696w, https:\/\/www.vidademadrid.com\/es\/wp-content\/uploads\/2022\/06\/unnamed-4-560x420.jpg 560w, https:\/\/www.vidademadrid.com\/es\/wp-content\/uploads\/2022\/06\/unnamed-4-80x60.jpg 80w, https:\/\/www.vidademadrid.com\/es\/wp-content\/uploads\/2022\/06\/unnamed-4-265x198.jpg 265w\" sizes=\"auto, (max-width: 700px) 100vw, 700px\" \/><\/a><\/p>\n<p><a href=\"https:\/\/www.vidademadrid.com\/es\/wp-content\/uploads\/2022\/06\/unnamed-5.jpg\"><img loading=\"lazy\" decoding=\"async\" class=\"aligncenter size-full wp-image-43340\" src=\"https:\/\/www.vidademadrid.com\/es\/wp-content\/uploads\/2022\/06\/unnamed-5.jpg\" alt=\"\" width=\"700\" height=\"525\" srcset=\"https:\/\/www.vidademadrid.com\/es\/wp-content\/uploads\/2022\/06\/unnamed-5.jpg 700w, https:\/\/www.vidademadrid.com\/es\/wp-content\/uploads\/2022\/06\/unnamed-5-300x225.jpg 300w, https:\/\/www.vidademadrid.com\/es\/wp-content\/uploads\/2022\/06\/unnamed-5-696x522.jpg 696w, https:\/\/www.vidademadrid.com\/es\/wp-content\/uploads\/2022\/06\/unnamed-5-560x420.jpg 560w, https:\/\/www.vidademadrid.com\/es\/wp-content\/uploads\/2022\/06\/unnamed-5-80x60.jpg 80w, https:\/\/www.vidademadrid.com\/es\/wp-content\/uploads\/2022\/06\/unnamed-5-265x198.jpg 265w\" sizes=\"auto, (max-width: 700px) 100vw, 700px\" \/><\/a><\/p>\n<p><a href=\"https:\/\/www.vidademadrid.com\/es\/wp-content\/uploads\/2022\/06\/unnamed-6.jpg\"><img loading=\"lazy\" decoding=\"async\" class=\"aligncenter size-full wp-image-43339\" src=\"https:\/\/www.vidademadrid.com\/es\/wp-content\/uploads\/2022\/06\/unnamed-6.jpg\" alt=\"\" width=\"700\" height=\"525\" srcset=\"https:\/\/www.vidademadrid.com\/es\/wp-content\/uploads\/2022\/06\/unnamed-6.jpg 700w, https:\/\/www.vidademadrid.com\/es\/wp-content\/uploads\/2022\/06\/unnamed-6-300x225.jpg 300w, https:\/\/www.vidademadrid.com\/es\/wp-content\/uploads\/2022\/06\/unnamed-6-696x522.jpg 696w, https:\/\/www.vidademadrid.com\/es\/wp-content\/uploads\/2022\/06\/unnamed-6-560x420.jpg 560w, https:\/\/www.vidademadrid.com\/es\/wp-content\/uploads\/2022\/06\/unnamed-6-80x60.jpg 80w, https:\/\/www.vidademadrid.com\/es\/wp-content\/uploads\/2022\/06\/unnamed-6-265x198.jpg 265w\" sizes=\"auto, (max-width: 700px) 100vw, 700px\" \/><\/a><\/p>\n<h2><a href=\"https:\/\/www.vidademadrid.com\/es\/wp-content\/uploads\/2022\/06\/unnamed-7.jpg\"><br \/>\n<img loading=\"lazy\" decoding=\"async\" class=\"aligncenter size-full wp-image-43338\" src=\"https:\/\/www.vidademadrid.com\/es\/wp-content\/uploads\/2022\/06\/unnamed-7.jpg\" alt=\"\" width=\"700\" height=\"525\" srcset=\"https:\/\/www.vidademadrid.com\/es\/wp-content\/uploads\/2022\/06\/unnamed-7.jpg 700w, https:\/\/www.vidademadrid.com\/es\/wp-content\/uploads\/2022\/06\/unnamed-7-300x225.jpg 300w, https:\/\/www.vidademadrid.com\/es\/wp-content\/uploads\/2022\/06\/unnamed-7-696x522.jpg 696w, https:\/\/www.vidademadrid.com\/es\/wp-content\/uploads\/2022\/06\/unnamed-7-560x420.jpg 560w, https:\/\/www.vidademadrid.com\/es\/wp-content\/uploads\/2022\/06\/unnamed-7-80x60.jpg 80w, https:\/\/www.vidademadrid.com\/es\/wp-content\/uploads\/2022\/06\/unnamed-7-265x198.jpg 265w\" sizes=\"auto, (max-width: 700px) 100vw, 700px\" \/><\/a><\/h2>\n<h1>Actualizaci\u00f3n del 10 de junio 2022<\/h1>\n<h2>Cartel definitivo de Mad Cool 2022<\/h2>\n<p>Con la cancelaci\u00f3n de Queens of the Stone Age y la incorporaci\u00f3n de Incubus, se completa el cartel de Mad Cool 2022, que tendr\u00e1 lugar en el recinto de Valdebebas del 6 al 10 de julio. A continuaci\u00f3n el cartel definitivo.<\/p>\n<figure id=\"attachment_42796\" aria-describedby=\"caption-attachment-42796\" style=\"width: 800px\" class=\"wp-caption aligncenter\"><a href=\"https:\/\/www.vidademadrid.com\/es\/wp-content\/uploads\/2022\/05\/mad-cool-2022-definitivo-cartel-madrid-.jpg\"><img loading=\"lazy\" decoding=\"async\" class=\"size-full wp-image-42796\" src=\"https:\/\/www.vidademadrid.com\/es\/wp-content\/uploads\/2022\/05\/mad-cool-2022-definitivo-cartel-madrid-.jpg\" alt=\"\" width=\"800\" height=\"1000\" srcset=\"https:\/\/www.vidademadrid.com\/es\/wp-content\/uploads\/2022\/05\/mad-cool-2022-definitivo-cartel-madrid-.jpg 800w, https:\/\/www.vidademadrid.com\/es\/wp-content\/uploads\/2022\/05\/mad-cool-2022-definitivo-cartel-madrid--240x300.jpg 240w, https:\/\/www.vidademadrid.com\/es\/wp-content\/uploads\/2022\/05\/mad-cool-2022-definitivo-cartel-madrid--768x960.jpg 768w, https:\/\/www.vidademadrid.com\/es\/wp-content\/uploads\/2022\/05\/mad-cool-2022-definitivo-cartel-madrid--696x870.jpg 696w, https:\/\/www.vidademadrid.com\/es\/wp-content\/uploads\/2022\/05\/mad-cool-2022-definitivo-cartel-madrid--336x420.jpg 336w\" sizes=\"auto, (max-width: 800px) 100vw, 800px\" \/><\/a><figcaption id=\"caption-attachment-42796\" class=\"wp-caption-text\">Foto: cartel final Mad Cool 2022<\/figcaption><\/figure>\n<h1>Art\u00edculo de mayo 2022<\/h1>\n<p>El\u00a0<strong>Festival Mad Cool <\/strong>vuelve este 2022 a Madrid tras dos a\u00f1os de cancelaci\u00f3n por la pandemia del Covid-19. Los asistentes podr\u00e1n disfrutar de m\u00fasica de\u00a0<strong>artistas nacionales e internacionales<\/strong> durante cinco d\u00edas. Conoce toda la informaci\u00f3n en este art\u00edculo.<\/p>\n<h2>Mad Cool 2022: Festival<\/h2>\n<p><script async=\"\" src=\"https:\/\/pagead2.googlesyndication.com\/pagead\/js\/adsbygoogle.js\"><\/script> <ins class=\"adsbygoogle\" style=\"display: block;\" data-ad-format=\"fluid\" data-ad-layout-key=\"-7f+eo+1+2-5\" data-ad-client=\"ca-pub-7450064428034605\" data-ad-slot=\"7327027071\"><\/ins><script>(adsbygoogle = window.adsbygoogle || []).push({});<\/script>El\u00a0<strong>Mad Cool\u00a0<\/strong>vuelve este a\u00f1o para hacer bailar a Madrid durante cinco d\u00edas con artistas como <strong>Metallica, Twenty One Pilots, Placebo, Imagin Dragons, Muse, Stormzy, The Killers, Queen of the Stone Age, Kings of Leon, Florence + The Machine, Pixies, Nathy Peluso, Jack White, Natos y Waor, <\/strong>y muchos m\u00e1s (al final del post el cartel completo por d\u00eda).<\/p>\n<p>Tras dos a\u00f1os en los que se cancelaron las presentaciones por la crisis sanitaria\u00a0 Covid-19 vuelve al\u00a0<strong>recinto de Valdebebas &#8211; IFEMA\u00a0<\/strong>(Metro Feria de Madrid).<\/p>\n<h2>Mad Cool 2022: Entradas<\/h2>\n<p><script async=\"\" src=\"https:\/\/pagead2.googlesyndication.com\/pagead\/js\/adsbygoogle.js\"><\/script> <ins class=\"adsbygoogle\" style=\"display: block; text-align: center;\" data-ad-layout=\"in-article\" data-ad-format=\"fluid\" data-ad-client=\"ca-pub-7450064428034605\" data-ad-slot=\"5670045061\"><\/ins> <script>(adsbygoogle = window.adsbygoogle || []).push({});<\/script>El\u00a0<strong>Mad Cool 2022 <\/strong>ser\u00e1 los d\u00edas <strong>6, 7, 8, 9 y 10 de julio.\u00a0<\/strong>Algunas entradas siguen disponibles y est\u00e1n a la venta por <a href=\"http:\/\/ticketmaster-es.tm7508.net\/mgVOzO\"><strong>Ticketmaster\u00a0<\/strong><\/a>(a <strong>75 euros\u00a0<\/strong>la entrada general mientras que la del\u00a0<strong>domingo 10 de julio\u00a0<\/strong>cuesta <strong>65 euros<\/strong>)<strong>. <\/strong>Los menores de 16 a\u00f1os deber\u00e1n entrar con un adulto y los ni\u00f1os de\u00a0<strong>0 a 8 a\u00f1os entran gratis\u00a0<\/strong>acompa\u00f1ados por un adulto.<\/p>\n<h2>Mad Cool 2022: Cartel por d\u00eda<\/h2>\n<figure id=\"attachment_42481\" aria-describedby=\"caption-attachment-42481\" style=\"width: 2048px\" class=\"wp-caption alignnone\"><a href=\"https:\/\/www.vidademadrid.com\/es\/wp-content\/uploads\/2022\/05\/MC22-POSTER-19M-scaled.jpeg\"><img loading=\"lazy\" decoding=\"async\" class=\"size-full wp-image-42481\" src=\"https:\/\/www.vidademadrid.com\/es\/wp-content\/uploads\/2022\/05\/MC22-POSTER-19M-scaled.jpeg\" alt=\"\" width=\"2048\" height=\"2560\" srcset=\"https:\/\/www.vidademadrid.com\/es\/wp-content\/uploads\/2022\/05\/MC22-POSTER-19M-scaled.jpeg 2048w, https:\/\/www.vidademadrid.com\/es\/wp-content\/uploads\/2022\/05\/MC22-POSTER-19M-240x300.jpeg 240w, https:\/\/www.vidademadrid.com\/es\/wp-content\/uploads\/2022\/05\/MC22-POSTER-19M-819x1024.jpeg 819w, https:\/\/www.vidademadrid.com\/es\/wp-content\/uploads\/2022\/05\/MC22-POSTER-19M-768x960.jpeg 768w, https:\/\/www.vidademadrid.com\/es\/wp-content\/uploads\/2022\/05\/MC22-POSTER-19M-1229x1536.jpeg 1229w, https:\/\/www.vidademadrid.com\/es\/wp-content\/uploads\/2022\/05\/MC22-POSTER-19M-1638x2048.jpeg 1638w, https:\/\/www.vidademadrid.com\/es\/wp-content\/uploads\/2022\/05\/MC22-POSTER-19M-696x870.jpeg 696w, https:\/\/www.vidademadrid.com\/es\/wp-content\/uploads\/2022\/05\/MC22-POSTER-19M-1068x1335.jpeg 1068w, https:\/\/www.vidademadrid.com\/es\/wp-content\/uploads\/2022\/05\/MC22-POSTER-19M-1920x2400.jpeg 1920w, https:\/\/www.vidademadrid.com\/es\/wp-content\/uploads\/2022\/05\/MC22-POSTER-19M-336x420.jpeg 336w\" sizes=\"auto, (max-width: 2048px) 100vw, 2048px\" \/><\/a><figcaption id=\"caption-attachment-42481\" class=\"wp-caption-text\">Foto: MadCool<\/figcaption><\/figure>\n","protected":false},"excerpt":{"rendered":"<p>Vuelve despu\u00e9s de dos ediciones canceladas. <\/p>\n","protected":false},"author":15,"featured_media":42480,"comment_status":"open","ping_status":"open","sticky":false,"template":"","format":"standard","meta":{"footnotes":""},"categories":[11,101],"tags":[],"class_list":{"0":"post-42479","1":"post","2":"type-post","3":"status-publish","4":"format-standard","5":"has-post-thumbnail","7":"category-eventos-madrid","8":"category-ferias-fiestas-mercados-madrid"},"_links":{"self":[{"href":"https:\/\/www.vidademadrid.com\/es\/wp-json\/wp\/v2\/posts\/42479","targetHints":{"allow":["GET"]}}],"collection":[{"href":"https:\/\/www.vidademadrid.com\/es\/wp-json\/wp\/v2\/posts"}],"about":[{"href":"https:\/\/www.vidademadrid.com\/es\/wp-json\/wp\/v2\/types\/post"}],"author":[{"embeddable":true,"href":"https:\/\/www.vidademadrid.com\/es\/wp-json\/wp\/v2\/users\/15"}],"replies":[{"embeddable":true,"href":"https:\/\/www.vidademadrid.com\/es\/wp-json\/wp\/v2\/comments?post=42479"}],"version-history":[{"count":5,"href":"https:\/\/www.vidademadrid.com\/es\/wp-json\/wp\/v2\/posts\/42479\/revisions"}],"predecessor-version":[{"id":43345,"href":"https:\/\/www.vidademadrid.com\/es\/wp-json\/wp\/v2\/posts\/42479\/revisions\/43345"}],"wp:featuredmedia":[{"embeddable":true,"href":"https:\/\/www.vidademadrid.com\/es\/wp-json\/wp\/v2\/media\/42480"}],"wp:attachment":[{"href":"https:\/\/www.vidademadrid.com\/es\/wp-json\/wp\/v2\/media?parent=42479"}],"wp:term":[{"taxonomy":"category","embeddable":true,"href":"https:\/\/www.vidademadrid.com\/es\/wp-json\/wp\/v2\/categories?post=42479"},{"taxonomy":"post_tag","embeddable":true,"href":"https:\/\/www.vidademadrid.com\/es\/wp-json\/wp\/v2\/tags?post=42479"}],"curies":[{"name":"wp","href":"https:\/\/api.w.org\/{rel}","templated":true}]}}