{"id":42451,"date":"2022-05-30T16:44:26","date_gmt":"2022-05-30T14:44:26","guid":{"rendered":"https:\/\/www.vidademadrid.com\/es\/?p=42451"},"modified":"2022-05-30T16:44:32","modified_gmt":"2022-05-30T14:44:32","slug":"pasillo-fotos-artistas-musicales-metro-estadio-metropolitano","status":"publish","type":"post","link":"https:\/\/www.vidademadrid.com\/es\/42451\/pasillo-fotos-artistas-musicales-metro-estadio-metropolitano\/","title":{"rendered":"El Pasillo de la M\u00fasica del metro Estadio Metropolitano y listado de conciertos del Wanda"},"content":{"rendered":"\n<p>La estaci\u00f3n de <strong>metro de Estadio Metropolitano<\/strong> se llena de fotograf\u00edas de las caras de m\u00e1s de 60 artistas que han actuado en Madrid. Descubre todo sobre esta nueva exposici\u00f3n de fotograf\u00eda subterr\u00e1nea en este art\u00edculo. Adem\u00e1s, <strong>listado de conciertos<\/strong> de este a\u00f1o en el <strong>Wanda<\/strong>.&nbsp;<\/p>\n\n\n\n<script async src=\"https:\/\/pagead2.googlesyndication.com\/pagead\/js\/adsbygoogle.js\"><\/script> <ins class=\"adsbygoogle\"  style=\"display:block\" data-ad-format=\"fluid\" data-ad-layout-key=\"-7f+eo+1+2-5\" data-ad-client=\"ca-pub-7450064428034605\" data-ad-slot=\"7327027071\"><\/ins><script>(adsbygoogle = window.adsbygoogle || []).push({});<\/script>\n\n\n\n<h2 class=\"wp-block-heading\">Exposici\u00f3n de fotograf\u00eda en la estaci\u00f3n de metro Estadio Metropolitano&nbsp;<\/h2>\n\n\n\n<p>Hoy, 30 de junio, la Presidenta de la Comunidad de Madrid, Isabel D\u00edaz Ayuso ha inaugurado el nuevo <strong>Pasillo de la M\u00fasica en la estaci\u00f3n de metro del Estadio Metropolitano<\/strong>. Un conjunto de m\u00e1s de 60 fotograf\u00edas de los artistas que han actuado en los escenarios de la capital. Podr\u00e1s ver a cantantes como Shakira, The Rolling Stones, Maluma, Madonna, Raphael, Los Secretos, Joaqu\u00edn Sabina, Alejandro Sanz o La Uni\u00f3n entre otros.&nbsp;<\/p>\n\n\n\n<p>Todas las fotos son del\u00a0fotoperiodista \u00c1ngel de Antonio que lo podr\u00e1s encontrar en redes sociales bajo el nombre de <a href=\"https:\/\/www.instagram.com\/aya_photo2020\/\">@aya_photo2020<\/a>.\u00a0<\/p>\n\n\n\n<figure class=\"wp-block-embed is-type-rich is-provider-twitter wp-block-embed-twitter\"><div class=\"wp-block-embed__wrapper\">\n<blockquote class=\"twitter-tweet\" data-width=\"550\" data-dnt=\"true\"><p lang=\"es\" dir=\"ltr\">? La Comunidad celebra la m\u00fasica con una galer\u00eda de artistas en la estaci\u00f3n de Estadio Metropolitano (L7). <a href=\"https:\/\/twitter.com\/RAPHAELartista?ref_src=twsrc%5Etfw\">@RAPHAELartista<\/a>, <a href=\"https:\/\/twitter.com\/los_secretos?ref_src=twsrc%5Etfw\">@los_secretos<\/a> y <a href=\"https:\/\/twitter.com\/rafasanchez_es?ref_src=twsrc%5Etfw\">@rafasanchez_es<\/a> han participado en la inauguraci\u00f3n.<br>?? \u00a1Ven a verlo!<a href=\"https:\/\/twitter.com\/hashtag\/PasilloDeLaM%C3%BAsica?src=hash&amp;ref_src=twsrc%5Etfw\">#PasilloDeLaM\u00fasica<\/a> <a href=\"https:\/\/t.co\/axsk5aCzzT\">pic.twitter.com\/axsk5aCzzT<\/a><\/p>&mdash; Metro de Madrid (@metro_madrid) <a href=\"https:\/\/twitter.com\/metro_madrid\/status\/1531264974257115138?ref_src=twsrc%5Etfw\">May 30, 2022<\/a><\/blockquote><script async src=\"https:\/\/platform.twitter.com\/widgets.js\" charset=\"utf-8\"><\/script>\n<\/div><\/figure>\n\n\n\n<script async src=\"https:\/\/pagead2.googlesyndication.com\/pagead\/js\/adsbygoogle.js\"><\/script> <ins class=\"adsbygoogle\" style=\"display:block; text-align:center;\" data-ad-layout=\"in-article\" data-ad-format=\"fluid\" data-ad-client=\"ca-pub-7450064428034605\" data-ad-slot=\"5670045061\"><\/ins> <script>(adsbygoogle = window.adsbygoogle || []).push({});<\/script>\n\n\n\n<h2 class=\"wp-block-heading\">Programaci\u00f3n conciertos Wanda Metropolitano<\/h2>\n\n\n\n<p>La exposici\u00f3n coincide con el arranque de los conciertos en el Wanda Metropolitano. Aqu\u00ed te dejamos un <strong>listado de los pr\u00f3ximos conciertos<\/strong>:&nbsp;<\/p>\n\n\n\n<ul class=\"wp-block-list\"><li>1 de junio: Rolling Stones&nbsp;<\/li><li>4 de junio: Alejandro Sanz<\/li><li>4 de junio: Aerosmith&nbsp;<\/li><li>10 de junio: Maudes Festival&nbsp;<\/li><li>20 de junio: Foo Fighters&nbsp;<\/li><li>25 de junio: 30 aniversario de Cadena 100<\/li><\/ul>\n\n\n\n<p><\/p>\n","protected":false},"excerpt":{"rendered":"<p>Temporada verano 2022<\/p>\n","protected":false},"author":13,"featured_media":42452,"comment_status":"open","ping_status":"open","sticky":false,"template":"","format":"standard","meta":{"footnotes":""},"categories":[23,3],"tags":[],"class_list":{"0":"post-42451","1":"post","2":"type-post","3":"status-publish","4":"format-standard","5":"has-post-thumbnail","7":"category-transportes-huelgas-madrid","8":"category-visita-madrid"},"_links":{"self":[{"href":"https:\/\/www.vidademadrid.com\/es\/wp-json\/wp\/v2\/posts\/42451","targetHints":{"allow":["GET"]}}],"collection":[{"href":"https:\/\/www.vidademadrid.com\/es\/wp-json\/wp\/v2\/posts"}],"about":[{"href":"https:\/\/www.vidademadrid.com\/es\/wp-json\/wp\/v2\/types\/post"}],"author":[{"embeddable":true,"href":"https:\/\/www.vidademadrid.com\/es\/wp-json\/wp\/v2\/users\/13"}],"replies":[{"embeddable":true,"href":"https:\/\/www.vidademadrid.com\/es\/wp-json\/wp\/v2\/comments?post=42451"}],"version-history":[{"count":3,"href":"https:\/\/www.vidademadrid.com\/es\/wp-json\/wp\/v2\/posts\/42451\/revisions"}],"predecessor-version":[{"id":42455,"href":"https:\/\/www.vidademadrid.com\/es\/wp-json\/wp\/v2\/posts\/42451\/revisions\/42455"}],"wp:featuredmedia":[{"embeddable":true,"href":"https:\/\/www.vidademadrid.com\/es\/wp-json\/wp\/v2\/media\/42452"}],"wp:attachment":[{"href":"https:\/\/www.vidademadrid.com\/es\/wp-json\/wp\/v2\/media?parent=42451"}],"wp:term":[{"taxonomy":"category","embeddable":true,"href":"https:\/\/www.vidademadrid.com\/es\/wp-json\/wp\/v2\/categories?post=42451"},{"taxonomy":"post_tag","embeddable":true,"href":"https:\/\/www.vidademadrid.com\/es\/wp-json\/wp\/v2\/tags?post=42451"}],"curies":[{"name":"wp","href":"https:\/\/api.w.org\/{rel}","templated":true}]}}