{"id":42438,"date":"2022-05-31T17:48:05","date_gmt":"2022-05-31T15:48:05","guid":{"rendered":"https:\/\/www.vidademadrid.com\/es\/?p=42438"},"modified":"2022-05-31T22:51:15","modified_gmt":"2022-05-31T20:51:15","slug":"exposicion-fotografica-antonello-dellanotte-westin-palace","status":"publish","type":"post","link":"https:\/\/www.vidademadrid.com\/es\/42438\/exposicion-fotografica-antonello-dellanotte-westin-palace\/","title":{"rendered":"Rincones de Madrid en la nueva exposici\u00f3n fotogr\u00e1fica del Palace"},"content":{"rendered":"\n<p>Las fotograf\u00edas de <strong>Antonello Dellanotte<\/strong>, fot\u00f3grafo de Madrid, ver\u00e1n la luz en una <strong>nueva exposici\u00f3n<\/strong> que tambi\u00e9n propone a sus visitantes una propuesta gastron\u00f3mica adaptada a las muestras del artista. Sigue leyendo y descubre todo sobre este evento.&nbsp;<\/p>\n\n\n\n<script async=\"\" src=\"https:\/\/pagead2.googlesyndication.com\/pagead\/js\/adsbygoogle.js\"><\/script> <ins class=\"adsbygoogle\" style=\"display:block\" data-ad-format=\"fluid\" data-ad-layout-key=\"-7f+eo+1+2-5\" data-ad-client=\"ca-pub-7450064428034605\" data-ad-slot=\"7327027071\"><\/ins><script>(adsbygoogle = window.adsbygoogle || []).push({});<\/script>\n\n\n\n<h2 class=\"wp-block-heading\">El Paisaje de la Luz, la nueva exposici\u00f3n fotogr\u00e1fica de Antonello Dellanotte&nbsp;<\/h2>\n\n\n\n<p>Antonello Dellanotte, fot\u00f3grafo de Madrid y sobre todo de El Parque del Retiro, re\u00fane su muestra fotogr\u00e1fica en <strong>\u00abEl Paisaje de la Luz\u00bb, la nueva exposici\u00f3n<\/strong> que se podr\u00e1 ver <strong>a partir del 2 de junio<\/strong> en el <strong>hotel The Westin Palace<\/strong> (Plaza de las Corte, 7).\u00a0<\/p>\n\n\n\n<p>El visitante podr\u00e1 apreciar una selecci\u00f3n de <strong>15 fotograf\u00edas<\/strong> de distintos <strong>rincones de la capital<\/strong>. Una exposici\u00f3n que se podr\u00e1 disfrutar tanto en <strong>formato f\u00edsico<\/strong> (hasta el 15 de septiembre de 2022) como en<strong> formato virtual<\/strong> a trav\u00e9s de la p\u00e1gina web (hsta el 31 de diciembre de 2022). &nbsp;<\/p>\n\n\n\n<p>Pero eso no es todo, para la ocasi\u00f3n Jos\u00e9 Luque, Chef Ejecutivo de The Westin Palace, ha creado un <strong>men\u00fa gastron\u00f3mico con 6 platos adaptados a algunas de las im\u00e1genes<\/strong> de la exposici\u00f3n. Podr\u00e1s consultar la propuesta de platos la <a href=\"https:\/\/expodelaluz.com\/el-menu-de-la-luz\/\">p\u00e1gina web de Expo de la Luz<\/a>.&nbsp;<\/p>\n\n\n\n<div class=\"wp-block-image\"><figure class=\"aligncenter\"><a href=\"https:\/\/www.vidademadrid.com\/es\/wp-content\/uploads\/2022\/05\/Captura-de-pantalla-2022-05-31-a-las-17.34.20.png\"><img loading=\"lazy\" decoding=\"async\" width=\"711\" height=\"472\" src=\"https:\/\/www.vidademadrid.com\/es\/wp-content\/uploads\/2022\/05\/Captura-de-pantalla-2022-05-31-a-las-17.34.20.png\" alt=\"\" class=\"wp-image-42488\" srcset=\"https:\/\/www.vidademadrid.com\/es\/wp-content\/uploads\/2022\/05\/Captura-de-pantalla-2022-05-31-a-las-17.34.20.png 711w, https:\/\/www.vidademadrid.com\/es\/wp-content\/uploads\/2022\/05\/Captura-de-pantalla-2022-05-31-a-las-17.34.20-300x199.png 300w, https:\/\/www.vidademadrid.com\/es\/wp-content\/uploads\/2022\/05\/Captura-de-pantalla-2022-05-31-a-las-17.34.20-696x462.png 696w, https:\/\/www.vidademadrid.com\/es\/wp-content\/uploads\/2022\/05\/Captura-de-pantalla-2022-05-31-a-las-17.34.20-633x420.png 633w\" sizes=\"auto, (max-width: 711px) 100vw, 711px\" \/><\/a><figcaption>Salpic\u00f3n de bogavante, cous cous de verduritas y gazpacho verde de aguacate, espinaca y pepino. Plato inspirado en la fotograf\u00eda de \u201cEl Real Jard\u00edn Bot\u00e1nico\u201d de Antonello Dellanotte<\/figcaption><\/figure><\/div>\n\n\n\n<script async=\"\" src=\"https:\/\/pagead2.googlesyndication.com\/pagead\/js\/adsbygoogle.js\"><\/script> <ins class=\"adsbygoogle\" style=\"display:block; text-align:center;\" data-ad-layout=\"in-article\" data-ad-format=\"fluid\" data-ad-client=\"ca-pub-7450064428034605\" data-ad-slot=\"5670045061\"><\/ins> <script>(adsbygoogle = window.adsbygoogle || []).push({});<\/script>\n\n\n\n<h2 class=\"wp-block-heading\">Horario y entradas exposici\u00f3n Paisaje de la Luz<\/h2>\n\n\n\n<p>El <strong>horario<\/strong> de visita es de lunes a s\u00e1bado de 11.00 h a 13.30 h y de 16.00 h a 19.30 h.&nbsp;El <strong>acceso<\/strong> a la exposici\u00f3n en formato f\u00edsico es <strong>gratuito<\/strong> hasta el 15 de septiembre de 2022.<\/p>\n","protected":false},"excerpt":{"rendered":"<p>Con una selecci\u00f3n de 15 obras de Antonello Dellanotte <\/p>\n","protected":false},"author":13,"featured_media":42489,"comment_status":"open","ping_status":"open","sticky":false,"template":"","format":"standard","meta":{"footnotes":""},"categories":[111],"tags":[],"class_list":{"0":"post-42438","1":"post","2":"type-post","3":"status-publish","4":"format-standard","5":"has-post-thumbnail","7":"category-exposiciones-madrid"},"_links":{"self":[{"href":"https:\/\/www.vidademadrid.com\/es\/wp-json\/wp\/v2\/posts\/42438","targetHints":{"allow":["GET"]}}],"collection":[{"href":"https:\/\/www.vidademadrid.com\/es\/wp-json\/wp\/v2\/posts"}],"about":[{"href":"https:\/\/www.vidademadrid.com\/es\/wp-json\/wp\/v2\/types\/post"}],"author":[{"embeddable":true,"href":"https:\/\/www.vidademadrid.com\/es\/wp-json\/wp\/v2\/users\/13"}],"replies":[{"embeddable":true,"href":"https:\/\/www.vidademadrid.com\/es\/wp-json\/wp\/v2\/comments?post=42438"}],"version-history":[{"count":5,"href":"https:\/\/www.vidademadrid.com\/es\/wp-json\/wp\/v2\/posts\/42438\/revisions"}],"predecessor-version":[{"id":42500,"href":"https:\/\/www.vidademadrid.com\/es\/wp-json\/wp\/v2\/posts\/42438\/revisions\/42500"}],"wp:featuredmedia":[{"embeddable":true,"href":"https:\/\/www.vidademadrid.com\/es\/wp-json\/wp\/v2\/media\/42489"}],"wp:attachment":[{"href":"https:\/\/www.vidademadrid.com\/es\/wp-json\/wp\/v2\/media?parent=42438"}],"wp:term":[{"taxonomy":"category","embeddable":true,"href":"https:\/\/www.vidademadrid.com\/es\/wp-json\/wp\/v2\/categories?post=42438"},{"taxonomy":"post_tag","embeddable":true,"href":"https:\/\/www.vidademadrid.com\/es\/wp-json\/wp\/v2\/tags?post=42438"}],"curies":[{"name":"wp","href":"https:\/\/api.w.org\/{rel}","templated":true}]}}