{"id":42415,"date":"2022-05-30T08:40:14","date_gmt":"2022-05-30T06:40:14","guid":{"rendered":"https:\/\/www.vidademadrid.com\/es\/?p=42415"},"modified":"2022-05-30T09:10:29","modified_gmt":"2022-05-30T07:10:29","slug":"sala-inmersiva-carola-morena-principe-pio-conciertos","status":"publish","type":"post","link":"https:\/\/www.vidademadrid.com\/es\/42415\/sala-inmersiva-carola-morena-principe-pio-conciertos\/","title":{"rendered":"Abre Carola Morena, la primera sala inmersiva en Madrid"},"content":{"rendered":"\n<p><strong>Carola Morena<\/strong>, as\u00ed se llamar\u00e1 la <strong>primera y \u00fanica sala inmersiva de la ciudad<\/strong>. Un nuevo mundo de luz y sonido que abrir\u00e1 sus puertas este junio en Pr\u00edncipe P\u00edo. Te contamos todos los detalles de esta apertura aqu\u00ed.<\/p>\n\n\n\n<script async=\"\" src=\"https:\/\/pagead2.googlesyndication.com\/pagead\/js\/adsbygoogle.js\"><\/script> <ins class=\"adsbygoogle\" style=\"display:block\" data-ad-format=\"fluid\" data-ad-layout-key=\"-7f+eo+1+2-5\" data-ad-client=\"ca-pub-7450064428034605\" data-ad-slot=\"7327027071\"><\/ins><script>(adsbygoogle = window.adsbygoogle || []).push({});<\/script>\n\n\n\n<h2 class=\"wp-block-heading\">Carola Morena, la \u00fanica sala inmersiva de Madrid<\/h2>\n\n\n\n<p>Si algo ha llamado la atenci\u00f3n este a\u00f1o 2022, han sido las exposiciones inmersivas, una experiencia de luz, sonido e imagen que no ha dejado indiferente a nadie. Por eso, el pr\u00f3ximo <strong>30 de junio<\/strong> abre por fin <strong>Carola Morena<\/strong>, la \u00fanica sala inmersiva de la ciudad que estar\u00e1 ubicada en uno de los lugares hist\u00f3ricos y empblem\u00e1ticos de la ciudad, <strong>Pr\u00edncipe P\u00edo<\/strong>.<\/p>\n\n\n\n<p>Esta sala contar\u00e1 con con <strong>m\u00e1s de 30.000 LEDs<\/strong> brillando a tu alrededor y videomapping. Adem\u00e1s, incluye &nbsp;un <strong>sistema de sonido \u00fanico<\/strong> en la pen\u00ednsula: sistema KV2 Audio, ideado y dise\u00f1ado por el legendario pionero del audio, George Krampera.<\/p>\n\n\n\n<p>El club tambi\u00e9n contar\u00e1 con <strong>dos zonas VIP y Super VIP<\/strong> gestionadas por&nbsp;Carola Morena Luxury con reservas de espacios exclusivos dentro de la sala para estrellas, celebrities, fiestas privadas y celebraciones especiales.<\/p>\n\n\n\n<script async=\"\" src=\"https:\/\/pagead2.googlesyndication.com\/pagead\/js\/adsbygoogle.js\"><\/script> <ins class=\"adsbygoogle\" style=\"display:block; text-align:center;\" data-ad-layout=\"in-article\" data-ad-format=\"fluid\" data-ad-client=\"ca-pub-7450064428034605\" data-ad-slot=\"5670045061\"><\/ins> <script>(adsbygoogle = window.adsbygoogle || []).push({});<\/script>\n\n\n\n<h2 class=\"wp-block-heading\">Pr\u00f3ximos eventos de Carola Morena&nbsp;<\/h2>\n\n\n\n<p>Su fundador, Javier Dom\u00ednguez, pretende que este lugar sea un <strong>espacio de agenda cultural, sala nocturna y eventos corporativos<\/strong>\u2026 Por eso por ahora dentro del programa de conciertos y sesiones est\u00e1n previstas:<\/p>\n\n\n\n<ul class=\"wp-block-list\"><li>Distintas <strong>fiestas<\/strong> dedicadas a un estilo de m\u00fasica: techno, house, temamos de los a\u00f1os 70&#8242;, 80&#8242; y 90&#8217;&#8230; Puedes consultar toda la informaci\u00f3n en la <a href=\"https:\/\/www.carolamorena.com\">p\u00e1gina web de Carola Morena<\/a>.<\/li><li><strong>Conciertos<\/strong>: Falete (1 y 2 de julio), Nalaya (8 de julio) y Roko (9 de julio). &nbsp;<\/li><\/ul>\n","protected":false},"excerpt":{"rendered":"<p>Con m\u00e1s de 30.000 LEDs y un nuevo sistema de sonido <\/p>\n","protected":false},"author":13,"featured_media":42416,"comment_status":"open","ping_status":"open","sticky":false,"template":"","format":"standard","meta":{"footnotes":""},"categories":[111],"tags":[],"class_list":{"0":"post-42415","1":"post","2":"type-post","3":"status-publish","4":"format-standard","5":"has-post-thumbnail","7":"category-exposiciones-madrid"},"_links":{"self":[{"href":"https:\/\/www.vidademadrid.com\/es\/wp-json\/wp\/v2\/posts\/42415","targetHints":{"allow":["GET"]}}],"collection":[{"href":"https:\/\/www.vidademadrid.com\/es\/wp-json\/wp\/v2\/posts"}],"about":[{"href":"https:\/\/www.vidademadrid.com\/es\/wp-json\/wp\/v2\/types\/post"}],"author":[{"embeddable":true,"href":"https:\/\/www.vidademadrid.com\/es\/wp-json\/wp\/v2\/users\/13"}],"replies":[{"embeddable":true,"href":"https:\/\/www.vidademadrid.com\/es\/wp-json\/wp\/v2\/comments?post=42415"}],"version-history":[{"count":2,"href":"https:\/\/www.vidademadrid.com\/es\/wp-json\/wp\/v2\/posts\/42415\/revisions"}],"predecessor-version":[{"id":42423,"href":"https:\/\/www.vidademadrid.com\/es\/wp-json\/wp\/v2\/posts\/42415\/revisions\/42423"}],"wp:featuredmedia":[{"embeddable":true,"href":"https:\/\/www.vidademadrid.com\/es\/wp-json\/wp\/v2\/media\/42416"}],"wp:attachment":[{"href":"https:\/\/www.vidademadrid.com\/es\/wp-json\/wp\/v2\/media?parent=42415"}],"wp:term":[{"taxonomy":"category","embeddable":true,"href":"https:\/\/www.vidademadrid.com\/es\/wp-json\/wp\/v2\/categories?post=42415"},{"taxonomy":"post_tag","embeddable":true,"href":"https:\/\/www.vidademadrid.com\/es\/wp-json\/wp\/v2\/tags?post=42415"}],"curies":[{"name":"wp","href":"https:\/\/api.w.org\/{rel}","templated":true}]}}