{"id":42382,"date":"2022-05-27T10:49:18","date_gmt":"2022-05-27T08:49:18","guid":{"rendered":"https:\/\/www.vidademadrid.com\/es\/?p=42382"},"modified":"2022-05-30T09:08:17","modified_gmt":"2022-05-30T07:08:17","slug":"planes-27-28-29-mayo-2022-madrid","status":"publish","type":"post","link":"https:\/\/www.vidademadrid.com\/es\/42382\/planes-27-28-29-mayo-2022-madrid\/","title":{"rendered":"Planes de este fin de semana en Madrid: 27, 28 y 29 de mayo 2022"},"content":{"rendered":"\n<p>A las puertas de junio, para este <strong>\u00faltimo fin de semana de mayo<\/strong>&nbsp;te contamos las mejores azoteas, las nuevas exposiciones, las fiestas de las &nbsp;distintas zonas de la Comunidad de Madrid, te descubrimos otros planes para huir de las altas temperaturas y como cada viernes, te dejamos las nuevas propuestas de restaurante. Aqu\u00ed encontrar\u00e1s todo lo que se cuece en Madrid este <strong>27, 28, y 29 de mayo de 2022.<\/strong><\/p>\n\n\n\n<script async=\"\" src=\"https:\/\/pagead2.googlesyndication.com\/pagead\/js\/adsbygoogle.js\"><\/script> <ins class=\"adsbygoogle\" style=\"display:block\" data-ad-format=\"fluid\" data-ad-layout-key=\"-7f+eo+1+2-5\" data-ad-client=\"ca-pub-7450064428034605\" data-ad-slot=\"7327027071\"><\/ins><script>(adsbygoogle = window.adsbygoogle || []).push({});<\/script>\n\n\n\n<h2 class=\"wp-block-heading\">Actividades y exposiciones<\/h2>\n\n\n\n<h3 class=\"wp-block-heading\">Date una vuelta por la Feria del Libro del Retiro<\/h3>\n\n\n\n<p>Este fin de semana comienza la <b>81\u00ba edici\u00f3n de la Feria del Libro <\/b>que estar\u00e1&nbsp;disponible&nbsp;hasta el 12 de junio. No te pierdas el evento cultural m\u00e1s popular del pa\u00eds que este a\u00f1o contar\u00e1 con <b>378 expositores. <\/b>Toda la info <a href=\"https:\/\/www.vidademadrid.com\/es\/41646\/feria-del-libro-madrid-fechas-expositores-2022\/\">aqu\u00ed<\/a> y sobre las <a href=\"https:\/\/www.vidademadrid.com\/es\/42209\/feria-libro-madrid-2022-firmas-casetas\/\">firmas y casetas aqu\u00ed<\/a>.<\/p>\n\n\n\n<h3 class=\"wp-block-heading\">[SUSPENDIDO] Visita el Mercado de Matadero<\/h3>\n\n\n\n<p>SUSPENDIDO. <s>La\u00a0<strong>Plaza de Matadero Madrid <\/strong>se llena de frutas, carnes, verduras&#8230; por la inauguraci\u00f3n de <strong>Mercado de Matadero<\/strong>, un evento\u00a0dedicado a la gastronom\u00eda y el producto de proximidad que solo estar\u00e1 disponible este 28 y 29 de mayo. Toda la info <a href=\"https:\/\/www.vidademadrid.com\/es\/41493\/mercado-matadero-matadero-madrid-fechas-2022\/\">aqu\u00ed<\/a>.<\/s><\/p>\n\n\n\n<h3 class=\"wp-block-heading\">Descubre el festival de arte urbano de Malasa\u00f1a<\/h3>\n\n\n\n<p>Durante doce horas del &nbsp;domingo 29 de mayo y&nbsp;por s\u00e9ptimo a\u00f1o consecutivo, <strong>100&nbsp;artistas crear\u00e1n en directo sus propuestas art\u00edsticas<\/strong> en los escaparates de los distintos locales de Malasa\u00f1a. Te lo contamos sobre Pinta Malasa\u00f1a <a href=\"https:\/\/www.vidademadrid.com\/es\/41702\/festival-arte-urbano-madrid-pinta-malasana-2022\/\">aqu\u00ed<\/a>.<\/p>\n\n\n\n<h3 class=\"wp-block-heading\">Sorpr\u00e9ndete con la tierra que se abre en Callao<\/h3>\n\n\n\n<p>El nuevo <strong>montaje de Netflix en la plaza del Callao<\/strong>: el suelo se abre y conecta con el Mundo del rev\u00e9s, para promocionar el estreno de <strong>Stranger Things 4<\/strong>. <strong><a href=\"https:\/\/www.vidademadrid.com\/es\/42397\/stranger-things-callao-madrid-fotos-2022\/\">Info aqu\u00ed.<\/a><\/strong><\/p>\n\n\n\n<script data-wid=\"auto\" type=\"text\/javascript\" src=\"https:\/\/content.viralize.tv\/display\/?zid=AADiaHd5cH72qFIl&amp;cid=AAm8kSgbKBxflZeV&amp;activation=adfill&amp;vip_mode=playing&amp;vip_position=bottom-right\"><\/script>\n\n\n\n<h3 class=\"wp-block-heading\">Visita la feria Madrid Miniaturas<\/h3>\n\n\n\n<p>Para los coleccionistas de piezas de casas de mu\u00f1ecas llega \u201cMadrid Miniaturas\u201d, el encuentro de artesanos que ponen a la venta piezas muy originales. Solo este s\u00e1bado. <a href=\"https:\/\/www.vidademadrid.com\/es\/42289\/feria-miniaturas-casas-munecas-horario-entradas-2022\/\">Info aqu\u00ed<\/a><\/p>\n\n\n\n<h3 class=\"wp-block-heading\">Participa en las actividades de Madrid Craft Week<\/h3>\n\n\n\n<p>Desde el viernes 27 de mayo hasta el 5 de junio podr\u00e1s acercarte a los mejores comercios de&nbsp;moda, decoraci\u00f3n, arte y gastronom\u00eda&nbsp;que dar\u00e1n a conocer sus productos artesanales a trav\u00e9s de&nbsp;<strong>talleres, exposiciones y actividades<\/strong>. Toda la info <a href=\"https:\/\/www.vidademadrid.com\/es\/42377\/madrid-craft-week-2022-fechas-actividades\/\">aqu\u00ed<\/a>.<\/p>\n\n\n\n<h3 class=\"wp-block-heading\">Visita la nueva exposici\u00f3n inmersiva del impresionismo<\/h3>\n\n\n\n<p>Una oportunidad para conocer a trav\u00e9s de la tecnolog\u00eda las obras de los <strong>10 artistas m\u00e1s relevantes del impresionismo<\/strong>. Una experiencia multisensorial que ya est\u00e1 disponible en el <strong>Parque Corredor<\/strong>. Toda la informaci\u00f3n sobre la exposici\u00f3n y entradas <a href=\"https:\/\/www.vidademadrid.com\/es\/42354\/exposicion-inmersiva-impresionismo-parque-corredor\/\">aqu\u00ed<\/a>.<\/p>\n\n\n\n<div class=\"wp-block-image\"><figure class=\"aligncenter\"><a href=\"https:\/\/www.vidademadrid.com\/es\/wp-content\/uploads\/2022\/05\/1653382986_Impresionistas121_lolo_vasco.jpg\"><img loading=\"lazy\" decoding=\"async\" width=\"1200\" height=\"600\" src=\"https:\/\/www.vidademadrid.com\/es\/wp-content\/uploads\/2022\/05\/1653382986_Impresionistas121_lolo_vasco.jpg\" alt=\"\" class=\"wp-image-42355\" srcset=\"https:\/\/www.vidademadrid.com\/es\/wp-content\/uploads\/2022\/05\/1653382986_Impresionistas121_lolo_vasco.jpg 1200w, https:\/\/www.vidademadrid.com\/es\/wp-content\/uploads\/2022\/05\/1653382986_Impresionistas121_lolo_vasco-300x150.jpg 300w, https:\/\/www.vidademadrid.com\/es\/wp-content\/uploads\/2022\/05\/1653382986_Impresionistas121_lolo_vasco-1024x512.jpg 1024w, https:\/\/www.vidademadrid.com\/es\/wp-content\/uploads\/2022\/05\/1653382986_Impresionistas121_lolo_vasco-768x384.jpg 768w, https:\/\/www.vidademadrid.com\/es\/wp-content\/uploads\/2022\/05\/1653382986_Impresionistas121_lolo_vasco-696x348.jpg 696w, https:\/\/www.vidademadrid.com\/es\/wp-content\/uploads\/2022\/05\/1653382986_Impresionistas121_lolo_vasco-1068x534.jpg 1068w, https:\/\/www.vidademadrid.com\/es\/wp-content\/uploads\/2022\/05\/1653382986_Impresionistas121_lolo_vasco-840x420.jpg 840w\" sizes=\"auto, (max-width: 1200px) 100vw, 1200px\" \/><\/a><figcaption>Exposici\u00f3n inversiva. Foto: Lolo Vasco | Art Apart<\/figcaption><\/figure><\/div>\n\n\n\n<h3 class=\"wp-block-heading\">Conoce el nuevo museo del tren<\/h3>\n\n\n\n<p>Ubicado en Fuenlabrada y donde podr\u00e1s ver <strong>3 locomotoras \u00fanicas&nbsp;de la historia del ferrocarril<\/strong>. Te lo contamos todo <a href=\"https:\/\/www.vidademadrid.com\/es\/42328\/museo-tren-fuenlabrada-horario-entradas\/\">aqu\u00ed<\/a>.&nbsp;<\/p>\n\n\n\n<script async=\"\" src=\"https:\/\/pagead2.googlesyndication.com\/pagead\/js\/adsbygoogle.js\"><\/script> <ins class=\"adsbygoogle\" style=\"display:block\" data-ad-format=\"fluid\" data-ad-layout-key=\"-7f+eo+1+2-5\" data-ad-client=\"ca-pub-7450064428034605\" data-ad-slot=\"7327027071\"><\/ins><script>(adsbygoogle = window.adsbygoogle || []).push({});<\/script>\n\n\n\n<h3 class=\"wp-block-heading\">\u00daltimos d\u00edas: exposici\u00f3n del cuerpo de San Isidro<\/h3>\n\n\n\n<p>Este a\u00f1o se celebra el A\u00f1o Santo de San Isidro, y este finde es la \u00faltima ocasi\u00f3n para visitar la colegiata, donde est\u00e1 la exposici\u00f3n solemne de su cuerpo. <a href=\"https:\/\/www.vidademadrid.com\/es\/40392\/exposicion-cuerpo-san-isidro-ano-santo-madrid-2022\/\">Info aqu\u00ed<\/a><\/p>\n\n\n\n<h3 class=\"wp-block-heading\">Visita la nueva exposici\u00f3n de Caixaforum<\/h3>\n\n\n\n<p><strong><em>\u00abC\u00f3mic. Sue\u00f1os e historia\u00bb,&nbsp;<\/em><\/strong>re\u00fane la larga tradici\u00f3n del sector del c\u00f3mic y propone un recorrido por algunos de los<strong>&nbsp;mejores c\u00f3mics de la historia y su realizaci\u00f3n<\/strong>. Toda la info <a href=\"https:\/\/www.vidademadrid.com\/es\/42373\/comic-suenos-historia-exposicion-caixaforum-entradas\/\">aqu\u00ed<\/a>. <\/p>\n\n\n\n<h3 class=\"wp-block-heading\">No te pierdas el pop up de Cookplay&nbsp;<\/h3>\n\n\n\n<p>La marca de menaje pone a la venta todos sus <strong>piezas de cocina con un 50% de descuento<\/strong>. Solo estar\u00e1 disponible el viernes 27 de mayo de 10 h a 20 h. Toda la info <a href=\"https:\/\/www.vidademadrid.com\/es\/42307\/outlet-productos-cocina-cookplay-barrio-salamanca\/\">aqu\u00ed<\/a>.&nbsp;<\/p>\n\n\n\n<h3 class=\"wp-block-heading\">Nueva flagship de Dime Que Me Quieres en Malasa\u00f1a<\/h3>\n\n\n\n<p>La tienda de joyas abre este finde su local m\u00e1s grande de Espa\u00f1a en la calle de Fuencarral, 64, con descuentos para celebrar la apertura. Hemos estado en la <a href=\"https:\/\/www.instagram.com\/stories\/highlights\/17899238642518768\/\">inauguraci\u00f3n<\/a>.<\/p>\n\n\n\n<script async=\"\" src=\"https:\/\/pagead2.googlesyndication.com\/pagead\/js\/adsbygoogle.js\"><\/script> <!-- Vertical2020 --><ins class=\"adsbygoogle\" style=\"display:block\" data-ad-client=\"ca-pub-7450064428034605\" data-ad-slot=\"4377430105\" data-ad-format=\"auto\" data-full-width-responsive=\"true\"><\/ins><script>(adsbygoogle = window.adsbygoogle || []).push({});<\/script>\n\n\n\n<h2 class=\"wp-block-heading\">Fiestas en Madrid<\/h2>\n\n\n\n<p>A pocas semanas de dar la bienvenida al verano, los distintos municipios de la Comunidad de Madrid y algunos distritos de la capital lanzan sus <b>fiestas&nbsp;<\/b><span style=\"font-weight: 600;\">anuales<\/span><b>&nbsp;despu\u00e9s de dos a\u00f1os sin poder celebrarse.<\/b>&nbsp;Este fin de semana te esperan&#8230;<\/p>\n\n\n\n<h3 class=\"wp-block-heading\">Fiestas de Aluche<\/h3>\n\n\n\n<p>Con un amplio <strong>programa de conciertos y actividades gratuitas<\/strong> para todos los p\u00fablicos. Toda la info <a href=\"https:\/\/www.vidademadrid.com\/es\/42144\/fietas-aluche-2022-fechas-conciertos-programa\/\">aqu\u00ed<\/a>.&nbsp;<\/p>\n\n\n\n<h3 class=\"wp-block-heading\">Fiestas de San Babil\u00e9s en Boadilla del Monte<\/h3>\n\n\n\n<p>Con actividades infantiles y familiares, presentaciones de danza y eventos deportivos. Conoce toda la informaci\u00f3n <a href=\"https:\/\/www.vidademadrid.com\/es\/42241\/fiestas-san-babiles-2022-boadilla-monte-programa\/\">aqu\u00ed<\/a>.&nbsp;<\/p>\n\n\n\n<h3 class=\"wp-block-heading\">Las Fiestas de la Primavera de Hortaleza<\/h3>\n\n\n\n<p>Las fiestas se celebrar\u00e1n durante <strong>diez d\u00edas<\/strong>&nbsp;(hasta el 5 de junio) con actividades para todo el p\u00fablico que incluyen actuaciones musicales, el Certamen Musical Roberto Mira, y m\u00e1s propuestas. M\u00e1s info <a href=\"https:\/\/www.vidademadrid.com\/es\/40906\/fiesta-primavera-2022-distrito-hortaleza-programa-fechas\/\">aqu\u00ed<\/a>.&nbsp;<\/p>\n\n\n\n<h3 class=\"wp-block-heading\">Las Fiestas de San Fernando de Aranjuez<\/h3>\n\n\n\n<p>Con actividades y propuesta musical. Toda la info <a href=\"https:\/\/www.vidademadrid.com\/es\/42175\/fiestas-san-fernando-aranjuez-programa-2022\/\">aqu\u00ed<\/a>.&nbsp;<\/p>\n\n\n\n<h3 class=\"wp-block-heading\">Fiestas patronales de San Fernando de Henares<\/h3>\n\n\n\n<p>Con m\u00e1s de&nbsp;<strong>80 propuestas de ocio. <\/strong>Toda la info <a href=\"https:\/\/www.vidademadrid.com\/es\/42276\/fiestas-san-fernando-henares-2022-programacion-conciertos\/\">aqu\u00ed<\/a>.&nbsp;<\/p>\n\n\n\n<script async=\"\" src=\"https:\/\/pagead2.googlesyndication.com\/pagead\/js\/adsbygoogle.js\"><\/script> <ins class=\"adsbygoogle\" style=\"display:block; text-align:center;\" data-ad-layout=\"in-article\" data-ad-format=\"fluid\" data-ad-client=\"ca-pub-7450064428034605\" data-ad-slot=\"5670045061\"><\/ins> <script>(adsbygoogle = window.adsbygoogle || []).push({});<\/script>\n\n\n\n<h2 class=\"wp-block-heading\">Planes para huir del calor<\/h2>\n\n\n\n<p>Este fin de semana vuelven a subir las temperaturas y con ello empieza la <strong>temporada de terrazas en Madrid<\/strong>. Nosotros esta semana hemos ido a visitar un par de ellas que te descubrimos en este art\u00edculo. \u00a1Un plan perfecto para huir del calor!<\/p>\n\n\n\n<h3 class=\"wp-block-heading\">Osad\u00eda Madrid&nbsp;<\/h3>\n\n\n\n<p>Una de las azoteas que hemos descubierto esta semana ha sido <strong>\u00abOsad\u00eda\u00bb<\/strong>, ubicada en en lo alto del edificio de los apartamentos de lujo Smart Rental Collection (Gran V\u00eda, 14). No te pierdas las vistas desde este lugar en IG stories de <a href=\"https:\/\/www.instagram.com\/stories\/highlights\/17933041880318394\/\">@vidademadrid<\/a>.&nbsp;<\/p>\n\n\n\n<h3 class=\"wp-block-heading\">Pestana CR7&nbsp;<\/h3>\n\n\n\n<p>En la propia <strong>Gran V\u00eda<\/strong> tambi\u00e9n hemos asistido a la inauguraci\u00f3n de la temporada de la azotea del hotel de Cristiano Ronaldo. Una vistas 360\u00aa de la ciudad con un atardecer \u00abde pel\u00edcula\u00bb. Podr\u00e1s volver a vivir nuestra experiencia en IG stories de @vidademadrid.&nbsp;<\/p>\n\n\n\n<figure class=\"wp-block-gallery columns-3 is-cropped wp-block-gallery-1 is-layout-flex wp-block-gallery-is-layout-flex\"><ul class=\"blocks-gallery-grid\"><li class=\"blocks-gallery-item\"><figure><img loading=\"lazy\" decoding=\"async\" width=\"1920\" height=\"2560\" src=\"https:\/\/www.vidademadrid.com\/es\/wp-content\/uploads\/2022\/05\/IMG_1686-1-scaled.jpg\" alt=\"\" data-id=\"42389\" class=\"wp-image-42389\" srcset=\"https:\/\/www.vidademadrid.com\/es\/wp-content\/uploads\/2022\/05\/IMG_1686-1-scaled.jpg 1920w, https:\/\/www.vidademadrid.com\/es\/wp-content\/uploads\/2022\/05\/IMG_1686-1-225x300.jpg 225w, https:\/\/www.vidademadrid.com\/es\/wp-content\/uploads\/2022\/05\/IMG_1686-1-768x1024.jpg 768w, https:\/\/www.vidademadrid.com\/es\/wp-content\/uploads\/2022\/05\/IMG_1686-1-1152x1536.jpg 1152w, https:\/\/www.vidademadrid.com\/es\/wp-content\/uploads\/2022\/05\/IMG_1686-1-1536x2048.jpg 1536w, https:\/\/www.vidademadrid.com\/es\/wp-content\/uploads\/2022\/05\/IMG_1686-1-696x928.jpg 696w, https:\/\/www.vidademadrid.com\/es\/wp-content\/uploads\/2022\/05\/IMG_1686-1-1068x1424.jpg 1068w, https:\/\/www.vidademadrid.com\/es\/wp-content\/uploads\/2022\/05\/IMG_1686-1-315x420.jpg 315w\" sizes=\"auto, (max-width: 1920px) 100vw, 1920px\" \/><figcaption class=\"blocks-gallery-item__caption\">Foto: Vida de Madrid<\/figcaption><\/figure><\/li><li class=\"blocks-gallery-item\"><figure><img loading=\"lazy\" decoding=\"async\" width=\"1920\" height=\"2560\" src=\"https:\/\/www.vidademadrid.com\/es\/wp-content\/uploads\/2022\/05\/IMG_1696-scaled.jpg\" alt=\"\" data-id=\"42390\" class=\"wp-image-42390\" srcset=\"https:\/\/www.vidademadrid.com\/es\/wp-content\/uploads\/2022\/05\/IMG_1696-scaled.jpg 1920w, https:\/\/www.vidademadrid.com\/es\/wp-content\/uploads\/2022\/05\/IMG_1696-225x300.jpg 225w, https:\/\/www.vidademadrid.com\/es\/wp-content\/uploads\/2022\/05\/IMG_1696-768x1024.jpg 768w, https:\/\/www.vidademadrid.com\/es\/wp-content\/uploads\/2022\/05\/IMG_1696-1152x1536.jpg 1152w, https:\/\/www.vidademadrid.com\/es\/wp-content\/uploads\/2022\/05\/IMG_1696-1536x2048.jpg 1536w, https:\/\/www.vidademadrid.com\/es\/wp-content\/uploads\/2022\/05\/IMG_1696-696x928.jpg 696w, https:\/\/www.vidademadrid.com\/es\/wp-content\/uploads\/2022\/05\/IMG_1696-1068x1424.jpg 1068w, https:\/\/www.vidademadrid.com\/es\/wp-content\/uploads\/2022\/05\/IMG_1696-315x420.jpg 315w\" sizes=\"auto, (max-width: 1920px) 100vw, 1920px\" \/><figcaption class=\"blocks-gallery-item__caption\">Foto: Vida de Madrid<\/figcaption><\/figure><\/li><li class=\"blocks-gallery-item\"><figure><img loading=\"lazy\" decoding=\"async\" width=\"1920\" height=\"2560\" src=\"https:\/\/www.vidademadrid.com\/es\/wp-content\/uploads\/2022\/05\/IMG_1702-scaled.jpg\" alt=\"\" data-id=\"42391\" class=\"wp-image-42391\" srcset=\"https:\/\/www.vidademadrid.com\/es\/wp-content\/uploads\/2022\/05\/IMG_1702-scaled.jpg 1920w, https:\/\/www.vidademadrid.com\/es\/wp-content\/uploads\/2022\/05\/IMG_1702-225x300.jpg 225w, https:\/\/www.vidademadrid.com\/es\/wp-content\/uploads\/2022\/05\/IMG_1702-768x1024.jpg 768w, https:\/\/www.vidademadrid.com\/es\/wp-content\/uploads\/2022\/05\/IMG_1702-1152x1536.jpg 1152w, https:\/\/www.vidademadrid.com\/es\/wp-content\/uploads\/2022\/05\/IMG_1702-1536x2048.jpg 1536w, https:\/\/www.vidademadrid.com\/es\/wp-content\/uploads\/2022\/05\/IMG_1702-696x928.jpg 696w, https:\/\/www.vidademadrid.com\/es\/wp-content\/uploads\/2022\/05\/IMG_1702-1068x1424.jpg 1068w, https:\/\/www.vidademadrid.com\/es\/wp-content\/uploads\/2022\/05\/IMG_1702-315x420.jpg 315w\" sizes=\"auto, (max-width: 1920px) 100vw, 1920px\" \/><figcaption class=\"blocks-gallery-item__caption\">Foto: Vida de Madrid<\/figcaption><\/figure><\/li><\/ul><\/figure>\n\n\n\n<h3 class=\"wp-block-heading\">Terraza Hotel ME by Meli\u00e1 Reina Victoria<\/h3>\n\n\n\n<p>En plena <strong>Plaza de Santa Ana<\/strong> hemos disfrutado de la experiencia Soltice by <a href=\"https:\/\/www.instagram.com\/luca_bons\/\">@luca_bons<\/a> que estar\u00e1 en distintos locales con su carta especial de c\u00f3cteles. Descubre nuestra visita en IG stories de <a href=\"https:\/\/www.instagram.com\/stories\/highlights\/17894863727627907\/\">@vidademadrid<\/a>.&nbsp;<\/p>\n\n\n\n<h2 class=\"wp-block-heading\">Restaurantes para este fin de semana<\/h2>\n\n\n\n<h3 class=\"wp-block-heading\">Antojos gallegos<\/h3>\n\n\n\n<p>\u00abAntojos gallegos\u00bb es el para\u00edso de los amantes de la <strong>gastronom\u00eda gallega<\/strong>. La tienda acaba de abrir en Goya con su propuesta de empanadas, panes, dulces, embutidos&#8230; Desc\u00fabrelo todo en IG stories de <a href=\"https:\/\/www.instagram.com\/stories\/highlights\/17909086268479394\/\">@vidademadrid<\/a>.&nbsp;<\/p>\n\n\n\n<h3 class=\"wp-block-heading\">Ozio Gastron\u00f3mico<\/h3>\n\n\n\n<p>Cerca de la <strong>calle Orense <\/strong>visitamos esta nueva propuesta de gastronom\u00eda italiana en formato Gourmet. Descubre su propuesta de <strong>platos de Sicilia<\/strong> en IG stories de <a href=\"https:\/\/www.instagram.com\/stories\/highlights\/17901224150606627\/\">@vidademadrid<\/a>.&nbsp;<\/p>\n\n\n\n<h3 class=\"wp-block-heading\">New York Burger<\/h3>\n\n\n\n<p>Este s\u00e1bado 28 de mayo es el <strong>D\u00eda Internacional de la Hamburguesa<\/strong> y no hay mejor forma que celebrarlo que yendo a comer una buena burger. Podr\u00e1s probar MOMA, su nueva hamburguesa especial para este d\u00eda. Descubre todos sus platos y postres en IG stories de <a href=\"https:\/\/www.instagram.com\/stories\/highlights\/17932826063221131\/\">@vidademadrid<\/a>, \u00abse te har\u00e1 la boca agua\u00bb.&nbsp;<\/p>\n\n\n\n<h3 class=\"wp-block-heading\">Eat my trip<\/h3>\n\n\n\n<p>Ubicado en pleno <strong>barrio de Malasa\u00f1a<\/strong>. Este restaurante ya triunf\u00f3 en su local de La Latina con su brunch y ahora incorporan una carta de cenas de jueves a domingos. Vuelve a vivir nuestra experiencia en IG stories de <a href=\"https:\/\/www.instagram.com\/stories\/highlights\/18164367076235728\/\">@vidademadrid<\/a>.&nbsp;<\/p>\n\n\n\n<script async=\"\" src=\"https:\/\/pagead2.googlesyndication.com\/pagead\/js\/adsbygoogle.js\"><\/script> <ins class=\"adsbygoogle\" style=\"display:block; text-align:center;\" data-ad-layout=\"in-article\" data-ad-format=\"fluid\" data-ad-client=\"ca-pub-7450064428034605\" data-ad-slot=\"5670045061\"><\/ins> <script>(adsbygoogle = window.adsbygoogle || []).push({});<\/script>\n\n\n\n<h2 class=\"wp-block-heading\">M\u00e1s planes para el finde<\/h2>\n\n\n\n<p>Recuerda que en <a href=\"https:\/\/www.vidademadrid.com\/es\/41796\/agenda-mayo-2022-madrid\/\"><strong>nuestra agenda de mayo<\/strong><\/a>&nbsp;y en el <strong><a href=\"http:\/\/vidademadrid.com\/planes\">especial Planes<\/a><\/strong> puedes consultar mucho m\u00e1s planes para estos d\u00edas. Adem\u00e1s puedes seguir <a href=\"https:\/\/www.instagram.com\/VidaDeMadrid\/\">nuestros reportajes diarios en IG Stories @vidademadrid<\/a>&#8230; \u00a1durante el finde vamos a descubrir m\u00e1s novedades! S\u00edguenos tambi\u00e9n en <a href=\"https:\/\/www.tiktok.com\/@vida_demadrid\">TikTok<\/a>, <a href=\"https:\/\/www.facebook.com\/vidademadrid\">Facebook<\/a> o <a href=\"https:\/\/twitter.com\/VidaDeMadrid\">Twitter<\/a> para no perderte nada.<\/p>\n","protected":false},"excerpt":{"rendered":"<p>Nuestro especial para no perderte nada este finde: exposiciones, azoteas, actividades y nuevas ideas de restaurantes.<\/p>\n","protected":false},"author":13,"featured_media":42387,"comment_status":"open","ping_status":"open","sticky":false,"template":"","format":"standard","meta":{"footnotes":""},"categories":[1],"tags":[],"class_list":{"0":"post-42382","1":"post","2":"type-post","3":"status-publish","4":"format-standard","5":"has-post-thumbnail","7":"category-varios"},"_links":{"self":[{"href":"https:\/\/www.vidademadrid.com\/es\/wp-json\/wp\/v2\/posts\/42382","targetHints":{"allow":["GET"]}}],"collection":[{"href":"https:\/\/www.vidademadrid.com\/es\/wp-json\/wp\/v2\/posts"}],"about":[{"href":"https:\/\/www.vidademadrid.com\/es\/wp-json\/wp\/v2\/types\/post"}],"author":[{"embeddable":true,"href":"https:\/\/www.vidademadrid.com\/es\/wp-json\/wp\/v2\/users\/13"}],"replies":[{"embeddable":true,"href":"https:\/\/www.vidademadrid.com\/es\/wp-json\/wp\/v2\/comments?post=42382"}],"version-history":[{"count":11,"href":"https:\/\/www.vidademadrid.com\/es\/wp-json\/wp\/v2\/posts\/42382\/revisions"}],"predecessor-version":[{"id":42408,"href":"https:\/\/www.vidademadrid.com\/es\/wp-json\/wp\/v2\/posts\/42382\/revisions\/42408"}],"wp:featuredmedia":[{"embeddable":true,"href":"https:\/\/www.vidademadrid.com\/es\/wp-json\/wp\/v2\/media\/42387"}],"wp:attachment":[{"href":"https:\/\/www.vidademadrid.com\/es\/wp-json\/wp\/v2\/media?parent=42382"}],"wp:term":[{"taxonomy":"category","embeddable":true,"href":"https:\/\/www.vidademadrid.com\/es\/wp-json\/wp\/v2\/categories?post=42382"},{"taxonomy":"post_tag","embeddable":true,"href":"https:\/\/www.vidademadrid.com\/es\/wp-json\/wp\/v2\/tags?post=42382"}],"curies":[{"name":"wp","href":"https:\/\/api.w.org\/{rel}","templated":true}]}}