{"id":42377,"date":"2022-05-26T12:09:31","date_gmt":"2022-05-26T10:09:31","guid":{"rendered":"https:\/\/www.vidademadrid.com\/es\/?p=42377"},"modified":"2022-05-26T12:09:39","modified_gmt":"2022-05-26T10:09:39","slug":"madrid-craft-week-2022-fechas-actividades","status":"publish","type":"post","link":"https:\/\/www.vidademadrid.com\/es\/42377\/madrid-craft-week-2022-fechas-actividades\/","title":{"rendered":"Llega la edici\u00f3n de primavera de Madrid Craft Week"},"content":{"rendered":"<p>La&nbsp;edici\u00f3n de primavera de la <strong>Madrid Craft Week&nbsp;<\/strong>llega a celebrar el trabajo a mano, su calidad y autenticidad con una selecci\u00f3n de comercios que ofrecen un&nbsp;programa de actividades que giran en torno al mundo de la artesan\u00eda. Sigue leyendo este art\u00edculo para conocer toda la informaci\u00f3n.&nbsp;<\/p>\n<h2>Madrid Craft Week 2022&nbsp;<\/h2>\n<p><script async=\"\" src=\"https:\/\/pagead2.googlesyndication.com\/pagead\/js\/adsbygoogle.js\"><\/script> <ins class=\"adsbygoogle\" style=\"display:block\" data-ad-format=\"fluid\" data-ad-layout-key=\"-7f+eo+1+2-5\" data-ad-client=\"ca-pub-7450064428034605\" data-ad-slot=\"7327027071\"><\/ins><script>(adsbygoogle = window.adsbygoogle || []).push({});<\/script>La&nbsp;<strong>Madrid Craft Week&nbsp;<\/strong>2022 llega con su edici\u00f3n de primavera para celebrar la calidad, autenticidad y el trabajo a mano de los comercios de Madrid que giran en torno al mundo de la artesan\u00eda. Durante esta semana, una selecci\u00f3n de comercios ha planeado un programa de actividades para un p\u00fablico que apuesta por el&nbsp;<strong>consumo responsable y el comercio local.&nbsp;<\/strong><\/p>\n<p>Durante&nbsp;<strong>Madrid Craft Week&nbsp;<\/strong>podr\u00e1s conocer los mejores comercios de&nbsp;<strong>moda, decoraci\u00f3n, arte y gastronom\u00eda&nbsp;<\/strong>que dar\u00e1n a conocer sus productos artesanales a trav\u00e9s de&nbsp;<strong>talleres, exposiciones, presentaciones de colecci\u00f3n y dem\u00e1s actividades.&nbsp;<\/strong><\/p>\n<h2>Fechas y actividades<\/h2>\n<p><script async=\"\" src=\"https:\/\/pagead2.googlesyndication.com\/pagead\/js\/adsbygoogle.js\"><\/script> <ins class=\"adsbygoogle\" style=\"display:block; text-align:center;\" data-ad-layout=\"in-article\" data-ad-format=\"fluid\" data-ad-client=\"ca-pub-7450064428034605\" data-ad-slot=\"5670045061\"><\/ins> <script>(adsbygoogle = window.adsbygoogle || []).push({});<\/script>La&nbsp;<strong>Madrid Craft Week&nbsp;<\/strong>2022 ser\u00e1 del&nbsp;<strong>27 de mayo al 5 de junio. <\/strong>Las actividades se pueden consultar en su<a href=\"https:\/\/madridcraftweek.es\/agenda\/\"> p\u00e1gina web<\/a> as\u00ed como los horarios de estas.&nbsp;<\/p>\n<figure id=\"attachment_42379\" aria-describedby=\"caption-attachment-42379\" style=\"width: 660px\" class=\"wp-caption alignnone\"><a href=\"https:\/\/www.vidademadrid.com\/es\/wp-content\/uploads\/2022\/05\/madrid_craft_week_-_spring_2022.jpeg\"><img loading=\"lazy\" decoding=\"async\" class=\"size-full wp-image-42379\" src=\"https:\/\/www.vidademadrid.com\/es\/wp-content\/uploads\/2022\/05\/madrid_craft_week_-_spring_2022.jpeg\" alt=\"\" width=\"660\" height=\"335\" srcset=\"https:\/\/www.vidademadrid.com\/es\/wp-content\/uploads\/2022\/05\/madrid_craft_week_-_spring_2022.jpeg 660w, https:\/\/www.vidademadrid.com\/es\/wp-content\/uploads\/2022\/05\/madrid_craft_week_-_spring_2022-300x152.jpeg 300w\" sizes=\"auto, (max-width: 660px) 100vw, 660px\" \/><\/a><figcaption id=\"caption-attachment-42379\" class=\"wp-caption-text\">Foto: esmadriddrid&nbsp;<\/figcaption><\/figure>\n","protected":false},"excerpt":{"rendered":"<p>Podr\u00e1s conocer lo mejor del comercio local. <\/p>\n","protected":false},"author":15,"featured_media":42378,"comment_status":"open","ping_status":"open","sticky":false,"template":"","format":"standard","meta":{"footnotes":""},"categories":[111],"tags":[],"class_list":{"0":"post-42377","1":"post","2":"type-post","3":"status-publish","4":"format-standard","5":"has-post-thumbnail","7":"category-exposiciones-madrid"},"_links":{"self":[{"href":"https:\/\/www.vidademadrid.com\/es\/wp-json\/wp\/v2\/posts\/42377","targetHints":{"allow":["GET"]}}],"collection":[{"href":"https:\/\/www.vidademadrid.com\/es\/wp-json\/wp\/v2\/posts"}],"about":[{"href":"https:\/\/www.vidademadrid.com\/es\/wp-json\/wp\/v2\/types\/post"}],"author":[{"embeddable":true,"href":"https:\/\/www.vidademadrid.com\/es\/wp-json\/wp\/v2\/users\/15"}],"replies":[{"embeddable":true,"href":"https:\/\/www.vidademadrid.com\/es\/wp-json\/wp\/v2\/comments?post=42377"}],"version-history":[{"count":2,"href":"https:\/\/www.vidademadrid.com\/es\/wp-json\/wp\/v2\/posts\/42377\/revisions"}],"predecessor-version":[{"id":42381,"href":"https:\/\/www.vidademadrid.com\/es\/wp-json\/wp\/v2\/posts\/42377\/revisions\/42381"}],"wp:featuredmedia":[{"embeddable":true,"href":"https:\/\/www.vidademadrid.com\/es\/wp-json\/wp\/v2\/media\/42378"}],"wp:attachment":[{"href":"https:\/\/www.vidademadrid.com\/es\/wp-json\/wp\/v2\/media?parent=42377"}],"wp:term":[{"taxonomy":"category","embeddable":true,"href":"https:\/\/www.vidademadrid.com\/es\/wp-json\/wp\/v2\/categories?post=42377"},{"taxonomy":"post_tag","embeddable":true,"href":"https:\/\/www.vidademadrid.com\/es\/wp-json\/wp\/v2\/tags?post=42377"}],"curies":[{"name":"wp","href":"https:\/\/api.w.org\/{rel}","templated":true}]}}