{"id":42255,"date":"2022-05-22T15:31:39","date_gmt":"2022-05-22T13:31:39","guid":{"rendered":"https:\/\/www.vidademadrid.com\/es\/?p=42255"},"modified":"2022-05-22T17:16:54","modified_gmt":"2022-05-22T15:16:54","slug":"fuente-de-las-cataratas-vallecas-restauracion","status":"publish","type":"post","link":"https:\/\/www.vidademadrid.com\/es\/42255\/fuente-de-las-cataratas-vallecas-restauracion\/","title":{"rendered":"Vallecas vuelve a recuperar la Fuente de las Cataratas"},"content":{"rendered":"\n<p>La <strong>Fuente de las Cataratas de Vallecas<\/strong> recupera su imagen original tras su restauraci\u00f3n. Una construcci\u00f3n ubicada en el <strong>Parque de las Cataratas<\/strong> que vuelve a estar abierta al p\u00fablico. Te lo contamos todo en este art\u00edculo.<\/p>\n\n\n\n<h2 class=\"wp-block-heading\">Fuente de las Cataratas de Vallecas&nbsp;<\/h2>\n\n\n\n<script async src=\"https:\/\/pagead2.googlesyndication.com\/pagead\/js\/adsbygoogle.js\"><\/script> <ins class=\"adsbygoogle\"  style=\"display:block\" data-ad-format=\"fluid\" data-ad-layout-key=\"-7f+eo+1+2-5\" data-ad-client=\"ca-pub-7450064428034605\" data-ad-slot=\"7327027071\"><\/ins><script>(adsbygoogle = window.adsbygoogle || []).push({});<\/script>\n\n\n\n<p>\u00bfSab\u00edas que en Vallecas hay una gran fuente conocida como <strong>la Fuente de las Cataratas<\/strong>? Esta construcci\u00f3n de la que te hablamos en este art\u00edculo ha estado deshabilitada debido al estado en el que se encontraba. Desafortunadamente durante este tiempo ha sido objeto de m\u00faltiples grafiteadas y pintadas con firmas y garabatos.<\/p>\n\n\n\n<p>La conocida como Fuente de las Cataratas ubicada en el Parque de las Cataratas de Vallecas hab\u00eda pasado a un segundo plano por el deterioro, pero ahora <strong>este a\u00f1o 2022 se ha sometido a una restauraci\u00f3n con el fin de recuperar su imagen inicial<\/strong>.<\/p>\n\n\n\n<h2 class=\"wp-block-heading\">Restauraci\u00f3n Fuente de las Cataratas<\/h2>\n\n\n\n<script async src=\"https:\/\/pagead2.googlesyndication.com\/pagead\/js\/adsbygoogle.js\"><\/script> <ins class=\"adsbygoogle\" style=\"display:block; text-align:center;\" data-ad-layout=\"in-article\" data-ad-format=\"fluid\" data-ad-client=\"ca-pub-7450064428034605\" data-ad-slot=\"5670045061\"><\/ins> <script>(adsbygoogle = window.adsbygoogle || []).push({});<\/script>\n\n\n\n\n<p>Ha sido la Junta Municipal de Villa de Vallecas quien con ayuda del del \u00c1rea Delegada de Coordinaci\u00f3n Territorial\u00a0y la UDC, ha puesto en marcha los<strong> trabajos de restauraci\u00f3n<\/strong> de esta estructura. Este trabajo forma parte de la campa\u00f1a \u201cQuiero mi barrio limpio\u201d iniciada por la junta del distrito y que ha conseguido devolverle la esencia a la Fuente de las Cataratas y al parque en s\u00ed. Ahora ya se encuentra <strong>abierta al p\u00fablico de nuevo<\/strong> y aunque no tenga agua, se espera que pronto pueda volver a manar agua como en sus or\u00edgenes.<\/p>\n\n\n\n<figure class=\"wp-block-gallery columns-2 is-cropped wp-block-gallery-1 is-layout-flex wp-block-gallery-is-layout-flex\"><ul class=\"blocks-gallery-grid\"><li class=\"blocks-gallery-item\"><figure><img loading=\"lazy\" decoding=\"async\" width=\"1920\" height=\"1080\" src=\"https:\/\/www.vidademadrid.com\/es\/wp-content\/uploads\/2022\/05\/Fuente-Las-Cataratas-antes-restauracion_3.jpg\" alt=\"\" data-id=\"42257\" class=\"wp-image-42257\" srcset=\"https:\/\/www.vidademadrid.com\/es\/wp-content\/uploads\/2022\/05\/Fuente-Las-Cataratas-antes-restauracion_3.jpg 1920w, https:\/\/www.vidademadrid.com\/es\/wp-content\/uploads\/2022\/05\/Fuente-Las-Cataratas-antes-restauracion_3-300x169.jpg 300w, https:\/\/www.vidademadrid.com\/es\/wp-content\/uploads\/2022\/05\/Fuente-Las-Cataratas-antes-restauracion_3-1024x576.jpg 1024w, https:\/\/www.vidademadrid.com\/es\/wp-content\/uploads\/2022\/05\/Fuente-Las-Cataratas-antes-restauracion_3-768x432.jpg 768w, https:\/\/www.vidademadrid.com\/es\/wp-content\/uploads\/2022\/05\/Fuente-Las-Cataratas-antes-restauracion_3-1536x864.jpg 1536w, https:\/\/www.vidademadrid.com\/es\/wp-content\/uploads\/2022\/05\/Fuente-Las-Cataratas-antes-restauracion_3-696x392.jpg 696w, https:\/\/www.vidademadrid.com\/es\/wp-content\/uploads\/2022\/05\/Fuente-Las-Cataratas-antes-restauracion_3-1068x601.jpg 1068w, https:\/\/www.vidademadrid.com\/es\/wp-content\/uploads\/2022\/05\/Fuente-Las-Cataratas-antes-restauracion_3-747x420.jpg 747w\" sizes=\"auto, (max-width: 1920px) 100vw, 1920px\" \/><figcaption class=\"blocks-gallery-item__caption\">Antes de la restauraci\u00f3n<\/figcaption><\/figure><\/li><li class=\"blocks-gallery-item\"><figure><img loading=\"lazy\" decoding=\"async\" width=\"2000\" height=\"1126\" src=\"https:\/\/www.vidademadrid.com\/es\/wp-content\/uploads\/2022\/05\/Fuente-Las-Cataratas-despues-restauracion_4.jpg\" alt=\"\" data-id=\"42256\" class=\"wp-image-42256\" srcset=\"https:\/\/www.vidademadrid.com\/es\/wp-content\/uploads\/2022\/05\/Fuente-Las-Cataratas-despues-restauracion_4.jpg 2000w, https:\/\/www.vidademadrid.com\/es\/wp-content\/uploads\/2022\/05\/Fuente-Las-Cataratas-despues-restauracion_4-300x169.jpg 300w, https:\/\/www.vidademadrid.com\/es\/wp-content\/uploads\/2022\/05\/Fuente-Las-Cataratas-despues-restauracion_4-1024x577.jpg 1024w, https:\/\/www.vidademadrid.com\/es\/wp-content\/uploads\/2022\/05\/Fuente-Las-Cataratas-despues-restauracion_4-768x432.jpg 768w, https:\/\/www.vidademadrid.com\/es\/wp-content\/uploads\/2022\/05\/Fuente-Las-Cataratas-despues-restauracion_4-1536x865.jpg 1536w, https:\/\/www.vidademadrid.com\/es\/wp-content\/uploads\/2022\/05\/Fuente-Las-Cataratas-despues-restauracion_4-696x392.jpg 696w, https:\/\/www.vidademadrid.com\/es\/wp-content\/uploads\/2022\/05\/Fuente-Las-Cataratas-despues-restauracion_4-1068x601.jpg 1068w, https:\/\/www.vidademadrid.com\/es\/wp-content\/uploads\/2022\/05\/Fuente-Las-Cataratas-despues-restauracion_4-1920x1081.jpg 1920w, https:\/\/www.vidademadrid.com\/es\/wp-content\/uploads\/2022\/05\/Fuente-Las-Cataratas-despues-restauracion_4-746x420.jpg 746w\" sizes=\"auto, (max-width: 2000px) 100vw, 2000px\" \/><figcaption class=\"blocks-gallery-item__caption\">Tras la restauraci\u00f3n<\/figcaption><\/figure><\/li><\/ul><\/figure>\n\n\n\n<p><\/p>\n","protected":false},"excerpt":{"rendered":"<p>Tras su estado de deterioro por las pintadas <\/p>\n","protected":false},"author":13,"featured_media":42258,"comment_status":"open","ping_status":"open","sticky":false,"template":"","format":"standard","meta":{"footnotes":""},"categories":[12,3],"tags":[],"class_list":{"0":"post-42255","1":"post","2":"type-post","3":"status-publish","4":"format-standard","5":"has-post-thumbnail","7":"category-actualidad-noticias-madrid","8":"category-visita-madrid"},"_links":{"self":[{"href":"https:\/\/www.vidademadrid.com\/es\/wp-json\/wp\/v2\/posts\/42255","targetHints":{"allow":["GET"]}}],"collection":[{"href":"https:\/\/www.vidademadrid.com\/es\/wp-json\/wp\/v2\/posts"}],"about":[{"href":"https:\/\/www.vidademadrid.com\/es\/wp-json\/wp\/v2\/types\/post"}],"author":[{"embeddable":true,"href":"https:\/\/www.vidademadrid.com\/es\/wp-json\/wp\/v2\/users\/13"}],"replies":[{"embeddable":true,"href":"https:\/\/www.vidademadrid.com\/es\/wp-json\/wp\/v2\/comments?post=42255"}],"version-history":[{"count":2,"href":"https:\/\/www.vidademadrid.com\/es\/wp-json\/wp\/v2\/posts\/42255\/revisions"}],"predecessor-version":[{"id":42260,"href":"https:\/\/www.vidademadrid.com\/es\/wp-json\/wp\/v2\/posts\/42255\/revisions\/42260"}],"wp:featuredmedia":[{"embeddable":true,"href":"https:\/\/www.vidademadrid.com\/es\/wp-json\/wp\/v2\/media\/42258"}],"wp:attachment":[{"href":"https:\/\/www.vidademadrid.com\/es\/wp-json\/wp\/v2\/media?parent=42255"}],"wp:term":[{"taxonomy":"category","embeddable":true,"href":"https:\/\/www.vidademadrid.com\/es\/wp-json\/wp\/v2\/categories?post=42255"},{"taxonomy":"post_tag","embeddable":true,"href":"https:\/\/www.vidademadrid.com\/es\/wp-json\/wp\/v2\/tags?post=42255"}],"curies":[{"name":"wp","href":"https:\/\/api.w.org\/{rel}","templated":true}]}}