{"id":42241,"date":"2022-05-20T11:58:37","date_gmt":"2022-05-20T09:58:37","guid":{"rendered":"https:\/\/www.vidademadrid.com\/es\/?p=42241"},"modified":"2022-05-20T11:58:40","modified_gmt":"2022-05-20T09:58:40","slug":"fiestas-san-babiles-2022-boadilla-monte-programa","status":"publish","type":"post","link":"https:\/\/www.vidademadrid.com\/es\/42241\/fiestas-san-babiles-2022-boadilla-monte-programa\/","title":{"rendered":"El Ayuntamiento de Boadilla celebrar\u00e1 sus fiestas de San Babil\u00e9s"},"content":{"rendered":"<p>El <strong>Ayuntamiento de Boadilla del Monte <\/strong>ha anunciado el regreso de las&nbsp;<strong>fiestas de San Babil\u00e9s.&nbsp;<\/strong>Durante estas fiestas habr\u00e1 actividades infantiles y familiares, presentaciones de danza y eventos deportivos. Conoce toda la informaci\u00f3n en este art\u00edculo.&nbsp;<\/p>\n<h2>Fiestas de San Babil\u00e9s 2022&nbsp;<\/h2>\n\n<script async=\"\" src=\"https:\/\/pagead2.googlesyndication.com\/pagead\/js\/adsbygoogle.js\"><\/script> <ins class=\"adsbygoogle\" style=\"display:block\" data-ad-format=\"fluid\" data-ad-layout-key=\"-7f+eo+1+2-5\" data-ad-client=\"ca-pub-7450064428034605\" data-ad-slot=\"7327027071\"><\/ins><script>(adsbygoogle = window.adsbygoogle || []).push({});<\/script>\n\n<p>Las&nbsp;<strong>fiestas de San Babil\u00e9s&nbsp;<\/strong>del municipio de Boadilla del Monte vuelven del&nbsp;<strong>27 al 30 de mayo&nbsp;<\/strong>arrancando con la inauguraci\u00f3n del estanque y la noria del Palacio del Infante don Luis y con un concierto de las escuelas de m\u00fasica y danza de Boadilla.&nbsp;<\/p>\n<p>Durante esos d\u00edas, habr\u00e1 actividades para todos los p\u00fablicos y se ha anunciado que el d\u00eda&nbsp;<strong>domingo 29&nbsp;<\/strong>habr\u00e1 un servicio gratuito de autob\u00fas para trasladarse al Complejo Deportivo donde se celebrar\u00e1 la&nbsp;<strong>Romer\u00eda de San Babil\u00e9s.&nbsp;<\/strong><\/p>\n<h2>Programa Fiestas de San Babil\u00e9s 2022<\/h2>\n\n<script async=\"\" src=\"https:\/\/pagead2.googlesyndication.com\/pagead\/js\/adsbygoogle.js\"><\/script> <ins class=\"adsbygoogle\" style=\"display:block; text-align:center;\" data-ad-layout=\"in-article\" data-ad-format=\"fluid\" data-ad-client=\"ca-pub-7450064428034605\" data-ad-slot=\"5670045061\"><\/ins> <script>(adsbygoogle = window.adsbygoogle || []).push({});<\/script>\n\n<p>El&nbsp;<strong>Ayuntamiento de Boadilla del Norte&nbsp;<\/strong>ha anunciado el programa completo para estas fiestas que incluyen&nbsp;<strong>actividades infantiles y familiares,&nbsp;<\/strong>la&nbsp;<strong>proyecci\u00f3n de la final de la Champions League&nbsp;<\/strong>en una pantalla gigante y la&nbsp;<strong>Romer\u00eda de San Babil\u00e9s.&nbsp;<\/strong>Aqu\u00ed te compartimos el programa completo para esos d\u00edas.&nbsp;<\/p>\n<figure id=\"attachment_42246\" aria-describedby=\"caption-attachment-42246\" style=\"width: 1080px\" class=\"wp-caption alignnone\"><a href=\"https:\/\/www.vidademadrid.com\/es\/wp-content\/uploads\/2022\/05\/FTHtmMdWQAAl6FJ.jpeg\"><img loading=\"lazy\" decoding=\"async\" class=\"size-full wp-image-42246\" src=\"https:\/\/www.vidademadrid.com\/es\/wp-content\/uploads\/2022\/05\/FTHtmMdWQAAl6FJ.jpeg\" alt=\"\" width=\"1080\" height=\"1920\" srcset=\"https:\/\/www.vidademadrid.com\/es\/wp-content\/uploads\/2022\/05\/FTHtmMdWQAAl6FJ.jpeg 1080w, https:\/\/www.vidademadrid.com\/es\/wp-content\/uploads\/2022\/05\/FTHtmMdWQAAl6FJ-169x300.jpeg 169w, https:\/\/www.vidademadrid.com\/es\/wp-content\/uploads\/2022\/05\/FTHtmMdWQAAl6FJ-576x1024.jpeg 576w, https:\/\/www.vidademadrid.com\/es\/wp-content\/uploads\/2022\/05\/FTHtmMdWQAAl6FJ-768x1365.jpeg 768w, https:\/\/www.vidademadrid.com\/es\/wp-content\/uploads\/2022\/05\/FTHtmMdWQAAl6FJ-864x1536.jpeg 864w, https:\/\/www.vidademadrid.com\/es\/wp-content\/uploads\/2022\/05\/FTHtmMdWQAAl6FJ-696x1237.jpeg 696w, https:\/\/www.vidademadrid.com\/es\/wp-content\/uploads\/2022\/05\/FTHtmMdWQAAl6FJ-1068x1899.jpeg 1068w, https:\/\/www.vidademadrid.com\/es\/wp-content\/uploads\/2022\/05\/FTHtmMdWQAAl6FJ-236x420.jpeg 236w\" sizes=\"auto, (max-width: 1080px) 100vw, 1080px\" \/><\/a><figcaption id=\"caption-attachment-42246\" class=\"wp-caption-text\">Foto: Ayuntamiento de Boadilla del Monte<\/figcaption><\/figure>\n\n\n<p><\/p>\n","protected":false},"excerpt":{"rendered":"<p>Habr\u00e1 actividades para todos los p\u00fablicos. <\/p>\n","protected":false},"author":15,"featured_media":42242,"comment_status":"open","ping_status":"open","sticky":false,"template":"","format":"standard","meta":{"footnotes":""},"categories":[101],"tags":[],"class_list":{"0":"post-42241","1":"post","2":"type-post","3":"status-publish","4":"format-standard","5":"has-post-thumbnail","7":"category-ferias-fiestas-mercados-madrid"},"_links":{"self":[{"href":"https:\/\/www.vidademadrid.com\/es\/wp-json\/wp\/v2\/posts\/42241","targetHints":{"allow":["GET"]}}],"collection":[{"href":"https:\/\/www.vidademadrid.com\/es\/wp-json\/wp\/v2\/posts"}],"about":[{"href":"https:\/\/www.vidademadrid.com\/es\/wp-json\/wp\/v2\/types\/post"}],"author":[{"embeddable":true,"href":"https:\/\/www.vidademadrid.com\/es\/wp-json\/wp\/v2\/users\/15"}],"replies":[{"embeddable":true,"href":"https:\/\/www.vidademadrid.com\/es\/wp-json\/wp\/v2\/comments?post=42241"}],"version-history":[{"count":1,"href":"https:\/\/www.vidademadrid.com\/es\/wp-json\/wp\/v2\/posts\/42241\/revisions"}],"predecessor-version":[{"id":42247,"href":"https:\/\/www.vidademadrid.com\/es\/wp-json\/wp\/v2\/posts\/42241\/revisions\/42247"}],"wp:featuredmedia":[{"embeddable":true,"href":"https:\/\/www.vidademadrid.com\/es\/wp-json\/wp\/v2\/media\/42242"}],"wp:attachment":[{"href":"https:\/\/www.vidademadrid.com\/es\/wp-json\/wp\/v2\/media?parent=42241"}],"wp:term":[{"taxonomy":"category","embeddable":true,"href":"https:\/\/www.vidademadrid.com\/es\/wp-json\/wp\/v2\/categories?post=42241"},{"taxonomy":"post_tag","embeddable":true,"href":"https:\/\/www.vidademadrid.com\/es\/wp-json\/wp\/v2\/tags?post=42241"}],"curies":[{"name":"wp","href":"https:\/\/api.w.org\/{rel}","templated":true}]}}